{"id":506700,"date":"2025-11-02T12:12:14","date_gmt":"2025-11-02T12:12:14","guid":{"rendered":"https:\/\/www.europesays.com\/fr\/506700\/"},"modified":"2025-11-02T12:12:14","modified_gmt":"2025-11-02T12:12:14","slug":"le-forum-nancy-republique-ouvre-le-debat-sur-la-democratie","status":"publish","type":"post","link":"https:\/\/www.europesays.com\/fr\/506700\/","title":{"rendered":"le Forum Nancy R\u00e9publique ouvre le d\u00e9bat sur la d\u00e9mocratie"},"content":{"rendered":"<p>\u00ab\u00a0L\u2019\u00c9tat dans tous ses \u00e9tats \u00ab\u00a0: c\u2019est le th\u00e8me de soci\u00e9t\u00e9, retenu par le Forum Nancy R\u00e9publique (association regroupant les loges de Meurthe-et-Moselle du Grand Orient de France), \u00e0 l\u2019occasion d\u2019une conf\u00e9rence-d\u00e9bat, qui se tiendra ce mercredi 5\u00a0novembre dans les grands salons de l\u2019h\u00f4tel de ville.<\/p>\n<p>Interviendront No\u00eblle Lenoir, ancienne ministre, ancienne membre du conseil constitutionnel\u00a0; Charly Lalo, fondateur du Think Tank \u00ab\u00a0D\u00e9mocratie directe\u00a0\u00bb, <a href=\"https:\/\/www.estrepublicain.fr\/societe\/2025\/08\/22\/un-ancien-haut-fonctionnaire-prend-les-renes-de-l-ordre-du-grand-orient-de-france\" target=\"_blank\" rel=\"noopener\">Pierre Bertinotti<\/a> , Grand Ma\u00eetre du Grand Orient de France, ainsi que <a href=\"https:\/\/www.estrepublicain.fr\/elections\/2024\/07\/03\/dimanche-soir-personne-ne-sera-satisfait\" target=\"_blank\" rel=\"noopener\">Fran\u00e7ois Laval<\/a> , directeur du Campus de Nancy de Sciences Po Paris.<\/p>\n<blockquote class=\"question\"><p>Fran\u00e7ois Laval \u00ab\u00a0L\u2019\u00c9tat dans tous ses \u00e9tats\u00a0\u00bb, en quoi ce th\u00e8me vous a-t-il interpell\u00e9\u00a0?<\/p><\/blockquote>\n<p>\u00ab\u00a0L\u2019observation de la vie politique fran\u00e7aise tout d\u2019abord. Ce qui se passe aussi dans d\u2019autres pays, tels que la Russie ou les \u00c9tats-Unis ensuite, sans parler de certaines d\u00e9clarations, qui ces derniers mois, remettent en cause le fonctionnement de notre d\u00e9mocratie, et tendraient m\u00eame \u00e0 insinuer qu\u2019elle est en danger.\u00a0\u00bb<\/p>\n<blockquote class=\"question\"><p>Est-ce le cas\u00a0?<\/p><\/blockquote>\n<p>\u00ab\u00a0Pas pour l\u2019instant en France, o\u00f9 celle-ci peut s\u2019appuyer sur des r\u00e8gles stables, qui prot\u00e8gent les droits fondamentaux de tout un chacun. N\u00e9anmoins, deux sympt\u00f4mes sont particuli\u00e8rement inqui\u00e9tants.\u00a0\u00bb<\/p>\n<blockquote class=\"question\"><p>Lesquels\u00a0?<\/p><\/blockquote>\n<p>\u00ab\u00a0Le premier concerne la <a href=\"https:\/\/www.estrepublicain.fr\/elections\/2022\/04\/10\/la-participation-au-premier-tour-s-eleve-a-25-19-a-midi-en-meurthe-et-moselle\" target=\"_blank\" rel=\"noopener\">baisse progressive du taux de participation<\/a>. Il ne touche pas trop encore l\u2019\u00e9lection pr\u00e9sidentielle, m\u00eame si nous n\u2019atteignons plus le chiffre de 85\u00a0% enregistr\u00e9 dans les ann\u00e9es 60. Les autres scrutins en revanche, affiche une baisse plus significative. \u00c0 ce constat, s\u2019ajoute aussi le <a href=\"https:\/\/www.estrepublicain.fr\/elections\/2022\/04\/28\/en-lorraine-que-represente-les-votes-blancs-et-nuls-parmi-les-bulletins-depouilles\" target=\"_blank\" rel=\"noopener\">nombre croissant de bulletins blancs ou nuls<\/a> , surtout les nuls d\u2019ailleurs, qui traduisent la volont\u00e9 de passer un message \u00e0 la classe politique. J\u2019ai en m\u00e9moire un exemple particuli\u00e8rement r\u00e9v\u00e9lateur. Un homme avait gliss\u00e9 sa photo dans l\u2019enveloppe avec ce message on ne peut plus clair\u00a0: \u201cje mets ce bulletin parce que le pav\u00e9 ne rentrait pas dans l\u2019enveloppe\u201d\u2026\u00bb<\/p>\n<blockquote class=\"question\"><p>Second sympt\u00f4me\u00a0?<\/p><\/blockquote>\n<p>\u00ab\u00a0Il appara\u00eet tr\u00e8s clairement dans les conclusions d\u2019une enqu\u00eate men\u00e9e par le centre de recherches politiques de Sciences Po (CEVIPOV). Celle-ci confirme une <a href=\"https:\/\/www.estrepublicain.fr\/actualite\/2017\/11\/22\/il-y-a-un-probleme-de-confiance-entre-les-elus-et-le-gouvernement\" target=\"_blank\" rel=\"noopener\">crise d\u00e9mocratique enracin\u00e9e, avec une perte de confiance dans les institutions nationales<\/a> , et plus particuli\u00e8rement les \u00e9lus.\u00a0\u00bb<\/p>\n<blockquote class=\"question\"><p>Si ce mouvement s\u2019amplifiait, la d\u00e9mocratie pourrait-elle \u00eatre en danger\u00a0?<\/p><\/blockquote>\n<p>\u00ab\u00a0Oui sans aucun doute. Si la population ne vote plus, ou si elle d\u00e9cide, comme c\u2019est le cas en Russie ou aux \u00c9tats-Unis, d\u2019avoir recours \u00e0 un homme fort, qui instaure une d\u00e9mocratie illib\u00e9rale, ou une autocratie \u00e9lective, en clair un r\u00e9gime centralis\u00e9, ce serait au m\u00e9pris de l\u2019\u00c9tat de droit, garant de l\u2019\u00e9galit\u00e9 des citoyens.\u00a0\u00bb<\/p>\n<blockquote class=\"question\"><p>Comment se pr\u00e9munir d\u2019une telle d\u00e9rive\u00a0?<\/p><\/blockquote>\n<p>\u00ab\u00a0D\u2019une part en r\u00e9affirmant le caract\u00e8re supr\u00eame de la constitution. D\u2019autre part en maintenant fermement le principe de s\u00e9paration des pouvoirs, afin que les droits fondamentaux soient prot\u00e9g\u00e9s. Notamment par les juges constitutionnels.\u00a0\u00bb<\/p>\n<p class=\"note\">Mercredi 5\u00a0novembre \u00e0 19\u00a0h\u00a030. Grands salons de l\u2019h\u00f4tel de ville de Nancy. Entr\u00e9e libre.<\/p>\n","protected":false},"excerpt":{"rendered":"\u00ab\u00a0L\u2019\u00c9tat dans tous ses \u00e9tats \u00ab\u00a0: c\u2019est le th\u00e8me de soci\u00e9t\u00e9, retenu par le Forum Nancy R\u00e9publique (association&hellip;\n","protected":false},"author":2,"featured_media":506701,"comment_status":"","ping_status":"","sticky":false,"template":"","format":"standard","meta":{"footnotes":""},"categories":[9635],"tags":[1111,11,1707,1704,1706,1705,1777,674,1011,27,775,1702,1703,12,25,104],"class_list":{"0":"post-506700","1":"post","2":"type-post","3":"status-publish","4":"format-standard","5":"has-post-thumbnail","7":"category-nancy","8":"tag-actu","9":"tag-actualites","10":"tag-edition-luneville","11":"tag-edition-nancy-et-agglomeration","12":"tag-edition-pont-a-mousson","13":"tag-edition-toul","14":"tag-eu","15":"tag-europe","16":"tag-fr","17":"tag-france","18":"tag-grand-est","19":"tag-nancy","20":"tag-nancy-ville-54b","21":"tag-news","22":"tag-republique-francaise","23":"tag-societe"},"share_on_mastodon":{"url":"https:\/\/pubeurope.com\/@fr\/115480044696658262","error":""},"_links":{"self":[{"href":"https:\/\/www.europesays.com\/fr\/wp-json\/wp\/v2\/posts\/506700","targetHints":{"allow":["GET"]}}],"collection":[{"href":"https:\/\/www.europesays.com\/fr\/wp-json\/wp\/v2\/posts"}],"about":[{"href":"https:\/\/www.europesays.com\/fr\/wp-json\/wp\/v2\/types\/post"}],"author":[{"embeddable":true,"href":"https:\/\/www.europesays.com\/fr\/wp-json\/wp\/v2\/users\/2"}],"replies":[{"embeddable":true,"href":"https:\/\/www.europesays.com\/fr\/wp-json\/wp\/v2\/comments?post=506700"}],"version-history":[{"count":0,"href":"https:\/\/www.europesays.com\/fr\/wp-json\/wp\/v2\/posts\/506700\/revisions"}],"wp:featuredmedia":[{"embeddable":true,"href":"https:\/\/www.europesays.com\/fr\/wp-json\/wp\/v2\/media\/506701"}],"wp:attachment":[{"href":"https:\/\/www.europesays.com\/fr\/wp-json\/wp\/v2\/media?parent=506700"}],"wp:term":[{"taxonomy":"category","embeddable":true,"href":"https:\/\/www.europesays.com\/fr\/wp-json\/wp\/v2\/categories?post=506700"},{"taxonomy":"post_tag","embeddable":true,"href":"https:\/\/www.europesays.com\/fr\/wp-json\/wp\/v2\/tags?post=506700"}],"curies":[{"name":"wp","href":"https:\/\/api.w.org\/{rel}","templated":true}]}}