{"id":506702,"date":"2025-11-02T12:15:22","date_gmt":"2025-11-02T12:15:22","guid":{"rendered":"https:\/\/www.europesays.com\/fr\/506702\/"},"modified":"2025-11-02T12:15:22","modified_gmt":"2025-11-02T12:15:22","slug":"31-elus-de-la-majorite-signent-une-tribune-libre-pour-soutenir-michel-bonnus","status":"publish","type":"post","link":"https:\/\/www.europesays.com\/fr\/506702\/","title":{"rendered":"31 \u00e9lus de la majorit\u00e9 signent une \u00ab\u00a0tribune libre\u00a0\u00bb pour soutenir Michel Bonnus"},"content":{"rendered":"<p class=\"fs-5 \">Dans ce (long) texte, ces adjoints au maire et autres conseillers municipaux, m\u00e9tropolitains ou d\u00e9partementaux soulignent \u00ab la transformation de Toulon engag\u00e9e par Hubert Falco \u00bb et leur volont\u00e9 de la \u00ab poursuivre \u00bb aux c\u00f4t\u00e9s de Michel Bonnus. D\u2019apr\u00e8s eux, le s\u00e9nateur LR \u00ab s\u2019inscrit dans la continuit\u00e9 d\u2019un h\u00e9ritage collectif, d\u2019un bilan dont [ils sont] fiers et d\u2019une action municipale ambitieuse et coh\u00e9rente \u00bb. D\u2019apr\u00e8s eux encore, il s\u2019agit l\u00e0 du \u00ab combat \u00bb d\u2019une \u00ab \u00e9quipe soud\u00e9e, exp\u00e9riment\u00e9e et mobilis\u00e9e pour prot\u00e9ger et prolonger l\u2019\u0153uvre de reconstruction entreprise depuis 2001 \u00bb.<\/p>\n<p>                                                                                La maire Jos\u00e9e Massi en minorit\u00e9<\/p>\n<p class=\"fs-5 \">L\u2019identit\u00e9 des signataires de la tribune ou son contenu n\u2019est pas r\u00e9ellement une surprise. Le timing, non plus, loin d\u2019\u00eatre anodin. Il intervient alors que l\u2019actuelle maire Jos\u00e9e Massi \u2013 dont le nom n\u2019est aucunement cit\u00e9 dans le document \u2013 laisse toujours planer le suspense sur son \u00e9ventuelle candidature au scrutin de l\u2019an prochain. Hyperactive sur le terrain, tr\u00e8s pr\u00e9sente sur les r\u00e9seaux sociaux, celle-ci, qui s\u2019est dite \u00ab bless\u00e9e \u00bb par le l\u00e2chage d\u2019Hubert Falco \u00e0 la rentr\u00e9e (nos \u00e9ditions pr\u00e9c\u00e9dentes), g\u00eane clairement la campagne de Michel Bonnus. \u00c0 cinq mois des \u00e9lections, le camp du centre-droit n\u2019est toujours pas parvenu \u00e0 l\u2019unit\u00e9.<\/p>\n<p>            <img src=\"https:\/\/www.europesays.com\/fr\/wp-content\/uploads\/2025\/09\/1759190476_524_b43c960_ftp-import-images-1-x7yyo2twf5yq-20250926nim0225.jpg\"   loading=\"lazy\" decoding=\"async\" alt=\"Michel Bonnus au pupitre devant des centaines de Toulonnais.\" class=\"img-fluid position-absolute w-100 object-fit-cover rounded-2\" width=\"600\" height=\"400\"\/><\/p>\n<p class=\"fs-5 \">Dans ce contexte, la tribune semble avoir vocation \u00e0 engager un rapport de force pour contraindre ce \u00ab renouvellement indispensable \u00bb. \u00c0 compter les troupes, aussi. Car sur les cinquante membres de la majorit\u00e9 municipale, \u00ab seuls \u00bb dix-neuf, finalement, ne se prononcent pas de mani\u00e8re explicite pour Michel Bonnus. Et, on le sait, une partie de ces derniers, qui pour certains souhaitent s\u2019\u00e9loigner de la politique, ne s\u2019engagera pas non plus derri\u00e8re Jos\u00e9e Massi. Bref, l\u2019\u00e9dile, qui peut compter sur l\u2019ancienne d\u00e9put\u00e9e Genevi\u00e8ve Levy, H\u00e9l\u00e8ne Audibert ou encore Patrice Cazaux, est d\u00e9sormais plus que jamais en \u00ab minorit\u00e9 \u00bb au sein de l\u2019h\u00f4tel de ville.<\/p>\n<p class=\"fs-5 \">L\u2019avenir dira si une r\u00e9conciliation est possible entre les deux camps, pr\u00e9alable indispensable pour esp\u00e9rer battre dans les urnes la quasi-candidate d\u2019extr\u00eame droite Laure Lavalette. La championne du Rassemblement national est d\u2019ailleurs relativement \u00e9pargn\u00e9e dans cette tribune libre, qui \u00e9voque \u00e0 peine \u00ab une responsabilit\u00e9 collective \u00bb \u00ab face \u00e0 la mont\u00e9e des radicalismes \u00bb et leurs \u00ab menaces tr\u00e8s concr\u00e8tes \u00bb. Chaque combat en son temps ?<\/p>\n","protected":false},"excerpt":{"rendered":"Dans ce (long) texte, ces adjoints au maire et autres conseillers municipaux, m\u00e9tropolitains ou d\u00e9partementaux soulignent \u00ab la&hellip;\n","protected":false},"author":2,"featured_media":506703,"comment_status":"","ping_status":"","sticky":false,"template":"","format":"standard","meta":{"footnotes":""},"categories":[9619],"tags":[1111,11,1777,674,1011,27,3434,12,882,25,2310],"class_list":{"0":"post-506702","1":"post","2":"type-post","3":"status-publish","4":"format-standard","5":"has-post-thumbnail","7":"category-toulon","8":"tag-actu","9":"tag-actualites","10":"tag-eu","11":"tag-europe","12":"tag-fr","13":"tag-france","14":"tag-municipales-2026","15":"tag-news","16":"tag-provence-alpes-cote-dazur","17":"tag-republique-francaise","18":"tag-toulon"},"share_on_mastodon":{"url":"https:\/\/pubeurope.com\/@fr\/115480057217099743","error":""},"_links":{"self":[{"href":"https:\/\/www.europesays.com\/fr\/wp-json\/wp\/v2\/posts\/506702","targetHints":{"allow":["GET"]}}],"collection":[{"href":"https:\/\/www.europesays.com\/fr\/wp-json\/wp\/v2\/posts"}],"about":[{"href":"https:\/\/www.europesays.com\/fr\/wp-json\/wp\/v2\/types\/post"}],"author":[{"embeddable":true,"href":"https:\/\/www.europesays.com\/fr\/wp-json\/wp\/v2\/users\/2"}],"replies":[{"embeddable":true,"href":"https:\/\/www.europesays.com\/fr\/wp-json\/wp\/v2\/comments?post=506702"}],"version-history":[{"count":0,"href":"https:\/\/www.europesays.com\/fr\/wp-json\/wp\/v2\/posts\/506702\/revisions"}],"wp:featuredmedia":[{"embeddable":true,"href":"https:\/\/www.europesays.com\/fr\/wp-json\/wp\/v2\/media\/506703"}],"wp:attachment":[{"href":"https:\/\/www.europesays.com\/fr\/wp-json\/wp\/v2\/media?parent=506702"}],"wp:term":[{"taxonomy":"category","embeddable":true,"href":"https:\/\/www.europesays.com\/fr\/wp-json\/wp\/v2\/categories?post=506702"},{"taxonomy":"post_tag","embeddable":true,"href":"https:\/\/www.europesays.com\/fr\/wp-json\/wp\/v2\/tags?post=506702"}],"curies":[{"name":"wp","href":"https:\/\/api.w.org\/{rel}","templated":true}]}}