{"id":506712,"date":"2025-11-02T12:22:29","date_gmt":"2025-11-02T12:22:29","guid":{"rendered":"https:\/\/www.europesays.com\/fr\/506712\/"},"modified":"2025-11-02T12:22:29","modified_gmt":"2025-11-02T12:22:29","slug":"avec-l-ruffin-piolle-na-pas-renonce-a-la-presidence-de-la-metro","status":"publish","type":"post","link":"https:\/\/www.europesays.com\/fr\/506712\/","title":{"rendered":"AVEC L. RUFFIN, PIOLLE N&rsquo;A PAS RENONC\u00c9 \u00c0 LA PR\u00c9SIDENCE DE LA M\u00c9TRO"},"content":{"rendered":"<p>Posted On 2 novembre 2025 <\/p>\n<p style=\"text-align: justify;\"><a href=\"https:\/\/grenoble-le-changement.fr\/2025\/09\/20\/municipales-a-grenoble-piolle-fait-derailler-les-verts\/\" target=\"_blank\" rel=\"noopener\">D\u00e9sormais has been \u00e0 Paris<\/a>, barr\u00e9 par son parti qui <a href=\"https:\/\/grenoble-le-changement.fr\/2025\/09\/18\/eric-piolle-soupconne-dun-montage-financier-suspendu-de-ses-fonctions-chez-les-verts\/\" target=\"_blank\" rel=\"noopener\">le juge judiciairement sulfureux<\/a>, Piolle esseul\u00e9 et sans perspective, retombe sur Grenoble. O\u00f9 il va devenir tr\u00e8s encombrant <a href=\"https:\/\/grenoble-le-changement.fr\/2025\/10\/30\/la-course-a-la-radicalite-et-les-divisions-etouffent-laurence-ruffin-verts\/\" target=\"_blank\" rel=\"noopener\">pour sa candidate de plus en plus transparente,<\/a> Laurence Ruffin.\u00a0<\/p>\n<p style=\"text-align: justify;\">Selon des sources d&rsquo;informations concordantes il n&rsquo;aurait pas renonc\u00e9 \u00e0<a href=\"https:\/\/grenoble-le-changement.fr\/2024\/10\/27\/piolle-prepare-sa-tentative-de-recyclage-a-la-metropole\/\" target=\"_blank\" rel=\"noopener\"> briguer la Pr\u00e9sidence de la M\u00e9tropole<\/a> en figurant sur la liste Ruffin ! Il avait sembl\u00e9 reculer apr\u00e8s sa d\u00e9cision de r\u00e9duire la repr\u00e9sentativit\u00e9 de certaines communes, accentuant l&rsquo;injustice entre les citoyens. Elle a soulev\u00e9 la col\u00e8re de nombreux Maires.\u00a0<\/p>\n<p><a href=\"https:\/\/grenoble-le-changement.fr\/wp-content\/uploads\/2025\/11\/Piolle-supsendu-.png\" rel=\"lightbox[85889] noopener\" target=\"_blank\"><img decoding=\"async\" data-id=\"85891\" src=\"https:\/\/grenoble-le-changement.fr\/wp-content\/uploads\/2025\/11\/Piolle-supsendu--1024x681.png\" alt=\"\" class=\"wp-image-85891 jetpack-lazy-image\" data-lazy-src=\"https:\/\/www.europesays.com\/fr\/wp-content\/uploads\/2025\/11\/Piolle-supsendu--1024x681.png\" \/><\/a><\/p>\n<p><a href=\"https:\/\/grenoble-le-changement.fr\/wp-content\/uploads\/2025\/11\/Piolle-Majorite\u0301-triste-mine-29925-.png\" rel=\"lightbox[85889] noopener\" target=\"_blank\"><img decoding=\"async\" data-id=\"85890\" src=\"https:\/\/grenoble-le-changement.fr\/wp-content\/uploads\/2025\/11\/Piolle-Majorite\u0301-triste-mine-29925--1024x601.png\" alt=\"\" class=\"wp-image-85890 jetpack-lazy-image\" data-lazy-src=\"https:\/\/www.europesays.com\/fr\/wp-content\/uploads\/2025\/11\/Piolle-Majorite\u0301-triste-mine-29925--1024x601.png\" \/><\/a><br \/>\nPiolle et ce qui reste de sa majorit\u00e9 divis\u00e9e et affaiblie <\/p>\n<p><strong>LES VERTS TAPENT \u00c0 LA PORTE DE CEUX QU&rsquo;ILS ONT COMBATTU<\/strong><\/p>\n<p style=\"text-align: justify;\">On comprend pourquoi dans les communes o\u00f9 ils n&rsquo;ont aucune chance, \u00e0 St Martin d&rsquo;H\u00e8res et \u00e0 Pont de Claix par exemple, les Rouge\/Verts frappent \u00e0 la porte des Maires sortants qu&rsquo;ils ont durement combattu jusque-l\u00e0 pour faire partie de la majorit\u00e9 municipale. Il s&rsquo;agit de d\u00e9crocher un si\u00e8ge \u00e0 la M\u00e9tropole pour faire une voix \u00e0 Piolle. \u00ab\u00a0Il est temps de faire la paix\u00a0\u00bb (DL du 27\/10.25) affirme Denise Faivre au nom des \u00ab\u00a0\u00e9cologistes\u00a0\u00bb de St Martin d&rsquo;H\u00e8res en direction de David Queiros (PCF) dont ils ont contest\u00e9 toutes les d\u00e9cisions d&rsquo;am\u00e9nagement !<\/p>\n<p style=\"text-align: justify;\"><strong>CARDIN, AMADIEU, CHOLAT PR\u00c9PARAIENT UNE PISTE D&rsquo;ATTERRISSAGE<\/strong><\/p>\n<p style=\"text-align: justify;\">Pas certain que ce nouveau mouvement de sauvetage de Piolle soit appr\u00e9ci\u00e9 chez les Conseillers M\u00e9tropolitains. Philippe Cardin, Maire (PS) de Meylan, m\u00eame Laurent Amadieu, Maire (Rouge\/Verts) de St-Egr\u00e8ve, ex apparatchik des Verts, ont pris une initiative pour parler du 3\u00e8me tour avec un affid\u00e9 de Piolle, le Maire de Champagnier,<a href=\"https:\/\/grenoble-le-changement.fr\/2021\/05\/15\/champagnier-f-cholat-le-vert-qui-coupe-les-tetes\/\" target=\"_blank\" rel=\"noopener\"> Florent Cholat, copie conforme en sectarisme<\/a> du Grand Timonier, qui\u00a0 si\u00e8ge d&rsquo;ailleurs \u00e0 la gauche de Piolle au Conseil M\u00e9tropolitain. C&rsquo;est dire. Il s&rsquo;agissait de pr\u00e9parer la piste pour une candidature de l&rsquo;un d&rsquo;eux, c&rsquo;est \u00e0 dire tout changer pour que rien ne change.\u00a0<\/p>\n<p style=\"text-align: justify;\"><strong>UNE INITIATIVE SANS SUCCES\u00a0<\/strong><\/p>\n<p style=\"text-align: justify;\">Pr\u00e9senter un profil en apparence moins anguleux que Piolle pour mettre \u00e0 nouveau les Conseillers M\u00e9tropolitains en rangs serr\u00e9s derri\u00e8re la m\u00eame politique id\u00e9ologique qui a fait tant de mal au territoire. Une initiative sans succ\u00e8s car les \u00e9lus de la majorit\u00e9 sont m\u00e9fiants et ne savent pas \u00e0 quelle sauce ils vont \u00eatre mang\u00e9s.<\/p>\n<p><img decoding=\"async\" data-id=\"62930\" src=\"https:\/\/grenoble-le-changement.fr\/wp-content\/uploads\/2023\/06\/Piolle-Amadieu-.png\" alt=\"\" class=\"wp-image-62930 jetpack-lazy-image\" data-lazy-src=\"https:\/\/www.europesays.com\/fr\/wp-content\/uploads\/2025\/11\/Piolle-Amadieu-.png\" \/><\/p>\n<p><img decoding=\"async\" data-id=\"43166\" src=\"https:\/\/grenoble-le-changement.fr\/wp-content\/uploads\/2020\/10\/Cholat-Champagnier-.jpg\" alt=\"\" class=\"wp-image-43166 jetpack-lazy-image\" data-lazy-src=\"https:\/\/www.europesays.com\/fr\/wp-content\/uploads\/2025\/11\/Cholat-Champagnier-.jpg\" \/><br \/>\nLaurent Amadieu avec Eric Piolle, Florent Cholat, Maire de Champagnier, affid\u00e9 de Piolle<\/p>\n<p><strong>P. CARDIN S&rsquo;\u00c9TAIT POURTANT HEURT\u00c9 A LA RADICALIT\u00c9 DE PIOLLE<\/strong><\/p>\n<p style=\"text-align: justify;\">Etonnant de la part d&rsquo;un Philippe Cardin qui avait \u00e9t\u00e9 heurt\u00e9 par nombre d&rsquo;op\u00e9rations de politique politicienne de la majorit\u00e9 grenobloise. On se souvient de son \u00e9c\u0153urement quand la d\u00e9magogie de Piolle et de ses amis s&rsquo;\u00e9tait d\u00e9vers\u00e9e \u00e0 propos de la ZFE. Il avait \u00e9crit un mail \u00e0 ses coll\u00e8gues pour tenter \u00ab\u00a0d&rsquo;infl\u00e9chir la radicalit\u00e9 de Piolle\u00a0\u00bb estimant que l&rsquo;expression \u00ab\u00a0cadavre\u00a0\u00bb qu&rsquo;il avait utilis\u00e9 ne pouvait que heurter fortement compte tenu du travail effectu\u00e9.\u00a0<\/p>\n<p style=\"text-align: justify;\"><strong>L&rsquo;\u00c9VENTUEL RETOUR DE PIOLLE N&rsquo;ARRANGE PERSONNE<\/strong><\/p>\n<p style=\"text-align: justify;\">Les m\u00eames voudraient aujourd&rsquo;hui passer entre les gouttes et pr\u00e9parer un \u00ab\u00a0troisi\u00e8me tour\u00a0\u00bb &#8211; l&rsquo;\u00e9lection du Pr\u00e9sident de la M\u00e9tropole &#8211; qui leur permette de garder le pouvoir. Or Piolle est un repoussoir autant dans les populations que chez les \u00e9lus. Ils d\u00e9sirent faire la m\u00eame chose, mais sans lui.\u00a0<\/p>\n<p style=\"text-align: justify;\">L&rsquo;\u00e9ventuel retour de Piolle ne les arrange pas. Ni Laurence Ruffin d\u00e9j\u00e0 encalmin\u00e9e par la faiblesse des soutiens. En r\u00e9alit\u00e9 limit\u00e9s \u00e0 ce qui reste des Verts\/Ades du <a href=\"https:\/\/grenoble-le-changement.fr\/raymond-avrillier-le-tartuffe-rouge-verts-bouge-encore\/\" target=\"_blank\" rel=\"noopener\">clan Avrillier\/Comparat<\/a> \u00e0 la man\u0153uvre. Mais les adeptes des coups tordus ont plut\u00f4t plomb\u00e9 sa campagne avec le sondage cens\u00e9 la servir.\u00a0<\/p>\n<p style=\"text-align: justify;\"><strong>R. AVRILLIER REFUSE DE PUBLIER LE R\u00c9SULTAT DU SECOND TOUR\u00a0<\/strong><\/p>\n<p style=\"text-align: justify;\">En <a href=\"https:\/\/grenoble-le-changement.fr\/2025\/10\/05\/sondage-l-ruffin-et-r-avrillier-ont-menti-aux-grenoblois\/\" target=\"_blank\" rel=\"noopener\">refusant de publier les r\u00e9sultats du second tour du sondage<\/a> qu&rsquo;ils ont fait r\u00e9aliser par Cluster17, ils introduisent une hypoth\u00e8se s\u00e9rieuse sur l&rsquo;\u00e9chec de leur candidate. Alain Carignon n&rsquo;a pas manqu\u00e9, avec un grand sourire, <a href=\"https:\/\/grenoble-le-changement.fr\/2025\/10\/28\/debat-carignon-brunon-lfi-agir-ou-ne-rien-faire-face-a-linsecurite\/\" target=\"_blank\" rel=\"noopener\">d&rsquo;en faire \u00e9tat face \u00e0 Jordan Gu\u00e9ant sur France 3 Alpes<\/a>. Pour justifier de cette opacit\u00e9, le chantre de la transparence, Raymond Avrillier, r\u00e9pond sur son site s&rsquo;arroger \u00ab\u00a0un droit \u00e0 publier et un droit \u00e0 ne pas publier\u00a0\u00bb ! La Tartufferie est \u00e0 son comble.\u00a0<\/p>\n<p><a href=\"https:\/\/grenoble-le-changement.fr\/wp-content\/uploads\/2025\/11\/Ruffin-embarras-majorite\u0301-.png\" rel=\"lightbox[85889] noopener\" target=\"_blank\"><img decoding=\"async\" data-id=\"85892\" src=\"https:\/\/grenoble-le-changement.fr\/wp-content\/uploads\/2025\/11\/Ruffin-embarras-majorite\u0301--1024x723.png\" alt=\"\" class=\"wp-image-85892 jetpack-lazy-image\" data-lazy-src=\"https:\/\/www.europesays.com\/fr\/wp-content\/uploads\/2025\/11\/Ruffin-embarras-majorite\u0301--1024x723.png\" \/><\/a><br \/>\n<a target=\"_blank\" href=\"https:\/\/www.grenoblemag.com\/article\/2176\/grenoble-la-mise-en-cause-des-activites-de-laurence-ruffin-embarrasse-la-majorite-municipale\" rel=\"noopener\">Pour GrenobleMag, les r\u00e9v\u00e9lations du Postillon embarrassent<\/a> la majorit\u00e9 municipale <\/p>\n<p><strong>L. LHEUREUX, Y. MONGABURU, N. B\u00c9RON-PEREZ ABANDONNENT RUFFIN<\/strong><\/p>\n<p style=\"text-align: justify;\">Le maintien de Piolle dans le jeu accentuerait <a href=\"https:\/\/grenoble-le-changement.fr\/2025\/09\/23\/les-verts-dechires-par-la-candidature-de-laurence-ruffin\/\" target=\"_blank\" rel=\"noopener\">les divisions des Verts<\/a>. Lucille Lheureux, la fid\u00e8le Adjointe est &#8211; pour l&rsquo;instant &#8211; <a href=\"https:\/\/grenoble-le-changement.fr\/2025\/09\/24\/une-nouvelle-affaire-financiere-explosive-pour-les-verts\/\" target=\"_blank\" rel=\"noopener\">toujours en cong\u00e9s maladie d&rsquo;\u00e9lue depuis le sort qui lui a \u00e9t\u00e9 r\u00e9serv\u00e9 <\/a>: menaces, intimidations&#8230; Yann Mongaburu, l&rsquo;autre ex \u00e9toile montante a disparu des radars, tout comme un homme cl\u00e9 du PCF, Nicolas B\u00e9ron-Perez, ex Vice-Pr\u00e9sident au logement de la M\u00e9tropole. Ne s&rsquo;accrochent que ces \u00e9lues qui veulent garder leur poste : Keira Capdepon, C\u00e9line Deslattes, Margot Belair&#8230; Les raisons sont connues.\u00a0<\/p>\n<p style=\"text-align: justify;\"><strong>A. BRUNON (LFI) MET ALAN CONFESSON (LFI) EN COL\u00c8RE<\/strong><\/p>\n<p style=\"text-align: justify;\">C\u00f4t\u00e9 LFI, Allan Brunon, soutenu par la D\u00e9put\u00e9e Elisa Matin a pris le leadership de ce camp, suscitant la col\u00e8re d&rsquo;Alan Confesson, de son ex compagne Emilie Marche, Conseill\u00e8re R\u00e9gionale, tous deux exclus du parti. Un Confesson, qui, comme Lucille Lheureux chez les Verts \u00e9voque des \u00ab\u00a0insultes, menaces, agressions verbales\u00a0\u00bb, jusqu&rsquo;au \u00ab\u00a0harc\u00e8lement\u00a0\u00bb et \u00e0 la suspicion permanente, ainsi que l&rsquo;utilisation de la diffamation comme \u00ab\u00a0arme argumentative\u00a0\u00bb.<\/p>\n<p style=\"text-align: justify;\"><strong>HAKIM SABRI (Verts\/LFI) RECONNAIT L&rsquo;INTER\u00caT SINC\u00c8RE DE CARIGNON POUR LES GRENOBLOIS<\/strong><\/p>\n<p style=\"text-align: justify;\">La Marie Chantal de Piolle s&rsquo;\u00e9tonne que ses g\u00e9n\u00e9ralit\u00e9s vaporeuses sur \u00ab\u00a0la coop\u00e9ration,<a href=\"https:\/\/grenoble-le-changement.fr\/2025\/10\/19\/sante-la-liste-piolle-ruffin-trompe-les-grenoblois\/\" target=\"_blank\" rel=\"noopener\"> la sant\u00e9\u00a0\u00bb<\/a> et on ne sait quoi, paraissent une autre plan\u00e8te e<a href=\"https:\/\/grenoble-le-changement.fr\/2025\/09\/28\/laurence-ruffin-le-piollisme-2-0-lance-sa-campagne-a-grenoble\/\" target=\"_blank\" rel=\"noopener\">t emp\u00eachent sa campagne de d\u00e9coller<\/a>. Ah ! Ces ploucs de Grenoblois qui ne comprennent rien ! Le retour de Piolle dans ce champ de mines ne devrait pas contribuer \u00e0 d\u00e9samorcer les conflits&#8230;.<\/p>\n<p><a href=\"https:\/\/grenoble-le-changement.fr\/wp-content\/uploads\/2025\/11\/Capture-de\u0301cran-2025-11-01-a\u0300-13.30.07.png\" rel=\"lightbox[85889] noopener\" target=\"_blank\"><img decoding=\"async\" data-id=\"85893\" src=\"https:\/\/grenoble-le-changement.fr\/wp-content\/uploads\/2025\/11\/Capture-de\u0301cran-2025-11-01-a\u0300-13.30.07-1024x251.png\" alt=\"\" class=\"wp-image-85893 jetpack-lazy-image\" data-lazy-src=\"https:\/\/www.europesays.com\/fr\/wp-content\/uploads\/2025\/11\/Capture-de\u0301cran-2025-11-01-a\u0300-13.30.07-1024x251.png\" \/><\/a><br \/>\nCe commentaire de Hakim Sabri, ex Adjoint au Maire (Verts\/LFI) de Piolle publi\u00e9 sur Facebook a fait beaucoup parler \u00e0 Grenoble <\/p>\n<p><a href=\"https:\/\/grenoble-le-changement.fr\/wp-content\/uploads\/2025\/11\/Capture-de\u0301cran-2025-11-01-a\u0300-13.32.31.png\" rel=\"lightbox[85889] noopener\" target=\"_blank\"><img decoding=\"async\" data-id=\"85894\" src=\"https:\/\/grenoble-le-changement.fr\/wp-content\/uploads\/2025\/11\/Capture-de\u0301cran-2025-11-01-a\u0300-13.32.31-1024x944.png\" alt=\"\" class=\"wp-image-85894 jetpack-lazy-image\" data-lazy-src=\"https:\/\/www.europesays.com\/fr\/wp-content\/uploads\/2025\/11\/Capture-de\u0301cran-2025-11-01-a\u0300-13.32.31-1024x944.png\" \/><\/a><br \/>\nPour \u00e9viter toute ambig\u00fcit\u00e9 sur \u00ab\u00a0le lieu improbable\u00a0\u00bb, Alain Carignon a publi\u00e9 sur sa page Facebook le diner auquel il a particip\u00e9 samedi soir avec Anouchka Michard et leur ami Boubakar Tounkara au restaurant Africain chez Pascal, on distingue au fond, \u00e0 une autre table, Hakim Sabri, ex Adjoint au Maire d&rsquo;Eric Piolle <\/p>\n<p><strong>L. RUFFIN AFFAIBLIE PAR TOUTES LES DIVISIONS<\/strong><\/p>\n<p style=\"text-align: justify;\">\u00c0 cette heure <a href=\"https:\/\/grenoble-le-changement.fr\/2025\/10\/14\/lexplosion-facon-puzzle-des-verts-lfi-se-poursuit-a-grenoble\/\" target=\"_blank\" rel=\"noopener\">la majorit\u00e9 sortante continue \u00e0 se d\u00e9liter<\/a>. On voit mal comment Laurence Ruffin, contest\u00e9e sur la sinc\u00e9rit\u00e9 de ses affaires, contest\u00e9e par une partie des Verts, abandonn\u00e9e par LFI, pourrait paraitre renforc\u00e9e par la pr\u00e9sence d&rsquo;un Eric Piolle qui h\u00e9risse tout Grenoble.\u00a0<\/p>\n<p style=\"text-align: justify;\"><strong>ET SI ELLE D\u00c9VISSAIT COMME J\u00c9R\u00d4ME SAFAR ?\u00a0<\/strong><\/p>\n<p style=\"text-align: justify;\">\u00ab\u00a0Mesurer le point de d\u00e9part d\u2019une campagne avec une t\u00eate de liste peu connue du grand public. Le r\u00e9sultat est satisfaisant et ne peut que s\u2019am\u00e9liorer, puisque la campagne de Laurence Ruffin ne fait que commencer\u00a0\u00bb \u00e9crit, pour se rassurer, <a href=\"https:\/\/grenoble-le-changement.fr\/raymond-avrillier-le-tartuffe-rouge-verts-bouge-encore\/\" target=\"_blank\" rel=\"noopener\">Raymond Avrillier<\/a> sur le site de l&rsquo;ADES. Et si , au contraire, ce \u00ab\u00a0point de d\u00e9part\u00a0\u00bb, \u00e9tait un sommet depuis lequel la candidate de Piolle d\u00e9visserait comme J\u00e9r\u00f4me Safar (PS), le successeur d\u00e9sign\u00e9 de Michel Destot en 2014 ?\u00a0<\/p>\n<p style=\"text-align: justify;\"><strong>COMMENT L&rsquo;EMP\u00caCHER D&rsquo;EMPRUNTER LE M\u00caME TOBOGGAN ?\u00a0<\/strong><\/p>\n<p style=\"text-align: justify;\">\u00c0 ce stade de la campagne toute la nomenklatura locale, accroch\u00e9e \u00e0 son pouvoir, t\u00e9tanis\u00e9e par les r\u00e9v\u00e9lations,<a href=\"https:\/\/grenoble-le-changement.fr\/2025\/10\/13\/affaires-les-revelations-sur-l-ruffin-verts-plombent-sa-candidature\/\" target=\"_blank\" rel=\"noopener\"> les affaires<\/a> et les divisions, se pose avec angoisse la question et ne trouve pas de r\u00e9ponses pour emp\u00eacher Laurence Ruffin d&#8217;emprunter le m\u00eame toboggan.\u00a0\u00a0<\/p>\n","protected":false},"excerpt":{"rendered":"Posted On 2 novembre 2025 D\u00e9sormais has been \u00e0 Paris, barr\u00e9 par son parti qui le juge judiciairement&hellip;\n","protected":false},"author":2,"featured_media":506713,"comment_status":"","ping_status":"","sticky":false,"template":"","format":"standard","meta":{"footnotes":""},"categories":[9566],"tags":[1111,11,10127,9601,11148,27721,2430,24293,62856,62857,10131,9607,1777,674,62858,1011,27,2731,14004,26489,10610,10308,10136,38778,62859,10612,62860,23075,12,24294,43979,10140,25,25230,13027],"class_list":{"0":"post-506712","1":"post","2":"type-post","3":"status-publish","4":"format-standard","5":"has-post-thumbnail","7":"category-grenoble","8":"tag-actu","9":"tag-actualites","10":"tag-ades","11":"tag-alain-carignon","12":"tag-alan-confesson","13":"tag-allan-brunon","14":"tag-auvergne-rhone-alpes","15":"tag-celine-deslattes","16":"tag-cluster17","17":"tag-david-queiros","18":"tag-elisa-martin","19":"tag-eric-piolle","20":"tag-eu","21":"tag-europe","22":"tag-florent-cholat","23":"tag-fr","24":"tag-france","25":"tag-grenoble","26":"tag-grenoblemag","27":"tag-hakim-sabri","28":"tag-jerome-safar","29":"tag-keira-capdepon","30":"tag-laurence-ruffin","31":"tag-laurent-amadieu","32":"tag-le-postillon","33":"tag-lucille-lheureux","34":"tag-margot-belair-jordan-gueant","35":"tag-michel-destot","36":"tag-news","37":"tag-nicolas-beron-perez","38":"tag-philippe-cardin","39":"tag-raymond-avrillier","40":"tag-republique-francaise","41":"tag-vincent-comparat","42":"tag-yann-mongaburu"},"share_on_mastodon":{"url":"","error":"Validation failed: Text character limit of 500 exceeded"},"_links":{"self":[{"href":"https:\/\/www.europesays.com\/fr\/wp-json\/wp\/v2\/posts\/506712","targetHints":{"allow":["GET"]}}],"collection":[{"href":"https:\/\/www.europesays.com\/fr\/wp-json\/wp\/v2\/posts"}],"about":[{"href":"https:\/\/www.europesays.com\/fr\/wp-json\/wp\/v2\/types\/post"}],"author":[{"embeddable":true,"href":"https:\/\/www.europesays.com\/fr\/wp-json\/wp\/v2\/users\/2"}],"replies":[{"embeddable":true,"href":"https:\/\/www.europesays.com\/fr\/wp-json\/wp\/v2\/comments?post=506712"}],"version-history":[{"count":0,"href":"https:\/\/www.europesays.com\/fr\/wp-json\/wp\/v2\/posts\/506712\/revisions"}],"wp:featuredmedia":[{"embeddable":true,"href":"https:\/\/www.europesays.com\/fr\/wp-json\/wp\/v2\/media\/506713"}],"wp:attachment":[{"href":"https:\/\/www.europesays.com\/fr\/wp-json\/wp\/v2\/media?parent=506712"}],"wp:term":[{"taxonomy":"category","embeddable":true,"href":"https:\/\/www.europesays.com\/fr\/wp-json\/wp\/v2\/categories?post=506712"},{"taxonomy":"post_tag","embeddable":true,"href":"https:\/\/www.europesays.com\/fr\/wp-json\/wp\/v2\/tags?post=506712"}],"curies":[{"name":"wp","href":"https:\/\/api.w.org\/{rel}","templated":true}]}}