{"id":506724,"date":"2025-11-02T12:30:11","date_gmt":"2025-11-02T12:30:11","guid":{"rendered":"https:\/\/www.europesays.com\/fr\/506724\/"},"modified":"2025-11-02T12:30:11","modified_gmt":"2025-11-02T12:30:11","slug":"cette-clinique-annonce-la-creation-dun-nouveau-centre-durologie","status":"publish","type":"post","link":"https:\/\/www.europesays.com\/fr\/506724\/","title":{"rendered":"cette clinique annonce la cr\u00e9ation d&rsquo;un nouveau centre d&rsquo;urologie"},"content":{"rendered":"<p>            Par<br \/>\n        <strong><br \/>\n            <a href=\"https:\/\/actu.fr\/auteur\/thomas-bernard\" title=\"Consulter tous les articles de Thomas Bernard\" rel=\"nofollow noopener\" target=\"_blank\">Thomas Bernard<\/a><br \/>\n        <\/strong><\/p>\n<p>        Publi\u00e9 le<\/p>\n<p>            2 nov. 2025 \u00e0 12h32        <\/p>\n<p>Le mois de novembre est le mois de sensibilisation et de lutte contre les pathologies masculines. Par voie de communiqu\u00e9 de presse, <strong>l\u2019h\u00f4pital priv\u00e9 du Confluent<\/strong>, \u00e0 Nantes, annonce la cr\u00e9ation d\u2019un centre d\u2019urologie.<\/p>\n<p>    <a href=\"https:\/\/www.google.com\/maps\/embed?pb=!1m18!1m12!1m3!1d2711.069346280456!2d-1.5502185248064775!3d47.19565521626659!2m3!1f0!2f0!3f0!3m2!1i1024!2i768!4f13.1!3m3!1m2!1s0x4805e94fc51ca0d7%3A0x322e3ab19b663f05!2sL%27H%C3%B4pital%20Priv%C3%A9%20du%20Confluent!5e0!3m2!1sfr!2sfr!4v1761918592689!5m2!1sfr!2sfr\" title=\"Ouvrie le lien\" rel=\"nofollow noopener\" target=\"_blank\">Cliquez ici pour visualiser le contenu<\/a><\/p>\n<p>Urgences et t\u00e9l\u00e9 expertise<\/p>\n<p class=\" wall-content\">Adoss\u00e9 au service des urgences de l\u2019\u00e9tablissement et \u00e0 l\u2019Institut de Canc\u00e9rologie<br \/>Catherine de Sienne, le centre d\u2019urologie du Confluent est compos\u00e9 de <strong>cinq docteurs<\/strong>\u2009: Ga\u00e9tan Berquet, Fr\u00e9d\u00e9ric Maillet, Brice M\u00fcller, Arthur Fosse et S\u00e9bastien Larue.<\/p>\n<p class=\" wall-content\">\u00ab\u00a0Au regard des besoins croissants de soins urologiques, \u00e0<strong> l\u2019allongement des temps<\/strong><br \/><strong>d\u2019attente pour l\u2019obtention d\u2019une consultation de sp\u00e9cialiste et \u00e0 l\u2019accroissement des maladies fonctionnelles et canc\u00e9rologiques de l\u2019appareil urinaire<\/strong>, il apparaissait n\u00e9cessaire de faciliter l\u2019acc\u00e8s aux soins de la population, notamment du Sud Loire\u2026\u00a0\u00bb, indique la clinique.<\/p>\n<p class=\" wall-content\">Le centre, en lien avec les urgences urologiques, propose des <strong>prises en charge 24h\/24h<\/strong>. Les professionnels de sant\u00e9 de la r\u00e9gion auront acc\u00e8s \u00e0 une ligne t\u00e9l\u00e9phonique directe avec le centre afin de recevoir \u00ab\u2009un avis direct et imm\u00e9diat\u2009\u00bb du chirurgien urologue de garde.<\/p>\n<p class=\" wall-content\">Les praticiens du centre proposent \u00e9galement une solution de t\u00e9l\u00e9 expertise\u2009: \u00ab\u2009en r\u00e9ponse aux demandes d\u2019avis m\u00e9dicaux, hors champ de l\u2019urgence, des m\u00e9decins de ville\u2009\u00bb.<\/p>\n<p>Votre r\u00e9gion, votre actu !<\/p>\n<p>Recevez chaque jour les infos qui comptent pour vous.<\/p>\n<p>\t<a href=\"https:\/\/actu.fr\/newsletter\" class=\"ac-btn ac-btn--corner ac-btn--medium ac-btn--blue800\" rel=\"nofollow noopener\" target=\"_blank\">S&rsquo;incrire<\/a><br \/>\nUn centre sp\u00e9cialis\u00e9 dans la prise en charge des cancers<\/p>\n<p class=\" wall-content\">Le nouveau centre d\u2019urologie est notamment <strong>sp\u00e9cialis\u00e9 dans la prise en charge des cancers<\/strong>.<\/p>\n<p class=\" wall-content\">\u00ab\u00a0Le centre d\u2019urologie du Confluent offre des acc\u00e8s simplifi\u00e9s et rapides \u00e0 l\u2019ensemble<br \/>des examens de diagnostic des cancers de l\u2019appareil urinaire (rein, uret\u00e8re, vessie),<br \/>de la prostate, du p\u00e9nis et du testicule\u00a0\u00bb, d\u00e9taille la clinique.<\/p>\n<p class=\" wall-content\">Le nouveau lieu m\u00e9dical propose divers traitements du cancer\u2009: chirurgie, traitements ablatifs, radiologie interventionnelle, chimioth\u00e9rapie, immunoth\u00e9rapie et radioth\u00e9rapie.<\/p>\n<p class=\" wall-content\">\u00c0 l\u2019occasion de Movember, le centre urologique proposera <strong>des consultations de d\u00e9pistage gratuites des maladies masculines durant tout le mois de novembre<\/strong>.<\/p>\n<p class=\" wall-content\">Les d\u00e9pistages ont lieu uniquement sur rendez-vous. Les prises de rendez-vous sont<br \/>possibles d\u00e8s <strong>le lundi 3\u00a0novembre 2025<\/strong> au 02\u200928\u200925\u200956\u200961 (ligne ouverte du lundi au vendredi, de 9h \u00e0 19h).<\/p>\n<p class=\" wall-content\">Personnalisez votre actualit\u00e9 en ajoutant vos villes et m\u00e9dias en favori avec <a href=\"https:\/\/moncompte.actu.fr\" title=\"D\u00e9couvez Mon Actu\" rel=\"nofollow noopener\" data-trk=\"{&quot;cta&quot;:{&quot;action&quot;:&quot;https:\\\/\\\/moncompte.actu.fr&quot;,&quot;category&quot;:&quot;mon compte&quot;,&quot;from&quot;:&quot;article footer&quot;,&quot;name&quot;:&quot;Mon actu&quot;,&quot;type&quot;:&quot;cta&quot;}}\" target=\"_blank\">Mon Actu<\/a>.<\/p>\n","protected":false},"excerpt":{"rendered":"Par Thomas Bernard Publi\u00e9 le 2 nov. 2025 \u00e0 12h32 Le mois de novembre est le mois de&hellip;\n","protected":false},"author":2,"featured_media":506725,"comment_status":"","ping_status":"","sticky":false,"template":"","format":"standard","meta":{"footnotes":""},"categories":[2818],"tags":[1111,11,101,1777,674,1011,27,100,766,12,2636,25,71,104],"class_list":{"0":"post-506724","1":"post","2":"type-post","3":"status-publish","4":"format-standard","5":"has-post-thumbnail","7":"category-nantes","8":"tag-actu","9":"tag-actualites","10":"tag-cancer","11":"tag-eu","12":"tag-europe","13":"tag-fr","14":"tag-france","15":"tag-hopital","16":"tag-nantes","17":"tag-news","18":"tag-pays-de-la-loire","19":"tag-republique-francaise","20":"tag-sante","21":"tag-societe"},"share_on_mastodon":{"url":"https:\/\/pubeurope.com\/@fr\/115480115664312123","error":""},"_links":{"self":[{"href":"https:\/\/www.europesays.com\/fr\/wp-json\/wp\/v2\/posts\/506724","targetHints":{"allow":["GET"]}}],"collection":[{"href":"https:\/\/www.europesays.com\/fr\/wp-json\/wp\/v2\/posts"}],"about":[{"href":"https:\/\/www.europesays.com\/fr\/wp-json\/wp\/v2\/types\/post"}],"author":[{"embeddable":true,"href":"https:\/\/www.europesays.com\/fr\/wp-json\/wp\/v2\/users\/2"}],"replies":[{"embeddable":true,"href":"https:\/\/www.europesays.com\/fr\/wp-json\/wp\/v2\/comments?post=506724"}],"version-history":[{"count":0,"href":"https:\/\/www.europesays.com\/fr\/wp-json\/wp\/v2\/posts\/506724\/revisions"}],"wp:featuredmedia":[{"embeddable":true,"href":"https:\/\/www.europesays.com\/fr\/wp-json\/wp\/v2\/media\/506725"}],"wp:attachment":[{"href":"https:\/\/www.europesays.com\/fr\/wp-json\/wp\/v2\/media?parent=506724"}],"wp:term":[{"taxonomy":"category","embeddable":true,"href":"https:\/\/www.europesays.com\/fr\/wp-json\/wp\/v2\/categories?post=506724"},{"taxonomy":"post_tag","embeddable":true,"href":"https:\/\/www.europesays.com\/fr\/wp-json\/wp\/v2\/tags?post=506724"}],"curies":[{"name":"wp","href":"https:\/\/api.w.org\/{rel}","templated":true}]}}