{"id":50673,"date":"2025-04-25T02:29:16","date_gmt":"2025-04-25T02:29:16","guid":{"rendered":"https:\/\/www.europesays.com\/fr\/50673\/"},"modified":"2025-04-25T02:29:16","modified_gmt":"2025-04-25T02:29:16","slug":"submerge-par-fenerbahce-le-paris-basketball-dos-au-mur","status":"publish","type":"post","link":"https:\/\/www.europesays.com\/fr\/50673\/","title":{"rendered":"submerg\u00e9 par Fenerbah\u00e7e, le Paris Basketball dos au mur"},"content":{"rendered":"<p>Lourdement battus \u00e0 Istanbul ce jeudi, les Parisiens sont men\u00e9s 2-0 dans la s\u00e9rie qui les oppose \u00e0 Fenerbah\u00e7e, en quarts de finale de l\u2019Euroligue.<\/p>\n<p class=\"fig-paragraph\">Il n\u2019y a pas eu photo. D\u00e9j\u00e0 battus \u00e0 deux reprises par cette \u00e9quipe en saison r\u00e9guli\u00e8re et encore mardi,\u00a0<a href=\"http:\/\/www.lefigaro.fr\/sports\/basket\/euroligue-la-menace-baldwin-le-duo-gagnant-hifi-ward-la-penurie-de-rebonds-defensifs-pour-paris-les-tops-et-les-flops-20250422\" data-fig-type=\"NewsFlash\" data-gtm-custom-categorie=\"navigation\" data-gtm-custom-action=\"crossclick\" data-gtm-custom-label=\"Contextuel\" data-gtm-event=\"customEventSPE\" data-fig-domain=\"LEFIGARO\" target=\"_blank\" rel=\"noopener\">lors du match 1<\/a>, les joueurs du Paris Basketball ont de nouveau c\u00e9d\u00e9 face \u00e0 Fenerbah\u00e7e (<a href=\"https:\/\/www.lefigaro.fr\/sports\/basket\/en-direct-fenerbahce-paris-basketball-les-parisiens-pour-egaliser-20250424\" data-fig-type=\"Live\" data-gtm-custom-categorie=\"navigation\" data-gtm-custom-action=\"crossclick\" data-gtm-custom-label=\"Contextuel\" data-gtm-event=\"customEventSPE\" data-fig-domain=\"LEFIGARO\" target=\"_blank\" rel=\"noopener\">89-72<\/a>), ce jeudi, \u00e0 Istanbul. En fait, ils ont pris le bouillon, d\u00e9j\u00e0 men\u00e9s de plus de 20 points \u00e0 la pause et incapables de stopper l\u2019armada turque. 18 points \u00e0 mettre au cr\u00e9dit de TJ Shorts, meilleur scoreur parisien. Le meneur de poche a toutefois pass\u00e9 la soir\u00e9e sous bonne garde (5\/13 aux tirs, 4 pertes de balle), comme Nadir Hifi (15 pts, 6\/17). Musel\u00e9s. Tarik Biberovic (20 pts), Nigel Hayes-Davis (16), Marko Guduric (13), Wade Baldwin (11) et compagnie m\u00e8nent 2-0 dans la s\u00e9rie qui oppose les deux \u00e9quipes, en quarts de finale de l\u2019Euroligue. Match 3 mardi prochain, \u00e0 Paris cette fois.<\/p>\n<p class=\"fig-paragraph\">Certes, les Parisiens ont d\u2019abord fait la course en t\u00eate (0-4, 3-6), mais les Turcs ont vite fait parler leur puissance (12-6, 16-10), avec les visiteurs rapidement dans la p\u00e9nalit\u00e9. Et surtout en panne d\u2019adresse de loin, \u00e0 la diff\u00e9rence du Fener, bouillant \u00e0 longue distance (25-17). Insolent. Ward se montrait agressif vers le cercle et Paris chipait des ballons en d\u00e9fense pour r\u00e9sister, mais le bateau prenait d\u00e9sormais l\u2019eau \u00e0 l\u2019int\u00e9rieur et Shorts avait les mains joyeuses (29-20 fin 1er QT). Les joueurs de Tiago Splitter dans le dur, malgr\u00e9 leur bon quart-temps aux rebonds. Ward adroit de loin, des stops et Shorts en vitesse, Paris au contact (33-29). Un temps. Beaucoup trop permissifs d\u00e9fensivement, les tenants de l\u2019Eurocoupe prenaient une claque, le Fener trop fort, tout simplement (61-38 MT).<\/p>\n<blockquote class=\"fig-quote&#10;    \">\n<p class=\"fig-quote__text\">Une gabegie de basket.<\/p>\n<p>            Ali Traor\u00e9, consultant Skweek\n    <\/p><\/blockquote>\n<p class=\"fig-paragraph\">Un vrai cauchemar pour les Parisiens, incapables de r\u00e9sister \u00e0 la furia stambouliote\u00a0: 88,2% \u00e0 deux points et 61,5 \u00e0 longue distance pour Fenerbah\u00e7e \u00e0 la pause (contre 50 et 22,2). 61 points, c\u2019est le plus haut total de points marqu\u00e9s \u00e0 l\u2019entracte d\u2019un match de play-offs d\u2019Euroligue depuis 2005. Injouable. D\u00e9j\u00e0 12 points pour Hayes-Davis et Biberovic \u00e0 ce moment de la partie. \u00abUne gabegie de basket\u00bb, r\u00e9sumait l\u2019ex-international tricolore Ali Traor\u00e9, sur Skweek, diffuseur de la comp\u00e9tition. \u00abOn leur a laiss\u00e9 prendre confiance au d\u00e9but, il faut leur rendre la vie aussi dure que possible en seconde p\u00e9riode\u00bb, a quant \u00e0 lui martel\u00e9 Ward \u00e0 la mi-temps.<\/p>\n<p class=\"fig-paragraph\">Plus facile \u00e0 dire qu\u2019\u00e0 faire, m\u00eame si Shorts trouvait toujours un moyen pour se faufiler au milieu d\u2019une for\u00eat de bras (64-39). Le Paris Basketball parvenait tout de m\u00eame \u00e0 limiter la casse, et m\u00eame mieux, \u00e0 revenir \u00e0 -15 sur un triple de Jantunen (72-57). Le moment choisi par Baldwin, par deux fois, pour sortir de sa bo\u00eete avant la fin du troisi\u00e8me quart-temps remport\u00e9 19-15 par les visiteurs (76-57 fin 3e QT). \u00c9c\u0153urant. Le Fener en gestion, Paris de nouveau \u00e0 -15 dans le quatri\u00e8me quart (76-61), jamais plus pr\u00e8s. Il y avait toujours un ballon perdu, un rebond mal s\u00e9curis\u00e9 ou une petite faute pour briser l\u2019\u00e9lan (82-62). Pas de regret, pas d\u2019espoir non plus en fin de partie (89-72 score final). \u00abIls ont d\u00e9soss\u00e9 Paris tactiquement, physiquement et mentalement\u00bb, a grinc\u00e9 Ali Traor\u00e9 au coup de sifflet final. Tout juste.<\/p>\n<p>Une autre histoire \u00e0 Paris\u00a0?<\/p>\n<p class=\"fig-paragraph\">Les deux \u00e9quipes se retrouveront mardi prochain (20h30), \u00e0 l\u2019Adidas Arena cette fois, pour le match 3 de cette s\u00e9rie. Les donn\u00e9es du probl\u00e8me sont claires pour les joueurs du Paris Basketball, cr\u00e9\u00e9 en 2018, promu en Betclic Elite en 2021 et qui dispute l\u2019Euroligue pour la premi\u00e8re fois apr\u00e8s son sacre en Eurocoupe l\u2019an dernier\u00a0: une victoire et ils restent en vie, avec un match 4 de nouveau \u00e0 la maison, une d\u00e9faite et leur (d\u00e9j\u00e0 magnifique) parcours europ\u00e9en s\u2019arr\u00eate l\u00e0. Les joueurs de David Kahn auront en tout cas l\u2019occasion de retrouver le sourire samedi, en cas de victoire face au Mans, \u00e0 l\u2019Accor Arena, en finale de la Coupe de France.<\/p>\n","protected":false},"excerpt":{"rendered":"Lourdement battus \u00e0 Istanbul ce jeudi, les Parisiens sont men\u00e9s 2-0 dans la s\u00e9rie qui les oppose \u00e0&hellip;\n","protected":false},"author":2,"featured_media":50674,"comment_status":"","ping_status":"","sticky":false,"template":"","format":"standard","meta":{"footnotes":""},"categories":[1888],"tags":[11,2190,1465,1464,2180,2192,814,64,1777,450,2183,674,1011,27,2191,2193,820,2181,2182,12,626,2179,2189,2186,2184,2185,25,1980,2188,2187],"class_list":{"0":"post-50673","1":"post","2":"type-post","3":"status-publish","4":"format-standard","5":"has-post-thumbnail","7":"category-paris","8":"tag-actualites","9":"tag-asvel","10":"tag-basket","11":"tag-basketball","12":"tag-championnats-deurope","13":"tag-cholet","14":"tag-direct","15":"tag-equipe-de-france","16":"tag-eu","17":"tag-euro","18":"tag-euroligue","19":"tag-europe","20":"tag-fr","21":"tag-france","22":"tag-le-mans","23":"tag-limoges","24":"tag-live","25":"tag-mondial","26":"tag-nba","27":"tag-news","28":"tag-paris","29":"tag-paris-basketball","30":"tag-photos","31":"tag-play-offs","32":"tag-pro-a","33":"tag-pro-b","34":"tag-republique-francaise","35":"tag-resultats","36":"tag-statistiques","37":"tag-stats"},"share_on_mastodon":{"url":"https:\/\/pubeurope.com\/@fr\/114396251005094018","error":""},"_links":{"self":[{"href":"https:\/\/www.europesays.com\/fr\/wp-json\/wp\/v2\/posts\/50673","targetHints":{"allow":["GET"]}}],"collection":[{"href":"https:\/\/www.europesays.com\/fr\/wp-json\/wp\/v2\/posts"}],"about":[{"href":"https:\/\/www.europesays.com\/fr\/wp-json\/wp\/v2\/types\/post"}],"author":[{"embeddable":true,"href":"https:\/\/www.europesays.com\/fr\/wp-json\/wp\/v2\/users\/2"}],"replies":[{"embeddable":true,"href":"https:\/\/www.europesays.com\/fr\/wp-json\/wp\/v2\/comments?post=50673"}],"version-history":[{"count":0,"href":"https:\/\/www.europesays.com\/fr\/wp-json\/wp\/v2\/posts\/50673\/revisions"}],"wp:featuredmedia":[{"embeddable":true,"href":"https:\/\/www.europesays.com\/fr\/wp-json\/wp\/v2\/media\/50674"}],"wp:attachment":[{"href":"https:\/\/www.europesays.com\/fr\/wp-json\/wp\/v2\/media?parent=50673"}],"wp:term":[{"taxonomy":"category","embeddable":true,"href":"https:\/\/www.europesays.com\/fr\/wp-json\/wp\/v2\/categories?post=50673"},{"taxonomy":"post_tag","embeddable":true,"href":"https:\/\/www.europesays.com\/fr\/wp-json\/wp\/v2\/tags?post=50673"}],"curies":[{"name":"wp","href":"https:\/\/api.w.org\/{rel}","templated":true}]}}