{"id":506734,"date":"2025-11-02T12:35:16","date_gmt":"2025-11-02T12:35:16","guid":{"rendered":"https:\/\/www.europesays.com\/fr\/506734\/"},"modified":"2025-11-02T12:35:16","modified_gmt":"2025-11-02T12:35:16","slug":"marathon-de-toulouse-adrien-latestere-et-salome-lecoq-signent-un-incroyable-double-haut-garonnais","status":"publish","type":"post","link":"https:\/\/www.europesays.com\/fr\/506734\/","title":{"rendered":"Marathon de Toulouse\u00a0: Adrien Latest\u00e8re et Salom\u00e9 Lecoq signent un incroyable doubl\u00e9 haut-garonnais"},"content":{"rendered":"<p>\n                                                                    l&rsquo;essentiel<br \/>\n                                                                Class\u00e9 troisi\u00e8me l\u2019ann\u00e9e derni\u00e8re, Adrien Latest\u00e8re (Blagnac SC \u2013 magasins Foul\u00e9es) est mont\u00e9 ce matin sur la plus haute marche du podium avec un temps de 2h24&rsquo;42\u00a0\u00bb. Il devance le coureur du SATUC Eliott Lumet (2h24&rsquo;55\u00a0\u00bb). Chez les f\u00e9minines, pour son premier marathon, Salom\u00e9 Lecoq (Muret AC) s\u2019est impos\u00e9e en 2h53&rsquo;45\u00a0\u00bb.\n                            <\/p>\n<p>\u00ab\u00a0Je r\u00eavais de gagner ce marathon de Toulouse.\u00a0\u00bb Ce matin, pour Adrien Latest\u00e8re, le r\u00eave est bel et bien devenu r\u00e9alit\u00e9. Class\u00e9 troisi\u00e8me l\u2019ann\u00e9e derni\u00e8re dans la Ville rose, le coureur du Blagnac SC a empoch\u00e9 la mise avec un chrono de 2h24&rsquo;42\u00a0\u00bb (contre 2h23&rsquo;45\u00a0\u00bb l\u2019an pass\u00e9).<\/p>\n<p>\u00ab\u00a0Je restais sur le marathon d\u2019Amsterdam deux semaines plus t\u00f4t (78e place en 2h26&rsquo;27\u00a0\u00bb, NDLR). Donc \u00e0 Toulouse, je ne pensais pas forc\u00e9ment au temps. Je voulais la victoire (sourire). Physiquement, je dois reconna\u00eetre que cela a \u00e9t\u00e9 dur sur la fin. Mais je savais que mon fils m\u2019attendait \u00e0 l\u2019arriv\u00e9e. C\u2019est le mental qui m\u2019a fait tenir jusqu\u2019au bout\u00a0\u00bb, a tout d\u2019abord comment\u00e9 le Blagnacais, qui courait aux couleurs des magasins Foul\u00e9es.<\/p>\n<p>\u00ab\u00a0Je f\u00e9licite l\u2019organisation et je remercie le public pour cette belle ambiance\u00a0\u00bb<\/p>\n<p>Sur le sc\u00e9nario de course, il s\u2019est trouv\u00e9 dans le trio de t\u00eate pendant 25 kilom\u00e8tres. \u00ab\u00a0Puis, on s\u2019est retrouv\u00e9 \u00e0 deux avec Eliott Lumet (membre du SATUC, NDLR) qui finit treize secondes derri\u00e8re moi. Je dois avouer que je n\u2019ai pas pris beaucoup de relais. Il \u00e9tait plus costaud que moi. Mais bravo \u00e0 lui. Je f\u00e9licite aussi l\u2019organisation et je remercie le public pour cette belle ambiance\u00a0\u00ab\u00a0, a conclu le vainqueur.<\/p>\n<p>Pour sa part, le Satuciste a sign\u00e9 son nouveau record. \u00ab\u00a0J\u2019avais fait le marathon de Valence en Espagne en 2022 avec un chrono de 2h41&prime;. L\u00e0, je fais 2h24&rsquo;55\u00a0\u00bb. Je suis super content. M\u00eame si \u00e7a a \u00e9t\u00e9 vraiment difficile sur la fin. J\u2019ai fr\u00f4l\u00e9 la syncope (sourire)\u00a0\u00bb, a-t-il comment\u00e9. \u00c0 noter que la 3e place a elle aussi \u00e9t\u00e9 prise par un Haut-Garonnais, \u00e0 savoir Thomas Teofili, sp\u00e9cialiste de triathlon et licenci\u00e9 au TTM.<\/p>\n<p>Salom\u00e9 Lecoq\u00a0: \u00ab\u00a0Vers le 25e kilom\u00e8tre, j\u2019ai commenc\u00e9 \u00e0 avoir du mal\u00a0\u00bb<\/p>\n<p>Chez les f\u00e9minines, Salom\u00e9 Lecoq (Muret AC) a disput\u00e9 son tout premier marathon. Et ce bapt\u00eame du feu s\u2019est termin\u00e9 par une victoire en 2h53&rsquo;45\u00a0\u00bb. \u00ab\u00a0J\u2019ai d\u2019abord suivi le meneur d\u2019allure des 2h50&prime;. Mais vers le 25e kilom\u00e8tre, j\u2019ai commenc\u00e9 \u00e0 avoir du mal \u00e0 maintenir la cadence. Tout s\u2019est jou\u00e9 dans la t\u00eate. J\u2019ai pu compter sur le soutien de super supporters. Forc\u00e9ment, \u00e7a m\u2019a reboost\u00e9\u00a0\u00bb, a confi\u00e9 cette m\u00e8re de famille, pass\u00e9 par les clubs du SATUC et du CA Balma.<\/p>\n<p>Sur le podium, elle a devanc\u00e9 Tiffanie Boue (3h03&rsquo;20\u00a0\u00bb) et Luce Vergneaux (ASPTT Toulouse, 3h08&rsquo;49\u00a0\u00bb).<\/p>\n","protected":false},"excerpt":{"rendered":"l&rsquo;essentiel Class\u00e9 troisi\u00e8me l\u2019ann\u00e9e derni\u00e8re, Adrien Latest\u00e8re (Blagnac SC \u2013 magasins Foul\u00e9es) est mont\u00e9 ce matin sur la&hellip;\n","protected":false},"author":2,"featured_media":506735,"comment_status":"","ping_status":"","sticky":false,"template":"","format":"standard","meta":{"footnotes":""},"categories":[2816],"tags":[1111,11,1777,674,1011,27,12,2680,25,2312],"class_list":{"0":"post-506734","1":"post","2":"type-post","3":"status-publish","4":"format-standard","5":"has-post-thumbnail","7":"category-toulouse","8":"tag-actu","9":"tag-actualites","10":"tag-eu","11":"tag-europe","12":"tag-fr","13":"tag-france","14":"tag-news","15":"tag-occitanie","16":"tag-republique-francaise","17":"tag-toulouse"},"share_on_mastodon":{"url":"https:\/\/pubeurope.com\/@fr\/115480135280330229","error":""},"_links":{"self":[{"href":"https:\/\/www.europesays.com\/fr\/wp-json\/wp\/v2\/posts\/506734","targetHints":{"allow":["GET"]}}],"collection":[{"href":"https:\/\/www.europesays.com\/fr\/wp-json\/wp\/v2\/posts"}],"about":[{"href":"https:\/\/www.europesays.com\/fr\/wp-json\/wp\/v2\/types\/post"}],"author":[{"embeddable":true,"href":"https:\/\/www.europesays.com\/fr\/wp-json\/wp\/v2\/users\/2"}],"replies":[{"embeddable":true,"href":"https:\/\/www.europesays.com\/fr\/wp-json\/wp\/v2\/comments?post=506734"}],"version-history":[{"count":0,"href":"https:\/\/www.europesays.com\/fr\/wp-json\/wp\/v2\/posts\/506734\/revisions"}],"wp:featuredmedia":[{"embeddable":true,"href":"https:\/\/www.europesays.com\/fr\/wp-json\/wp\/v2\/media\/506735"}],"wp:attachment":[{"href":"https:\/\/www.europesays.com\/fr\/wp-json\/wp\/v2\/media?parent=506734"}],"wp:term":[{"taxonomy":"category","embeddable":true,"href":"https:\/\/www.europesays.com\/fr\/wp-json\/wp\/v2\/categories?post=506734"},{"taxonomy":"post_tag","embeddable":true,"href":"https:\/\/www.europesays.com\/fr\/wp-json\/wp\/v2\/tags?post=506734"}],"curies":[{"name":"wp","href":"https:\/\/api.w.org\/{rel}","templated":true}]}}