{"id":506740,"date":"2025-11-02T12:38:12","date_gmt":"2025-11-02T12:38:12","guid":{"rendered":"https:\/\/www.europesays.com\/fr\/506740\/"},"modified":"2025-11-02T12:38:12","modified_gmt":"2025-11-02T12:38:12","slug":"la-metropole-sera-t-elle-encore-la-grande-absente-par-jacques-boulesteix","status":"publish","type":"post","link":"https:\/\/www.europesays.com\/fr\/506740\/","title":{"rendered":"la m\u00e9tropole sera-t-elle encore la grande absente ?\u00a0\u00bb par Jacques Boulesteix"},"content":{"rendered":"<p>La M\u00e9tropole constitue notre espace de vie et d&rsquo;\u00e9changes le plus important pour beaucoup d&rsquo;entre nous. C&rsquo;est aussi celui o\u00f9 les citoyens sont le moins impliqu\u00e9s. Notre activit\u00e9 professionnelle, nos achats, la sant\u00e9, la culture, le sport, l&rsquo;\u00e9ducation, y sont largement dispers\u00e9s alors que les d\u00e9placements y sont toujours plus difficiles.<\/p>\n<p>Or, notre espace m\u00e9tropolitain cumule depuis soixante ans d&rsquo;importants retards d&rsquo;investissements qui aggravent les probl\u00e8mes sociaux et freinent l&rsquo;\u00e9conomie locale. Entre 1966 et 1996, Marseille a \u00e9t\u00e9 la seule agglom\u00e9ration fran\u00e7aise qui n&rsquo;\u00e9tait pas organis\u00e9e en communaut\u00e9 urbaine. Cela nous a co\u00fbt\u00e9 cher\u00a0: le retard cumul\u00e9 d&rsquo;investissements publics de l&rsquo;\u00c9tat sur 30\u00a0ans, par rapport \u00e0 Lyon, est de l&rsquo;ordre de grandeur du co\u00fbt de la LGV\u00a0M\u00e9diterran\u00e9e de Valence \u00e0 Marseille. Soit six milliards d&rsquo;euros de 2025, ce qui est consid\u00e9rable.<\/p>\n<p>Cinquante ans apr\u00e8s Lyon ou Lille<\/p>\n<p>Dans les ann\u00e9es\u00a02000, les maires ont refus\u00e9 la M\u00e9tropole, pr\u00e9f\u00e9rant cr\u00e9er six intercommunalit\u00e9s \u00e9clat\u00e9es (Aix, Aubagne, Istres, Marseille, Martigues et Salon) ne se parlant pas et n&rsquo;ayant aucun projet en commun. Les in\u00e9galit\u00e9s ont explos\u00e9. Il a fallu attendre 2016 pour que la M\u00e9tropole Aix-Marse&#8230;<\/p>\n","protected":false},"excerpt":{"rendered":"La M\u00e9tropole constitue notre espace de vie et d&rsquo;\u00e9changes le plus important pour beaucoup d&rsquo;entre nous. C&rsquo;est aussi&hellip;\n","protected":false},"author":2,"featured_media":506741,"comment_status":"","ping_status":"","sticky":false,"template":"","format":"standard","meta":{"footnotes":""},"categories":[2814],"tags":[17,1111,11,33231,1440,1777,674,1011,27,4027,3246,884,2800,12,1427,882,25,62861,104],"class_list":{"0":"post-506740","1":"post","2":"type-post","3":"status-publish","4":"format-standard","5":"has-post-thumbnail","7":"category-marseille","8":"tag-17","9":"tag-actu","10":"tag-actualites","11":"tag-aix-marseille","12":"tag-encore","13":"tag-eu","14":"tag-europe","15":"tag-fr","16":"tag-france","17":"tag-grande","18":"tag-idees","19":"tag-marseille","20":"tag-metropole","21":"tag-news","22":"tag-opinions","23":"tag-provence-alpes-cote-dazur","24":"tag-republique-francaise","25":"tag-sera-t-elle","26":"tag-societe"},"share_on_mastodon":{"url":"https:\/\/pubeurope.com\/@fr\/115480147040715712","error":""},"_links":{"self":[{"href":"https:\/\/www.europesays.com\/fr\/wp-json\/wp\/v2\/posts\/506740","targetHints":{"allow":["GET"]}}],"collection":[{"href":"https:\/\/www.europesays.com\/fr\/wp-json\/wp\/v2\/posts"}],"about":[{"href":"https:\/\/www.europesays.com\/fr\/wp-json\/wp\/v2\/types\/post"}],"author":[{"embeddable":true,"href":"https:\/\/www.europesays.com\/fr\/wp-json\/wp\/v2\/users\/2"}],"replies":[{"embeddable":true,"href":"https:\/\/www.europesays.com\/fr\/wp-json\/wp\/v2\/comments?post=506740"}],"version-history":[{"count":0,"href":"https:\/\/www.europesays.com\/fr\/wp-json\/wp\/v2\/posts\/506740\/revisions"}],"wp:featuredmedia":[{"embeddable":true,"href":"https:\/\/www.europesays.com\/fr\/wp-json\/wp\/v2\/media\/506741"}],"wp:attachment":[{"href":"https:\/\/www.europesays.com\/fr\/wp-json\/wp\/v2\/media?parent=506740"}],"wp:term":[{"taxonomy":"category","embeddable":true,"href":"https:\/\/www.europesays.com\/fr\/wp-json\/wp\/v2\/categories?post=506740"},{"taxonomy":"post_tag","embeddable":true,"href":"https:\/\/www.europesays.com\/fr\/wp-json\/wp\/v2\/tags?post=506740"}],"curies":[{"name":"wp","href":"https:\/\/api.w.org\/{rel}","templated":true}]}}