{"id":506750,"date":"2025-11-02T12:44:09","date_gmt":"2025-11-02T12:44:09","guid":{"rendered":"https:\/\/www.europesays.com\/fr\/506750\/"},"modified":"2025-11-02T12:44:09","modified_gmt":"2025-11-02T12:44:09","slug":"deux-des-suspects-avaient-deja-condamnes-dans-la-meme-affaire-de-vol-en-2015","status":"publish","type":"post","link":"https:\/\/www.europesays.com\/fr\/506750\/","title":{"rendered":"deux des suspects avaient d\u00e9j\u00e0 condamn\u00e9s dans la m\u00eame affaire de vol en 2015"},"content":{"rendered":"<p>            Par<br \/>\n        <strong><br \/>\n            <a href=\"https:\/\/actu.fr\/auteur\/glenn-gillet\" title=\"Consulter tous les articles de Glenn Gillet\" rel=\"nofollow noopener\" target=\"_blank\">Glenn Gillet<\/a><br \/>\n        <\/strong><\/p>\n<p>        Publi\u00e9 le<\/p>\n<p>            2 nov. 2025 \u00e0 13h04        <\/p>\n<p>On en sait plus sur le <strong>profil<\/strong> de deux des quatre individus mis en examen dans le cadre de l\u2019enqu\u00eate sur le <a href=\"https:\/\/actu.fr\/ile-de-france\/paris_75056\/vol-au-louvre-l-enquete-rebondit-avec-cinq-nouvelles-interpellations-dont-un-membre-suppose-du-commando_63369970.html\" rel=\"nofollow noopener\" target=\"_blank\">spectaculaire vol de bijoux au mus\u00e9e du Louvre<\/a>. La procureure de la R\u00e9publique de Paris Laure Beccuau a r\u00e9v\u00e9l\u00e9 ce dimanche 2 novembre 2025 sur France Info que deux hommes mis en examen <a href=\"https:\/\/actu.fr\/ile-de-france\/paris_75056\/vol-au-musee-du-louvre-les-deux-suspects-ont-partiellement-reconnu-les-faits-les-bijoux-sont-introuvables_63368231.html\" rel=\"nofollow noopener\" target=\"_blank\">mercredi<\/a> et <a href=\"https:\/\/actu.fr\/ile-de-france\/paris_75056\/vol-au-louvre-on-connait-le-sort-immediat-des-cinq-personnes-recemment-interpellees_63382787.html\" rel=\"nofollow noopener\" target=\"_blank\">samedi<\/a>, car soup\u00e7onn\u00e9s d\u2019avoir pris part au commando de quatre personnes qui a pris d\u2019assaut le plus grand mus\u00e9e du monde, se connaissaient depuis au moins 10 ans et d\u00e9j\u00e0 avaient \u00e9t\u00e9 <strong>condamn\u00e9s dans la m\u00eame affaire<\/strong> de vol.<\/p>\n<p>\u00ab\u2009Ils ont \u00e9t\u00e9 condamn\u00e9s en 2015\u2009\u00bb<\/p>\n<p class=\" wall-content\">\u00ab\u2009Lorsqu\u2019on compare (les) casiers judiciaires\u2009\u00bb des deux mis en cause, \u00ab\u2009on s\u2019aper\u00e7oit qu\u2019ils ont \u00e9t\u00e9 impliqu\u00e9s dans une m\u00eame affaire de vol pour laquelle ils ont \u00e9t\u00e9 condamn\u00e9s en 2015 \u00e0 Paris, pour des faits significatifs\u2009\u00bb, a ainsi d\u00e9taill\u00e9 Laure Beccuau, pr\u00e9cisant que \u00ab\u2009ces profils sont des <strong>profils de proximit\u00e9<\/strong>\u2009\u00bb.<\/p>\n<p class=\" wall-content\">\n<p class=\" wall-content\">La procureure a par ailleurs indiqu\u00e9 que les deux mis en examen ont d\u00e9j\u00e0 \u00e9t\u00e9 condamn\u00e9s plusieurs fois. Le casier judiciaire de l\u2019homme de 37\u00a0ans qui a \u00e9t\u00e9 mis en examen samedi pour vol en bande organis\u00e9e et association de malfaiteurs \u00ab\u2009porte mentions d\u2019onze condamnations dont une dizaine d\u00e9j\u00e0 pour faits de vols\u2009\u00bb, notamment \u00ab\u2009aggrav\u00e9s\u2009\u00bb, ainsi que d\u2019autres pour d\u00e9linquance routi\u00e8re ou encore pour faits de violence, \u00ab\u2009une d\u00e9linquance polymorphe dont son casier conserve la trace\u2009\u00bb mais \u00ab\u2009qu\u2019on n\u2019associe pas g\u00e9n\u00e9ralement au haut du spectre de la criminalit\u00e9 organis\u00e9e\u2009\u00bb, a r\u00e9sum\u00e9 Laure Beccuau.<\/p>\n<p>Un homme bient\u00f4t jug\u00e9 \u00e0 Bobigny, mais pas pour le vol au Louvre<\/p>\n<p class=\" wall-content\">L\u2019autre homme condamn\u00e9 pour le vol de 2015, mis en examen mercredi, \u00ab\u2009a lui aussi un casier judiciaire qui porte mentions d\u2019une quinzaine de condamnations, dont deux pour vol et vol aggrav\u00e9\u2009\u00bb. Lors de son interrogatoire, il a affirm\u00e9 que l\u2019une de ses condamnations \u00e9tait li\u00e9e \u00e0 \u00ab\u2009un vol qui consistait \u00e0 attaquer un distributeur automatique de billets avec un v\u00e9hicule\u2009\u00bb, pr\u00e9cise la magistrate.<\/p>\n<p class=\" wall-content\">Laure Beccuau pr\u00e9cise que cet homme est \u00ab\u2009en attente d\u2019un jugement, il doit<strong> compara\u00eetre prochainement<\/strong> devant le tribunal correctionnel de Bobigny pour des faits anciens\u2009\u00bb de d\u00e9gradation du miroir et de la porte d\u2019une cellule de garde \u00e0 vue dans laquelle il se trouvait apr\u00e8s une interpellation en lien avec des faits de vol aggrav\u00e9. Les poursuites pour ces derniers faits ont depuis \u00e9t\u00e9 abandonn\u00e9es mais celles pour d\u00e9gradation de cellule persistent.<\/p>\n<p class=\" wall-content\">Depuis le vol de bijoux au Louvre le 19 octobre, dont le pr\u00e9judice est estim\u00e9 \u00e0 88 millions d\u2019euros, <strong>sept personnes<\/strong> ont \u00e9t\u00e9 interpell\u00e9es. Trois ont depuis \u00e9t\u00e9 remises en libert\u00e9 et quatre ont \u00e9t\u00e9 mises en examen. Parmi ces derniers, trois sont suspect\u00e9s d\u2019avoir fait partie du commando de quatre personnes qui a men\u00e9 le cambriolage. La quatri\u00e8me personne est une femme dont l\u2019ADN a \u00e9t\u00e9 retrouv\u00e9 sur la nacelle utilis\u00e9e par les voleurs. La procureure de Paris explique toutefois qu\u2019il pourrait s\u2019agir d\u2019\u00ab\u2009ADN de transfert\u2009\u00bb, c\u2019est-\u00e0-dire qu\u2019il a pu se retrouver sur l\u2019engin sans que cette femme soit directement en contact avec lui, par le biais d\u2019un des voleurs par exemple.<\/p>\n<p class=\" wall-content\">Personnalisez votre actualit\u00e9 en ajoutant vos villes et m\u00e9dias en favori avec <a href=\"https:\/\/moncompte.actu.fr\" title=\"D\u00e9couvez Mon Actu\" rel=\"nofollow noopener\" data-trk=\"{&quot;cta&quot;:{&quot;action&quot;:&quot;https:\\\/\\\/moncompte.actu.fr&quot;,&quot;category&quot;:&quot;mon compte&quot;,&quot;from&quot;:&quot;article footer&quot;,&quot;name&quot;:&quot;Mon actu&quot;,&quot;type&quot;:&quot;cta&quot;}}\" target=\"_blank\">Mon Actu<\/a>.<\/p>\n","protected":false},"excerpt":{"rendered":"Par Glenn Gillet Publi\u00e9 le 2 nov. 2025 \u00e0 13h04 On en sait plus sur le profil de&hellip;\n","protected":false},"author":2,"featured_media":506751,"comment_status":"","ping_status":"","sticky":false,"template":"","format":"standard","meta":{"footnotes":""},"categories":[1888],"tags":[1111,1928,11,1927,1777,674,118,1011,27,303,3094,12,1926,626,1925,1072,25],"class_list":{"0":"post-506750","1":"post","2":"type-post","3":"status-publish","4":"format-standard","5":"has-post-thumbnail","7":"category-paris","8":"tag-actu","9":"tag-actu-paris","10":"tag-actualites","11":"tag-actualites-paris","12":"tag-eu","13":"tag-europe","14":"tag-faits-divers","15":"tag-fr","16":"tag-france","17":"tag-justice","18":"tag-musee-du-louvre","19":"tag-news","20":"tag-news-paris","21":"tag-paris","22":"tag-paris-news","23":"tag-police","24":"tag-republique-francaise"},"share_on_mastodon":{"url":"https:\/\/pubeurope.com\/@fr\/115480170721476040","error":""},"_links":{"self":[{"href":"https:\/\/www.europesays.com\/fr\/wp-json\/wp\/v2\/posts\/506750","targetHints":{"allow":["GET"]}}],"collection":[{"href":"https:\/\/www.europesays.com\/fr\/wp-json\/wp\/v2\/posts"}],"about":[{"href":"https:\/\/www.europesays.com\/fr\/wp-json\/wp\/v2\/types\/post"}],"author":[{"embeddable":true,"href":"https:\/\/www.europesays.com\/fr\/wp-json\/wp\/v2\/users\/2"}],"replies":[{"embeddable":true,"href":"https:\/\/www.europesays.com\/fr\/wp-json\/wp\/v2\/comments?post=506750"}],"version-history":[{"count":0,"href":"https:\/\/www.europesays.com\/fr\/wp-json\/wp\/v2\/posts\/506750\/revisions"}],"wp:featuredmedia":[{"embeddable":true,"href":"https:\/\/www.europesays.com\/fr\/wp-json\/wp\/v2\/media\/506751"}],"wp:attachment":[{"href":"https:\/\/www.europesays.com\/fr\/wp-json\/wp\/v2\/media?parent=506750"}],"wp:term":[{"taxonomy":"category","embeddable":true,"href":"https:\/\/www.europesays.com\/fr\/wp-json\/wp\/v2\/categories?post=506750"},{"taxonomy":"post_tag","embeddable":true,"href":"https:\/\/www.europesays.com\/fr\/wp-json\/wp\/v2\/tags?post=506750"}],"curies":[{"name":"wp","href":"https:\/\/api.w.org\/{rel}","templated":true}]}}