{"id":506761,"date":"2025-11-02T12:51:11","date_gmt":"2025-11-02T12:51:11","guid":{"rendered":"https:\/\/www.europesays.com\/fr\/506761\/"},"modified":"2025-11-02T12:51:11","modified_gmt":"2025-11-02T12:51:11","slug":"qui-sont-les-candidats-pour-diriger-la-premiere-ville-des-etats-unis","status":"publish","type":"post","link":"https:\/\/www.europesays.com\/fr\/506761\/","title":{"rendered":"qui sont les candidats pour diriger la premi\u00e8re ville des \u00c9tats-Unis ?"},"content":{"rendered":"<p class=\"mb-4 text-lg md:leading-8 break-words\">Les New-Yorkais \u00e9lisent, mardi, leur nouveau maire au terme d\u2019une campagne domin\u00e9e par Zohran Mamdani, jeune \u00e9lu socialiste et favori des sondages. Face \u00e0 lui, l\u2019ex-gouverneur Andrew Cuomo, en qu\u00eate de r\u00e9habilitation, et le r\u00e9publicain Curtis Sliwa, figure populiste. Trois parcours, trois visions radicalement oppos\u00e9es.<\/p>\n<p class=\"mb-4 text-lg md:leading-8 break-words\">Derni\u00e8re ligne droite. La campagne pour la mairie de New York touche \u00e0 sa fin, avant que les \u00e9lecteurs se rendent aux urnes mardi 4 novembre pour choisir le successeur du d\u00e9mocrate Eric Adams. L&rsquo;\u00e9dile<a href=\"https:\/\/fr.news.yahoo.com\/maire-new-york-abandonne-course-202911990.html\" data-ylk=\"slk:\u00a0a renonc\u00e9 \u00e0 briguer un second mandat fin septembre;elm:context_link;itc:0;sec:content-canvas;outcm:mb_qualified_link;_E:mb_qualified_link;ct:story;\" class=\"link  yahoo-link\" target=\"_blank\" rel=\"noopener\">\u00a0a renonc\u00e9 \u00e0 briguer un second mandat fin septembre<\/a>, plomb\u00e9 par des sondages d\u00e9sastreux <a href=\"https:\/\/www.nytimes.com\/2025\/09\/09\/nyregion\/mayor-poll-mamdani-cuomo.html\" rel=\"nofollow noopener\" target=\"_blank\" data-ylk=\"slk:qui le donnaient sous les 10 %;elm:context_link;itc:0;sec:content-canvas\" class=\"link \">qui le donnaient sous les 10 %<\/a> et par des accusations <a href=\"https:\/\/www.france24.com\/fr\/am\u00e9riques\/20240926-maire-de-new-york-eric-adams-inculp\u00e9-enqu\u00eate-financement-campagne\" rel=\"nofollow noopener\" target=\"_blank\" data-ylk=\"slk:de corruption et de pots-de-vin;elm:context_link;itc:0;sec:content-canvas\" class=\"link \">de corruption et de pots-de-vin<\/a>.<\/p>\n<p class=\"mb-4 text-lg md:leading-8 break-words\">Apr\u00e8s son retrait, le maire sortant a\u00a0apport\u00e9 son soutien \u00e0 l&rsquo;ancien gouverneur d\u00e9mocrate Andrew Cuomo, d\u00e9sormais candidat ind\u00e9pendant. Mais le favori est ailleurs : le socialiste <a class=\"link \" href=\"https:\/\/www.france24.com\/fr\/tag\/zohran-mamdani\/\" rel=\"nofollow noopener\" target=\"_blank\" data-ylk=\"slk:Zohran Mamdani;elm:context_link;itc:0;sec:content-canvas\">Zohran Mamdani<\/a>, d\u00e9put\u00e9 de l&rsquo;\u00c9tat de New York de 34 ans, caracole en t\u00eate des intentions de vote. Le troisi\u00e8me homme de cette \u00e9lection est le r\u00e9publicain Curtis Sliwa, figure embl\u00e9matique de la politique new-yorkaise depuis la cr\u00e9ation des Guardian Angels.<\/p>\n<p class=\"mb-4 text-lg md:leading-8 break-words\">Signe d&rsquo;un scrutin tr\u00e8s mobilisateur, le vote anticip\u00e9, lanc\u00e9 le week-end dernier, a connu une participation record dans la ville la plus peupl\u00e9e des \u00c9tats-Unis qui compte 8,5 millions d\u2019habitants, dont 5 millions d\u2019\u00e9lecteurs :\u00a0pr\u00e8s de 400 000 bulletins d\u00e9pos\u00e9s en six jours, soit quatre fois plus qu&rsquo;\u00e0 la m\u00eame p\u00e9riode lors de la derni\u00e8re \u00e9lection municipale en 2021, selon la commission \u00e9lectorale.<\/p>\n<ol class=\"mb-4\">\n<li class=\"ml-4 list-decimal\">\n<p>Zohran Mamdani, l&rsquo;outsider socialiste devenu favori<\/p>\n<\/li>\n<\/ol>\n<p class=\"mb-4 text-lg md:leading-8 break-words\">\u00c0 34 ans, Zohran Mamdani incarne le renouveau progressiste. Cet \u00e9lu local de l&rsquo;aile gauche du <a class=\"link \" href=\"https:\/\/www.france24.com\/fr\/tag\/parti-d\u00e9mocrate\/\" rel=\"nofollow noopener\" target=\"_blank\" data-ylk=\"slk:Parti d\u00e9mocrate;elm:context_link;itc:0;sec:content-canvas\">Parti d\u00e9mocrate<\/a>, quasi-inconnu il y a encore quelques mois, pourrait devenir l&rsquo;un des plus jeunes maires de l&rsquo;histoire de New York \u2013 et le premier de confession musulmane. <\/p>\n<p class=\"mb-4 text-lg md:leading-8 break-words\">N\u00e9 en <a class=\"link \" href=\"https:\/\/www.france24.com\/fr\/tag\/ouganda\/\" rel=\"nofollow noopener\" target=\"_blank\" data-ylk=\"slk:Ouganda;elm:context_link;itc:0;sec:content-canvas\">Ouganda<\/a> dans une famille d&rsquo;intellectuels de la diaspora indienne, Zohran Mamdani vit aux \u00c9tats-Unis depuis l&rsquo;\u00e2ge de 7 ans et a obtenu la nationalit\u00e9 am\u00e9ricaine en 2018. Son programme tient en un mot : \u00ab\u00a0affordability\u00a0\u00bb, soit <a href=\"https:\/\/www.france24.com\/fr\/info-en-continu\/20251027-a-new-york-l-obsession-du-co\u00fbt-de-la-vie\" rel=\"nofollow noopener\" target=\"_blank\" data-ylk=\"slk:rendre &quot;abordable&quot;\u00a0l&#039;une des villes les plus ch\u00e8res du monde;elm:context_link;itc:0;sec:content-canvas\" class=\"link \">rendre \u00ab\u00a0abordable\u00a0\u00bb\u00a0l&rsquo;une des villes les plus ch\u00e8res du monde<\/a> pour les millions de New-Yorkais qui ne font pas partie de l&rsquo;\u00e9lite.<\/p>\n<p class=\"mb-4 text-lg md:leading-8 break-words\">\u00c0 lire aussi<a class=\"link \" href=\"https:\/\/www.france24.com\/fr\/am\u00e9riques\/20250627-progressiste-ancien-rappeur-zohran-mamdani-d\u00e9mocrate-qui-d\u00e9fie-establishment-new-yorkais\" rel=\"nofollow noopener\" target=\"_blank\" data-ylk=\"slk:Progressiste, ancien rappeur... Zohran Mamdani, le d\u00e9mocrate qui d\u00e9fie l&#039;establishment new-yorkais;elm:context_link;itc:0;sec:content-canvas\">Progressiste, ancien rappeur&#8230; Zohran Mamdani, le d\u00e9mocrate qui d\u00e9fie l&rsquo;establishment new-yorkais<\/a><\/p>\n<p class=\"mb-4 text-lg md:leading-8 break-words\">D\u00e9put\u00e9 \u00e0 l&rsquo;Assembl\u00e9e l\u00e9gislative de l&rsquo;\u00c9tat depuis 2021, il\u00a0promet un gel des loyers pour les locataires, la gratuit\u00e9 des transports en bus, des cr\u00e8ches municipales gratuites et des \u00e9piceries publiques de quartier. Il d\u00e9fend une augmentation du salaire minimum, qu&rsquo;il veut porter \u00e0 30 dollars de l&rsquo;heure d&rsquo;ici 2030 \u2013 contre 15,5 \u00e0 16,5 dollars actuellement. Pour financer ces mesures sociales ambitieuses, il mise sur <a href=\"https:\/\/www.cbsnews.com\/newyork\/news\/nyc-mayoral-candidates-running-2025-election\/\" rel=\"nofollow noopener\" target=\"_blank\" data-ylk=\"slk:un taux d&#039;imposition de 2 % pour les particuliers gagnant un million de dollars ou plus par an;elm:context_link;itc:0;sec:content-canvas\" class=\"link \">un taux d&rsquo;imposition de 2 % pour les particuliers gagnant un million de dollars ou plus par an<\/a>, ainsi qu&rsquo;une augmentation de l&rsquo;imp\u00f4t sur les soci\u00e9t\u00e9s \u00e0 11,5 %, soit le m\u00eame taux qu&rsquo;au New Jersey.<\/p>\n<p class=\"mb-4 text-lg md:leading-8 break-words\">Sa <a href=\"https:\/\/www.france24.com\/fr\/vid\u00e9o\/20250625-zohran-mamdani-primaire-democrate-new-york-etats-unis\" rel=\"nofollow noopener\" target=\"_blank\" data-ylk=\"slk:victoire surprise \u00e0 la primaire d\u00e9mocrate de juin;elm:context_link;itc:0;sec:content-canvas\" class=\"link \">victoire surprise \u00e0 la primaire d\u00e9mocrate de juin<\/a> face \u00e0 Andrew Cuomo l&rsquo;a fait passer du statut d&rsquo;outsider \u00e0 celui de grand favori dans les sondages. Sa popularit\u00e9 a explos\u00e9 aupr\u00e8s des jeunes \u00e9lecteurs, galvanis\u00e9s par ses meetings aux c\u00f4t\u00e9s de figures de la gauche comme le s\u00e9nateur ind\u00e9pendant du Vermont <a class=\"link \" href=\"https:\/\/www.france24.com\/fr\/tag\/bernie-sanders\/\" rel=\"nofollow noopener\" target=\"_blank\" data-ylk=\"slk:Bernie Sanders;elm:context_link;itc:0;sec:content-canvas\">Bernie Sanders<\/a> et l&rsquo;\u00e9lue de New York\u00a0<a class=\"link \" href=\"https:\/\/www.france24.com\/fr\/tag\/alexandria-ocasio-cortez\/\" rel=\"nofollow noopener\" target=\"_blank\" data-ylk=\"slk:Alexandria Ocasio-Cortez;elm:context_link;itc:0;sec:content-canvas\">Alexandria Ocasio-Cortez<\/a>. <\/p>\n<p class=\"mb-4 text-lg md:leading-8 break-words\">Militant propalestinien depuis ses ann\u00e9es \u00e9tudiantes, il qualifie <a class=\"link \" href=\"https:\/\/www.france24.com\/fr\/tag\/isra\u00ebl\/\" rel=\"nofollow noopener\" target=\"_blank\" data-ylk=\"slk:Isra\u00ebl;elm:context_link;itc:0;sec:content-canvas\">Isra\u00ebl<\/a> de \u00ab\u00a0r\u00e9gime d&rsquo;apartheid\u00a0\u00bb et d\u00e9crit la guerre \u00e0 Gaza comme un \u00ab\u00a0g\u00e9nocide\u00a0\u00bb \u2013 des positions qui lui valent l&rsquo;hostilit\u00e9 d&rsquo;une partie de la communaut\u00e9 juive. Soucieux d&rsquo;apaiser les tensions, il mart\u00e8le depuis plusieurs mois sa fermet\u00e9 face \u00e0 toute forme d&rsquo;antis\u00e9mitisme.<\/p>\n<ol class=\"mb-4\">\n<li class=\"ml-4 list-decimal\">\n<p>Andrew Cuomo, le retour du v\u00e9t\u00e9ran d\u00e9mocrate<\/p>\n<\/li>\n<\/ol>\n<p class=\"mb-4 text-lg md:leading-8 break-words\">\u00c0 67 ans, Andrew Cuomo joue sa survie politique. Figure de l&rsquo;establishment d\u00e9mocrate et membre du cabinet pr\u00e9sidentiel sous <a class=\"link \" href=\"https:\/\/www.france24.com\/fr\/tag\/bill-clinton\/\" rel=\"nofollow noopener\" target=\"_blank\" data-ylk=\"slk:Bill Clinton;elm:context_link;itc:0;sec:content-canvas\">Bill Clinton<\/a>,\u00a0il se pr\u00e9sente comme candidat ind\u00e9pendant sous l&rsquo;\u00e9tiquette de son parti Fight and Deliver, apr\u00e8s sa d\u00e9faite \u00e0 la primaire d\u00e9mocrate face \u00e0 Zohran Mamdani.<\/p>\n<p class=\"mb-4 text-lg md:leading-8 break-words\">Ce retour intervient trois ans apr\u00e8s une chute vertigineuse : en 2021, au moins onze femmes l&rsquo;accusent de harc\u00e8lement sexuel, le poussant \u00e0 d\u00e9missionner de son poste de gouverneur de l&rsquo;\u00c9tat de New York qu&rsquo;il occupe depuis 2011. Ce v\u00e9t\u00e9ran centriste reste \u00e9galement vis\u00e9 par une enqu\u00eate du minist\u00e8re de la Justice sur la gestion des d\u00e9c\u00e8s en maisons de retraite pendant la pand\u00e9mie de <a class=\"link \" href=\"https:\/\/www.france24.com\/fr\/tag\/covid-19\/\" rel=\"nofollow noopener\" target=\"_blank\" data-ylk=\"slk:Covid-19;elm:context_link;itc:0;sec:content-canvas\">Covid-19<\/a>.<\/p>\n<p class=\"mb-4 text-lg md:leading-8 break-words\">Pour redorer son image, Andrew Cuomo mise sur un th\u00e8me classique : la <a href=\"https:\/\/www.andrewcuomo.com\/sites\/default\/files\/documents\/public-safety-plan.pdf\" rel=\"nofollow noopener\" target=\"_blank\" data-ylk=\"slk:&quot;s\u00e9curit\u00e9 publique&quot;;elm:context_link;itc:0;sec:content-canvas\" class=\"link \">\u00ab\u00a0s\u00e9curit\u00e9 publique\u00a0\u00bb<\/a>. Il promet d&#8217;embaucher 5 000 agents suppl\u00e9mentaires du NYPD et de s\u00e9vir contre les infractions li\u00e9es aux v\u00e9los \u00e9lectriques. Sur le plan social, il propose d&rsquo;\u00e9largir l&rsquo;acc\u00e8s au logement, \u00e0 la garde d&rsquo;enfants, aux soins de sant\u00e9 et aux transports, tout en plaidant pour que les sans-abri soient retir\u00e9s de la rue.<\/p>\n<p class=\"mb-4 text-lg md:leading-8 break-words\">\u00c0 lire aussi<a class=\"link \" href=\"https:\/\/www.france24.com\/fr\/am\u00e9riques\/20250615-pr\u00e9sidentielle-2028-gavin-newsom-pourfendeur-de-trump-peut-il-incarner-l-espoir-d\u00e9mocrate\" rel=\"nofollow noopener\" target=\"_blank\" data-ylk=\"slk:Pr\u00e9sidentielle 2028\u00a0: Gavin Newsom, pourfendeur de Trump, peut-il incarner l&#039;espoir d\u00e9mocrate\u00a0?;elm:context_link;itc:0;sec:content-canvas\">Pr\u00e9sidentielle 2028\u00a0: Gavin Newsom, pourfendeur de Trump, peut-il incarner l&rsquo;espoir d\u00e9mocrate\u00a0?<\/a><\/p>\n<p class=\"mb-4 text-lg md:leading-8 break-words\">Le candidat ind\u00e9pendant a multipli\u00e9 les apparitions dans les m\u00e9dias de droite et sillonn\u00e9 les bastions r\u00e9publicains de la ville. Il b\u00e9n\u00e9ficie du soutien du maire sortant <a class=\"link \" href=\"https:\/\/www.france24.com\/fr\/tag\/eric-adams\/\" rel=\"nofollow noopener\" target=\"_blank\" data-ylk=\"slk:Eric Adams;elm:context_link;itc:0;sec:content-canvas\">Eric Adams<\/a> et de plusieurs milliardaires, dont William P. Lauder, Barry Diller, Michael Kors et <a class=\"link \" href=\"https:\/\/www.france24.com\/fr\/tag\/michael-bloomberg\/\" rel=\"nofollow noopener\" target=\"_blank\" data-ylk=\"slk:Michael Bloomberg;elm:context_link;itc:0;sec:content-canvas\">Michael Bloomberg<\/a>.<\/p>\n<p class=\"mb-4 text-lg md:leading-8 break-words\">Fin octobre, sa campagne bascule dans la pol\u00e9mique, lorsqu&rsquo;il qualifie son rival Zohran Mamdani de \u00ab\u00a0sympathisant terroriste\u00a0\u00bb \u00e0 la radio, en raison de ses positions propalestiniennes. \u00ab\u00a0Chaque matin, une crise peut survenir et des vies sont en jeu. Dieu nous pr\u00e9serve d&rsquo;un autre 11-Septembre. Pouvez-vous imaginer Mamdani \u00e0 ce poste ?\u00a0\u00bb, <a href=\"https:\/\/www.washingtonpost.com\/politics\/2025\/10\/23\/cuomo-mamdani-attacks-new-york\/\" rel=\"nofollow noopener\" target=\"_blank\" data-ylk=\"slk:lance-t-il dans l&#039;\u00e9mission Sid &amp; Friends;elm:context_link;itc:0;sec:content-canvas\" class=\"link \">lance-t-il dans l&rsquo;\u00e9mission Sid &amp; Friends<\/a>, en r\u00e9f\u00e9rence aux attentats de 2001. Le principal int\u00e9ress\u00e9 a d\u00e9nonc\u00e9 des propos \u00ab\u00a0d\u00e9go\u00fbtants et racistes\u00a0\u00bb. <\/p>\n<ol class=\"mb-4\">\n<li class=\"ml-4 list-decimal\">\n<p>Curtis Sliwa, le \u00ab\u00a0b\u00e9ret rouge\u00a0\u00bb qui refuse de c\u00e9der<\/p>\n<\/li>\n<\/ol>\n<p class=\"mb-4 text-lg md:leading-8 break-words\">Le troisi\u00e8me homme est Curtis Sliwa, r\u00e9publicain de 71 ans, dont les chances de l&#8217;emporter sont plus que maigres dans ce bastion d\u00e9mocrate qu&rsquo;est New York. Fondateur des <a href=\"https:\/\/www.france24.com\/en\/20200511-guardian-angels-new-york-citizen-crime-fighters-tackle-covid-19-crisis\" rel=\"nofollow noopener\" target=\"_blank\" data-ylk=\"slk:Guardian Angels;elm:context_link;itc:0;sec:content-canvas\" class=\"link \">Guardian Angels<\/a>, groupe de patrouilles citoyennes n\u00e9 dans le m\u00e9tro new-yorkais \u00e0 la fin des ann\u00e9es 1970, ce populiste ignore les appels de certains hauts responsables conservateurs \u00e0 se retirer pour laisser le champ libre \u00e0 Andrew Cuomo. \u00ab\u00a0Je suis le seul \u00e0 m&rsquo;opposer \u00e0 Zohran Mamdani et Andrew Cuomo, que j&rsquo;appelle \u2018Zohran au rabais'\u00a0\u00bb, a d\u00e9clar\u00e9 Curtis Sliwa <a href=\"https:\/\/www.cbsnews.com\/newyork\/news\/nyc-mayor-race-curtis-sliwa-zohran-mamdani-andrew-cuomo\/\" rel=\"nofollow noopener\" target=\"_blank\" data-ylk=\"slk:\u00e0 CBS News d\u00e9but octobre;elm:context_link;itc:0;sec:content-canvas\" class=\"link \">\u00e0 CBS News d\u00e9but octobre<\/a>.<\/p>\n<p class=\"mb-4 text-lg md:leading-8 break-words\">Ancien animateur de radio sur WABC-AM, fid\u00e8le \u00e0 son b\u00e9ret rouge <a href=\"https:\/\/nypost.com\/2021\/08\/06\/curtis-sliwa-shows-off-tan-line-after-removing-famous-beret-at-rally\/\" rel=\"nofollow noopener\" target=\"_blank\" data-ylk=\"slk:qu&#039;il dit porter m\u00eame pour dormir;elm:context_link;itc:0;sec:content-canvas\" class=\"link \">qu&rsquo;il dit porter m\u00eame pour dormir<\/a>, Curtis Sliwa revendique un programme\u00a0du \u00ab\u00a0respect de la loi et de l&rsquo;ordre\u00a0\u00bb\u00a0: 7 000 policiers suppl\u00e9mentaires, retour des unit\u00e9s controvers\u00e9es de lutte contre la criminalit\u00e9, et \u00ab\u00a0surveillance proactive des porteurs d&rsquo;armes ill\u00e9gales\u00a0\u00bb. Il se pr\u00e9sente aussi sous l&rsquo;\u00e9tiquette de son Parti pour la protection des animaux, promettant d&rsquo;interdire les cal\u00e8ches tir\u00e9es par des chevaux et les euthanasies dans les refuges de la ville.<\/p>\n<p class=\"mb-4 text-lg md:leading-8 break-words\">Il a grandi \u00e0 Brooklyn dans une famille catholique d&rsquo;origine polonaise et italienne. Nombreux sont ceux qui le consid\u00e8rent encore comme un symbole de la solidarit\u00e9 new-yorkaise face aux d\u00e9faillances de l&rsquo;administration municipale. Mais son pass\u00e9 de justicier urbain a aussi \u00e9t\u00e9 marqu\u00e9 par des accusations de profilage racial et des mises en sc\u00e8ne de fausses agressions dans les ann\u00e9es 1990. D\u00e9j\u00e0 <a href=\"https:\/\/www.france24.com\/fr\/am\u00e9riques\/20211103-\u00e9tats-unis-l-afro-am\u00e9ricain-eric-adams-\u00e9lu-maire-de-new-york\" rel=\"nofollow noopener\" target=\"_blank\" data-ylk=\"slk:candidat malheureux face \u00e0 Eric Adams en 2021;elm:context_link;itc:0;sec:content-canvas\" class=\"link \">candidat malheureux face \u00e0 Eric Adams en 2021<\/a>, Curtis Sliwa peine \u00e0 \u00e9largir son \u00e9lectorat au-del\u00e0 d&rsquo;un noyau dur de partisans conservateurs.\u00a0Il revendique une certaine ind\u00e9pendance vis-\u00e0-vis des grands donateurs et de Donald Trump, un positionnement rare dans les rangs r\u00e9publicains. Lors d&rsquo;une interview pour Good Day, il a pr\u00e9cis\u00e9 qu\u2019il n\u2019\u00e9tait pas \u00ab\u00a0le candidat de Trump\u00a0\u00bb.<\/p>\n<p class=\"mb-4 text-lg md:leading-8 break-words\">\u00c0 lire aussi<a class=\"link \" href=\"https:\/\/www.france24.com\/fr\/am\u00e9riques\/20250407-deconnecte-trop-modere-pourquoi-parti-d\u00e9mocrate-peine-capitaliser-col\u00e8re-anti-trump-etats-unis\" rel=\"nofollow noopener\" target=\"_blank\" data-ylk=\"slk:D\u00e9connect\u00e9, &quot;trop mod\u00e9r\u00e9&quot;\u00a0: pourquoi le Parti d\u00e9mocrate peine \u00e0 capitaliser sur la col\u00e8re anti-Trump;elm:context_link;itc:0;sec:content-canvas\">D\u00e9connect\u00e9, \u00ab\u00a0trop mod\u00e9r\u00e9\u00a0\u00bb\u00a0: pourquoi le Parti d\u00e9mocrate peine \u00e0 capitaliser sur la col\u00e8re anti-Trump<\/a><\/p>\n<ol class=\"mb-4\">\n<li class=\"ml-4 list-decimal\">\n<p>Les candidatures marginales<\/p>\n<\/li>\n<\/ol>\n<p class=\"mb-4 text-lg md:leading-8 break-words\">Sur les bulletins de vote, les New-Yorkais verront aussi deux noms largement inconnus du grand public, <a href=\"https:\/\/www.nytimes.com\/2025\/10\/31\/nyregion\/nyc-mayor-adams-walden-estrada-hernandez.html\" rel=\"nofollow noopener\" target=\"_blank\" data-ylk=\"slk:rel\u00e8ve le New York Times;elm:context_link;itc:0;sec:content-canvas\" class=\"link \">rel\u00e8ve le New York Times<\/a> : Irene Estrada, pasteure chr\u00e9tienne du Bronx investie par le Parti conservateur, et Joseph Hernandez, homme d&rsquo;affaires d&rsquo;origine cubaine \u00e0 la t\u00eate du micro-parti Qualit\u00e9 de vie.<\/p>\n<p class=\"mb-4 text-lg md:leading-8 break-words\">\u00c2g\u00e9e de 66 ans, Irene Estrada se pr\u00e9sente comme l&rsquo;alternative conservatrice \u00e0 Zohran Mamdani. Ancienne d\u00e9mocrate, elle pr\u00f4ne la fin du statut de \u00ab\u00a0ville sanctuaire\u00a0\u00bb et l&rsquo;abrogation de la r\u00e9forme de la caution de 2019, qui a \u00e9t\u00e9 supprim\u00e9e pour la majorit\u00e9 des d\u00e9lits et crimes non violents. Sa campagne, <a href=\"https:\/\/www.nyccfb.info\/vsapps\/CandidateSummary.aspx?as_cand_id=2720&amp;as_election_cycle=2025&amp;cand_name=Estrada,+Irene&amp;office=Mayor&amp;report=summ&amp;utm_source=chatgpt.com\" rel=\"nofollow noopener\" target=\"_blank\" data-ylk=\"slk:qui a lev\u00e9 seulement 810 dollars au 31 octobre;elm:context_link;itc:0;sec:content-canvas\" class=\"link \">qui a lev\u00e9 seulement 810 dollars au 31 octobre<\/a> &#8211; un chiffre d\u00e9risoire compar\u00e9 aux\u00a0<a href=\"https:\/\/www.cnbc.com\/2025\/10\/30\/mamdani-cuomo-nyc-mayor-bid-billionaire-spending.html\" rel=\"nofollow noopener\" target=\"_blank\" data-ylk=\"slk:40 millions de dollars lev\u00e9s par les Supers Pacs qui soutiennent la campagne d&#039;Andrew Cuomo;elm:context_link;itc:0;sec:content-canvas\" class=\"link \">40 millions de dollars lev\u00e9s par les Supers Pacs qui soutiennent la campagne d&rsquo;Andrew Cuomo<\/a> -, a \u00e9t\u00e9 principalement investie dans des affiches et des cartes de visite.<\/p>\n<p class=\"mb-4 text-lg md:leading-8 break-words\">De son c\u00f4t\u00e9, Joseph Hernandez, 53 ans, est entrepreneur install\u00e9 dans le Lower East Side de Manhattan. Il dit avoir lanc\u00e9 sa candidature en r\u00e9action \u00e0 l&rsquo;\u00e9lan de Zohran Mamdani, affirmant que son histoire personnelle &#8211; sa famille ayant fui le communisme cubain apr\u00e8s l&#8217;emprisonnement de son p\u00e8re &#8211; le motivait \u00e0 \u00eatre un \u00ab\u00a0excellent contrepoint\u00a0\u00bb \u00e0 cette \u00ab\u00a0id\u00e9ologie\u00a0\u00bb qu&rsquo;il associe \u00e0 la campagne de Zohran Mamdani.\u00a0Son programme m\u00eale promesses technologiques et s\u00e9curitaires : recours accru \u00e0 l&rsquo;intelligence artificielle pour \u00ab\u00a0r\u00e9parer la ville\u00a0\u00bb et recrutement de 10 000 policiers suppl\u00e9mentaires.<\/p>\n<p class=\"mb-4 text-lg md:leading-8 break-words\">Leur influence sur le scrutin reste largement marginale. Enfin, deux noms figureront sur les bulletins sans \u00eatre r\u00e9ellement en lice : le maire sortant Eric Adams et l&rsquo;ind\u00e9pendant Jim Walden, tous deux retir\u00e9s trop tard pour \u00eatre supprim\u00e9s des bulletins de vote.<\/p>\n","protected":false},"excerpt":{"rendered":"Les New-Yorkais \u00e9lisent, mardi, leur nouveau maire au terme d\u2019une campagne domin\u00e9e par Zohran Mamdani, jeune \u00e9lu socialiste&hellip;\n","protected":false},"author":2,"featured_media":506762,"comment_status":"","ping_status":"","sticky":false,"template":"","format":"standard","meta":{"footnotes":""},"categories":[1589],"tags":[11,34216,62865,73,1866,62864,415,12,1864,1865,1863,308,62863,62862],"class_list":{"0":"post-506761","1":"post","2":"type-post","3":"status-publish","4":"format-standard","5":"has-post-thumbnail","7":"category-etats-unis","8":"tag-actualites","9":"tag-andrew-cuomo","10":"tag-curtis-sliwa","11":"tag-etats-unis","12":"tag-etats-unis-damerique","13":"tag-mamdani","14":"tag-new-york","15":"tag-news","16":"tag-united-states","17":"tag-united-states-of-america","18":"tag-us","19":"tag-usa","20":"tag-villes-les-plus-cheres-du-monde","21":"tag-zohran-mamdani"},"share_on_mastodon":{"url":"https:\/\/pubeurope.com\/@fr\/115480198082587437","error":""},"_links":{"self":[{"href":"https:\/\/www.europesays.com\/fr\/wp-json\/wp\/v2\/posts\/506761","targetHints":{"allow":["GET"]}}],"collection":[{"href":"https:\/\/www.europesays.com\/fr\/wp-json\/wp\/v2\/posts"}],"about":[{"href":"https:\/\/www.europesays.com\/fr\/wp-json\/wp\/v2\/types\/post"}],"author":[{"embeddable":true,"href":"https:\/\/www.europesays.com\/fr\/wp-json\/wp\/v2\/users\/2"}],"replies":[{"embeddable":true,"href":"https:\/\/www.europesays.com\/fr\/wp-json\/wp\/v2\/comments?post=506761"}],"version-history":[{"count":0,"href":"https:\/\/www.europesays.com\/fr\/wp-json\/wp\/v2\/posts\/506761\/revisions"}],"wp:featuredmedia":[{"embeddable":true,"href":"https:\/\/www.europesays.com\/fr\/wp-json\/wp\/v2\/media\/506762"}],"wp:attachment":[{"href":"https:\/\/www.europesays.com\/fr\/wp-json\/wp\/v2\/media?parent=506761"}],"wp:term":[{"taxonomy":"category","embeddable":true,"href":"https:\/\/www.europesays.com\/fr\/wp-json\/wp\/v2\/categories?post=506761"},{"taxonomy":"post_tag","embeddable":true,"href":"https:\/\/www.europesays.com\/fr\/wp-json\/wp\/v2\/tags?post=506761"}],"curies":[{"name":"wp","href":"https:\/\/api.w.org\/{rel}","templated":true}]}}