{"id":506763,"date":"2025-11-02T12:52:11","date_gmt":"2025-11-02T12:52:11","guid":{"rendered":"https:\/\/www.europesays.com\/fr\/506763\/"},"modified":"2025-11-02T12:52:11","modified_gmt":"2025-11-02T12:52:11","slug":"un-passager-du-train-raconte","status":"publish","type":"post","link":"https:\/\/www.europesays.com\/fr\/506763\/","title":{"rendered":"un passager du train raconte"},"content":{"rendered":"\n<p class=\"article__paragraph  \">Une attaque au couteau dans un train pr\u00e8s de Cambridge, dans l\u2019est de l\u2019Angleterre, a fait au moins dix bless\u00e9s, dont deux sont toujours hospitalis\u00e9s dans un \u00e9tat grave dimanche 2\u00a0novembre. Des t\u00e9moins, \u00e0 bord du train au moment de l\u2019agression, ont d\u00e9crit des sc\u00e8nes de panique et de confusion. \u00ab\u00a0Je regarde ma main et elle est couverte de sang. Puis je regarde la chaise et il y a du sang partout sur la chaise. Et puis je regarde devant moi et il y a du sang partout sur les chaises\u00a0\u00bb, a notamment racont\u00e9 Olly Foster, un passager du train.<\/p>\n<p class=\"article__paragraph  \">Deux hommes, de 32\u00a0ans et 35\u00a0ans, ont \u00e9t\u00e9 arr\u00eat\u00e9s pour \u00ab\u00a0suspicion de tentative de meurtre\u00a0\u00bb et sont toujours en d\u00e9tention. \u00ab\u00a0Tous deux sont n\u00e9s au Royaume-Uni\u00a0\u00bb, a pr\u00e9cis\u00e9 le superintendant de la police des transports, John Loveless. \u00c0 ce stade, les autorit\u00e9s britanniques \u00e9cartent le motif \u00ab\u00a0terroriste\u00a0\u00bb.<\/p>\n<p class=\"article__author-container\"> <a class=\"article__author-link\" href=\"https:\/\/www.lemonde.fr\/signataires\/service-video\/\" rel=\"nofollow noopener\" target=\"_blank\"> Service vid\u00e9o du Monde<\/a> (avec Reuters) <\/p>\n<p>L\u2019espace des contributions est r\u00e9serv\u00e9 aux abonn\u00e9s.<\/p>\n<p>Abonnez-vous pour acc\u00e9der \u00e0 cet espace d\u2019\u00e9change et contribuer \u00e0 la discussion.<\/p>\n<p>    <a href=\"https:\/\/abo.lemonde.fr\/?edi_medium=BOUTONS_LMFR&amp;edi_campaign=CONTRIBUTION_ARTICLE\" class=\"btn btn--premium js-btn-premium\" rel=\"nofollow noopener\" target=\"_blank\">S\u2019abonner<\/a>              <a href=\"https:\/\/www.lemonde.fr\/syndication\/\" class=\"reuse__content\" title=\"R\u00e9utiliser ce contenu\" target=\"_blank\" rel=\"nofollow noopener\">R\u00e9utiliser ce contenu<\/a>      <\/p>\n","protected":false},"excerpt":{"rendered":"Une attaque au couteau dans un train pr\u00e8s de Cambridge, dans l\u2019est de l\u2019Angleterre, a fait au moins&hellip;\n","protected":false},"author":2,"featured_media":506764,"comment_status":"","ping_status":"","sticky":false,"template":"","format":"standard","meta":{"footnotes":""},"categories":[1588],"tags":[11,1777,674,12,473,1853,1851,1850,1852],"class_list":{"0":"post-506763","1":"post","2":"type-post","3":"status-publish","4":"format-standard","5":"has-post-thumbnail","7":"category-royaume-uni","8":"tag-actualites","9":"tag-eu","10":"tag-europe","11":"tag-news","12":"tag-royaume-uni","13":"tag-royaume-uni-de-grande-bretagne-et-dirlande-du-nord","14":"tag-uk","15":"tag-united-kingdom","16":"tag-united-kingdom-of-great-britain-and-northern-ireland"},"share_on_mastodon":{"url":"","error":""},"_links":{"self":[{"href":"https:\/\/www.europesays.com\/fr\/wp-json\/wp\/v2\/posts\/506763","targetHints":{"allow":["GET"]}}],"collection":[{"href":"https:\/\/www.europesays.com\/fr\/wp-json\/wp\/v2\/posts"}],"about":[{"href":"https:\/\/www.europesays.com\/fr\/wp-json\/wp\/v2\/types\/post"}],"author":[{"embeddable":true,"href":"https:\/\/www.europesays.com\/fr\/wp-json\/wp\/v2\/users\/2"}],"replies":[{"embeddable":true,"href":"https:\/\/www.europesays.com\/fr\/wp-json\/wp\/v2\/comments?post=506763"}],"version-history":[{"count":0,"href":"https:\/\/www.europesays.com\/fr\/wp-json\/wp\/v2\/posts\/506763\/revisions"}],"wp:featuredmedia":[{"embeddable":true,"href":"https:\/\/www.europesays.com\/fr\/wp-json\/wp\/v2\/media\/506764"}],"wp:attachment":[{"href":"https:\/\/www.europesays.com\/fr\/wp-json\/wp\/v2\/media?parent=506763"}],"wp:term":[{"taxonomy":"category","embeddable":true,"href":"https:\/\/www.europesays.com\/fr\/wp-json\/wp\/v2\/categories?post=506763"},{"taxonomy":"post_tag","embeddable":true,"href":"https:\/\/www.europesays.com\/fr\/wp-json\/wp\/v2\/tags?post=506763"}],"curies":[{"name":"wp","href":"https:\/\/api.w.org\/{rel}","templated":true}]}}