{"id":506769,"date":"2025-11-02T12:55:16","date_gmt":"2025-11-02T12:55:16","guid":{"rendered":"https:\/\/www.europesays.com\/fr\/506769\/"},"modified":"2025-11-02T12:55:16","modified_gmt":"2025-11-02T12:55:16","slug":"une-ministre-de-lia-nommee-par-edi-rama-peut-elle-propulser-lalbanie-sur-la-voie-de-ladhesion-a-lue","status":"publish","type":"post","link":"https:\/\/www.europesays.com\/fr\/506769\/","title":{"rendered":"Une ministre de l&rsquo;IA nomm\u00e9e par Edi Rama peut-elle propulser l&rsquo;Albanie sur la voie de l&rsquo;adh\u00e9sion \u00e0 l&rsquo;UE\u00a0?"},"content":{"rendered":"<p>Le Premier ministre albanais, Edi Rama, pense avoir trouv\u00e9 la recette secr\u00e8te pour rapprocher plus rapidement son pays de l&rsquo;Union europ\u00e9enne : l&rsquo;intelligence artificielle.<\/p>\n<p>Face aux pressions en faveur de r\u00e9formes visant \u00e0 acc\u00e9l\u00e9rer l&rsquo;adh\u00e9sion du pays \u00e0 l&rsquo;UE, le gouvernement de Rama recourt \u00e0 l&rsquo;intelligence artificielle dans l&rsquo;espoir d&rsquo;harmoniser plus rapidement et plus efficacement la l\u00e9gislation albanaise avec celle de l&rsquo;UE. <\/p>\n<p>Cette initiative se concr\u00e9tise par un avatar virtuel nomm\u00e9 \u00ab Diella \u00bb, charg\u00e9 d&rsquo;am\u00e9liorer les march\u00e9s publics et de lutter contre la corruption. Si ce projet audacieux a suscit\u00e9 un vif int\u00e9r\u00eat international, il soul\u00e8ve \u00e9galement de nombreuses questions.<\/p>\n<p>Diella, dont le nom signifie \u00ab\u00a0soleil\u00a0\u00bb en albanais, se pr\u00e9sente sous la forme d&rsquo;une femme v\u00eatue d&rsquo;un costume albanais traditionnel et a commenc\u00e9 sa vie gouvernementale sous la forme d&rsquo;un chatbot aidant les Albanais \u00e0 naviguer dans les services gouvernementaux en ligne. <\/p>\n<p>Rama, qui a obtenu un quatri\u00e8me mandat cons\u00e9cutif en mai, affirme pouvoir faire de l&rsquo;Albanie \u00ab un pays o\u00f9 les appels d&rsquo;offres publics sont 100 % exempts de corruption \u00bb et acc\u00e9l\u00e9rer son adh\u00e9sion \u00e0 l&rsquo;UE.<\/p>\n<p>Andreas Schieder, le rapporteur du Parlement europ\u00e9en sur l&rsquo;Albanie, a d\u00e9clar\u00e9 \u00e0 <strong>Euronews<\/strong> que le pays progressait rapidement sur la voie de l&rsquo;adh\u00e9sion \u00e0 l&rsquo;UE, notamment gr\u00e2ce \u00e0 des r\u00e9formes en mati\u00e8re de num\u00e9risation, et qu&rsquo;il pourrait \u00eatre en mesure de cl\u00f4turer les n\u00e9gociations d&rsquo;ici la premi\u00e8re moiti\u00e9 de 2027.<\/p>\n<p>\u00ab\u00a0Diella vise \u00e0 changer la perception de l&rsquo;administration publique et des march\u00e9s publics. Il envoie un signal fort aux investisseurs \u00e9trangers, qui voient une pression pour des processus plus justes et plus responsables en Albanie \u00ab\u00a0, a-t-il d\u00e9clar\u00e9 \u00e0 <strong>Euronews<\/strong> apr\u00e8s son retour d&rsquo;Albanie vendredi, ajoutant que Diella a fait objet de discussions \u00a0\u00bb tr\u00e8s intenses \u00a0\u00bb lors de ses \u00e9changes avec les repr\u00e9sentants albanais sur l&rsquo;adh\u00e9sion \u00e0 l&rsquo;UE.<\/p>\n<p>Le gouvernement albanais a d\u00e9clar\u00e9 que Diella serait exploit\u00e9e sous surveillance humaine. Et pour certains, cela pourrait changer la donne dans la fa\u00e7on dont la bureaucratie gouvernementale est g\u00e9r\u00e9e.<\/p>\n<p>\u00ab\u00a0L&rsquo;IA a \u00e9t\u00e9 test\u00e9e avec succ\u00e8s par un certain nombre d&rsquo;organismes internationaux pour rendre les march\u00e9s publics plus transparents et tester les irr\u00e9gularit\u00e9s qui pourraient conduire \u00e0 la corruption \u00ab\u00a0, a d\u00e9clar\u00e9 \u00e0 <strong>Euronews<\/strong> Andi Hoxhaj, un expert des Balkans au King&rsquo;s College de Londres.<\/p>\n<p>\u00ab\u00a0Il s&rsquo;agit \u00e9galement d&rsquo;envoyer un message : L&rsquo;Albanie prend la corruption tr\u00e8s au s\u00e9rieux et tente quelque chose de nouveau. Si les anciennes m\u00e9thodes ne fonctionnent pas, il est temps d&rsquo;en adopter de nouvelles\u00a0\u00bb.<\/p>\n<p><strong>Inqui\u00e9tudes concernant la l\u00e9gitimit\u00e9, la s\u00e9curit\u00e9 et la souverainet\u00e9<\/strong><\/p>\n<p>Mais Diella suscite \u00e9galement de nombreuses inqui\u00e9tudes, les experts mettant en doute sa l\u00e9gitimit\u00e9 et son objectivit\u00e9.<\/p>\n<p>\u00ab\u00a0Un algorithme comporte toujours des biais \u00ab\u00a0, a d\u00e9clar\u00e9 \u00e0 <strong>Euronews<\/strong> Clotilde B\u00f4mont, analyste politique principale pour les technologies cybern\u00e9tiques et num\u00e9riques \u00e0 l&rsquo;Institut d&rsquo;\u00e9tudes de s\u00e9curit\u00e9 de l&rsquo;Union europ\u00e9enne (EUISS).<\/p>\n<p>\u00ab\u00a0Le contexte social, industriel, \u00e9conomique et scientifique dans lequel un mod\u00e8le d&rsquo;IA est d\u00e9velopp\u00e9 influence l&rsquo;algorithme et a donc un <a href=\"https:\/\/www.iss.europa.eu\/publications\/commentary\/artificial-intelligence-real-politics-what-albanias-ai-minister-means-eu\" target=\"_blank\" rel=\"noreferrer noopener\">impact<\/a> sur les r\u00e9sultats. \u00ab\u00a0<\/p>\n<p>Bien que le gouvernement ne l&rsquo;ait pas confirm\u00e9, les experts estiment que Diella est tr\u00e8s probablement bas\u00e9e sur l&rsquo;algorithme de l&rsquo;entreprise am\u00e9ricaine OpenAI et h\u00e9berg\u00e9e sur le nuage Azure de Microsoft. Le Premier ministre Rama collabore depuis longtemps avec la dirigeante albano-am\u00e9ricaine Mira Murati, ancienne directrice de la technologie d&rsquo;OpenAI et directrice g\u00e9n\u00e9rale de Thinking Machines Lab.<\/p>\n<p>Face \u00e0 la domination des \u00c9tats-Unis dans l&rsquo;espace num\u00e9rique et \u00e0 l&rsquo;expansion rapide de la Chine, l&rsquo;Union europ\u00e9enne cherche \u00e0 renforcer sa propre souverainet\u00e9 num\u00e9rique en r\u00e9duisant sa d\u00e9pendance \u00e0 l&rsquo;\u00e9gard d&rsquo;acteurs non-europ\u00e9ens et d&rsquo;entreprises \u00e9trang\u00e8res, notamment en ce qui concerne l&rsquo;IA et les syst\u00e8mes d&rsquo;informatique en nuage.<\/p>\n<p>L&rsquo;UE s&rsquo;est \u00e9galement d\u00e9clar\u00e9e pr\u00e9occup\u00e9e par le CLOUD Act du gouvernement am\u00e9ricain, qui pourrait lui permettre d&rsquo;espionner les donn\u00e9es europ\u00e9ennes stock\u00e9es par des entreprises am\u00e9ricaines. Un ministre fonctionnant sur la base de mod\u00e8les d&rsquo;IA \u00e9trangers pourrait \u00eatre probl\u00e9matique, avertissent les experts.<\/p>\n<p>\u00ab\u00a0Cela permettrait-il \u00e0 Microsoft ou au gouvernement am\u00e9ricain d&rsquo;acc\u00e9der aux donn\u00e9es ? C&rsquo;est un grand d\u00e9bat\u00a0\u00bb, explique Clotilde B\u00f4mont.<\/p>\n<p>\u00ab\u00a0M\u00eame si le fournisseur am\u00e9ricain parvient \u00e0 mettre en \u0153uvre toutes les garanties techniques possibles, il subsistera des risques g\u00e9opolitiques et juridiques r\u00e9siduels, car deux juridictions sont effectivement en concurrence ici, l&rsquo;europ\u00e9enne et l&rsquo;am\u00e9ricaine.\u00a0\u00bb<\/p>\n<p>La publicit\u00e9 que Rama a gagn\u00e9e avec Diella pourrait \u00e9galement attirer les pirates informatiques et les cyber-attaques.<\/p>\n<p><strong>L&rsquo;Albanie prend les r\u00e9formes anti-corruption au s\u00e9rieux<\/strong><\/p>\n<p>Malgr\u00e9 ces inqui\u00e9tudes, Edi Rama a re\u00e7u une attention internationale &#8211; et des applaudissements &#8211; pour son approche audacieuse visant \u00e0 renforcer la transparence, une demande essentielle de l&rsquo;UE.<\/p>\n<p>\u00ab\u00a0Bien s\u00fbr, j&rsquo;ai des critiques et des doutes\u00a0\u00bb, a d\u00e9clar\u00e9 Andreas Schieder du Parlement europ\u00e9en, \u00ab\u00a0mais la volont\u00e9 de lutter contre la corruption l&#8217;emporte sur ces critiques\u00a0\u00bb.<\/p>\n<p>Les appels d&rsquo;offres publics ont \u00e9t\u00e9 au c\u0153ur de scandales de corruption en Albanie par le pass\u00e9. L&rsquo;\u00e9limination des irr\u00e9gularit\u00e9s impliquant l&rsquo;administration publique est l&rsquo;une des principales exigences de Bruxelles en ce qui concerne le processus d&rsquo;adh\u00e9sion de l&rsquo;Albanie \u00e0 l&rsquo;UE.<\/p>\n<p>Dans son dernier rapport sur la candidature de l&rsquo;Albanie, la Commission europ\u00e9enne note que \u00ab\u00a0dans l&rsquo;ensemble, la corruption reste un grave sujet de pr\u00e9occupation\u00a0\u00bb, ajoutant que les march\u00e9s publics sont l&rsquo;un des \u00ab\u00a0secteurs les plus vuln\u00e9rables\u00a0\u00bb.<\/p>\n<p>Le pays s&rsquo;est efforc\u00e9 de redorer son image internationale, souvent li\u00e9e \u00e0 la criminalit\u00e9 organis\u00e9e. Le Premier ministre Rama a d\u00e9nonc\u00e9 ces \u00ab\u00a0st\u00e9r\u00e9otypes d\u00e9pass\u00e9s\u00a0\u00bb.<\/p>\n<p>\u00c0 la suite d&rsquo;une vaste r\u00e9forme judiciaire et constitutionnelle en 2016, son administration a mis en place un organisme sp\u00e9cial de lutte contre la corruption, connu sous le nom de SPAK, pour s&rsquo;attaquer \u00e0 la corruption et \u00e0 la criminalit\u00e9 organis\u00e9e au plus haut niveau du gouvernement.<\/p>\n<p>L&rsquo;agence est depuis devenue l&rsquo;institution la plus digne de confiance du pays, plus de la moiti\u00e9 des Albanais d\u00e9clarant avoir confiance en l&rsquo;institution, selon un <a href=\"https:\/\/euronews.al\/en\/trust-in-spak-increases-52-1-of-citizens-have-confidence-in-the-institution\/\" target=\"_blank\" rel=\"noreferrer noopener\">sondage <\/a>d&rsquo;<strong>Euronews Albanie<\/strong>. Avant sa cr\u00e9ation, peu d&rsquo;affaires de corruption \u00e9taient poursuivies en raison des pots-de-vin et des pressions politiques.<\/p>\n","protected":false},"excerpt":{"rendered":"Le Premier ministre albanais, Edi Rama, pense avoir trouv\u00e9 la recette secr\u00e8te pour rapprocher plus rapidement son pays&hellip;\n","protected":false},"author":2,"featured_media":506770,"comment_status":"","ping_status":"","sticky":false,"template":"","format":"standard","meta":{"footnotes":""},"categories":[1586],"tags":[11,6157,1777,674,1779,1011,27,12,3886,25,62372,1778,364],"class_list":{"0":"post-506769","1":"post","2":"type-post","3":"status-publish","4":"format-standard","5":"has-post-thumbnail","7":"category-europe","8":"tag-actualites","9":"tag-elargissement-de-lunion-europeenne","10":"tag-eu","11":"tag-europe","12":"tag-european-union","13":"tag-fr","14":"tag-france","15":"tag-news","16":"tag-politique-de-lue","17":"tag-republique-francaise","18":"tag-sommet-deuronews-sur-lelargissement-de-lue","19":"tag-ue","20":"tag-union-europeenne"},"share_on_mastodon":{"url":"https:\/\/pubeurope.com\/@fr\/115480213901944168","error":""},"_links":{"self":[{"href":"https:\/\/www.europesays.com\/fr\/wp-json\/wp\/v2\/posts\/506769","targetHints":{"allow":["GET"]}}],"collection":[{"href":"https:\/\/www.europesays.com\/fr\/wp-json\/wp\/v2\/posts"}],"about":[{"href":"https:\/\/www.europesays.com\/fr\/wp-json\/wp\/v2\/types\/post"}],"author":[{"embeddable":true,"href":"https:\/\/www.europesays.com\/fr\/wp-json\/wp\/v2\/users\/2"}],"replies":[{"embeddable":true,"href":"https:\/\/www.europesays.com\/fr\/wp-json\/wp\/v2\/comments?post=506769"}],"version-history":[{"count":0,"href":"https:\/\/www.europesays.com\/fr\/wp-json\/wp\/v2\/posts\/506769\/revisions"}],"wp:featuredmedia":[{"embeddable":true,"href":"https:\/\/www.europesays.com\/fr\/wp-json\/wp\/v2\/media\/506770"}],"wp:attachment":[{"href":"https:\/\/www.europesays.com\/fr\/wp-json\/wp\/v2\/media?parent=506769"}],"wp:term":[{"taxonomy":"category","embeddable":true,"href":"https:\/\/www.europesays.com\/fr\/wp-json\/wp\/v2\/categories?post=506769"},{"taxonomy":"post_tag","embeddable":true,"href":"https:\/\/www.europesays.com\/fr\/wp-json\/wp\/v2\/tags?post=506769"}],"curies":[{"name":"wp","href":"https:\/\/api.w.org\/{rel}","templated":true}]}}