{"id":50677,"date":"2025-04-25T02:31:09","date_gmt":"2025-04-25T02:31:09","guid":{"rendered":"https:\/\/www.europesays.com\/fr\/50677\/"},"modified":"2025-04-25T02:31:09","modified_gmt":"2025-04-25T02:31:09","slug":"trump-saligne-sur-poutine-et-accuse-zelensky-dempecher-la-paix","status":"publish","type":"post","link":"https:\/\/www.europesays.com\/fr\/50677\/","title":{"rendered":"Trump s\u2019aligne sur Poutine et accuse Zelensky d\u2019emp\u00eacher la paix"},"content":{"rendered":"<p><strong>R\u00c9CIT &#8211; <\/strong>L\u2019Administration am\u00e9ricaine pr\u00e9sente son plan de paix ent\u00e9rinant les conqu\u00eates de la Russie sous la forme d\u2019un ultimatum \u00e0 l\u2019Ukraine. Il a expliqu\u00e9 que la Russie avait d\u00e9j\u00e0 fait \u00ab de grosses concessions\u00bb en n\u2019envahissant pas tout le pays.<\/p>\n<p class=\"fig-paragraph\">Le choix pr\u00e9sent\u00e9 par\u00a0<a href=\"http:\/\/www.lefigaro.fr\/international\/pourquoi-donald-trump-prend-il-ses-distances-avec-le-conflit-ukrainien-20250417\" data-fig-type=\"Article\" data-gtm-custom-categorie=\"navigation\" data-gtm-custom-action=\"crossclick\" data-gtm-custom-label=\"Contextuel\" data-gtm-event=\"customEventSPE\" data-fig-domain=\"LEFIGARO\" rel=\"nofollow noopener\" target=\"_blank\">l\u2019Administration Trump<\/a>\u00a0\u00e0 l\u2019Ukraine est d\u00e9sormais clair\u00a0: soit Kiev se soumet \u00e0 un plan de paix am\u00e9ricain accordant sans contreparties \u00e0 la Russie l\u2019essentiel des territoires conquis sur l\u2019Ukraine depuis 2014, soit les \u00c9tats-Unis abandonnent \u00e0 son sort leur ancien alli\u00e9. Comme depuis le d\u00e9but des\u00a0<a href=\"http:\/\/www.lefigaro.fr\/international\/les-negociations-sur-l-ukraine-une-partition-ecrite-a-l-avance-entre-moscou-et-washington-20250317\" target=\"_blank\" data-fig-type=\"Article\" rel=\"noopener nofollow\" data-gtm-custom-categorie=\"navigation\" data-gtm-custom-action=\"crossclick\" data-gtm-custom-label=\"Contextuel\" data-gtm-event=\"customEventSPE\" data-fig-domain=\"LEFIGARO\">curieuses n\u00e9gociations<\/a>\u00a0men\u00e9es par son administration, le plan Trump laisse les causes de la guerre de c\u00f4t\u00e9, et exerce ses pressions presque uniquement sur la partie ukrainienne. \u00ab\u00a0La Russie est pr\u00eate \u00e0 conclure un accord. Nous devons conclure un accord avec Zelensky. Je pensais qu\u2019il serait plus facile de traiter avec Zelensky, mais c\u2019est plus difficile\u00a0\u00bb, a d\u00e9clar\u00e9 Trump mercredi soir dans le Bureau ovale.<\/p>\n<p class=\"fig-paragraph\">Jeudi matin, le pr\u00e9sident am\u00e9ricain a cependant exprim\u00e9 de fa\u00e7on inhabituelle son m\u00e9contentement envers la Russie apr\u00e8s ses bombardements meurtriers de la nuit contre la capitale ukrainienne. \u00ab\u00a0Je ne suis pas content des frappes russes sur Kyiv. Ce n\u2019\u00e9tait pas n\u00e9cessaire\u2026<\/p>\n<p class=\"fig-premium-paywall__infos\">\n        Cet article est r\u00e9serv\u00e9 aux abonn\u00e9s.        Il vous reste 86% \u00e0 d\u00e9couvrir.\n    <\/p>\n<p>                <img  data- alt=\"Le Figaro\" class=\"fig-img--complete fig-img\"\/><\/p>\n<p class=\"fig-premium-paywall__title\">Vous avez envie de lire la suite ?<\/p>\n<p class=\"fig-premium-paywall__subtitle\">D\u00e9bloquez tous les articles imm\u00e9diatement.<\/p>\n<p class=\"fig-premium-paywall__connect\">\n                D\u00e9j\u00e0 abonn\u00e9\u00a0?                <a class=\"fig-premium-paywall__connect-link\" href=\"https:\/\/connect.lefigaro.fr\/login?client=horizon_web&amp;type=main&amp;redirect_uri=https%3A%2F%2Fwww.lefigaro.fr%2Finternational%2Fguerre-en-ukraine-trump-s-aligne-sur-poutine-et-accuse-zelensky-d-empecher-la-paix-20250424\" data-js-gtm=\"{&quot;customCategorie&quot;: &quot;conversion&quot;, &quot;customAction&quot;: &quot;before_Landing_Connexion_paywall_auto&quot;, &quot;customLabel&quot;: &quot;bGVmaWdhcm8uZnJfXzFmMDIxMGE5LWIzY2MtNmZmNC1hZTk3LTcxYzljZTBmOGNlOV9fQXJ0aWNsZQ==_Guerre en Ukraine\u00a0: Trump s\u2019aligne sur Poutine et accuse Zelensky d\u2019emp\u00eacher la paix_261&quot;, &quot;customIDSPE&quot;: &quot;bGVmaWdhcm8uZnJfXzFmMDIxMGE5LWIzY2MtNmZmNC1hZTk3LTcxYzljZTBmOGNlOV9fQXJ0aWNsZQ==&quot;, &quot;event&quot;: &quot;customEventSPE&quot;}\" rel=\"nofollow noopener\" target=\"_blank\"><br \/>\n                    Connectez-vous<br \/>\n                <\/a>\n            <\/p>\n","protected":false},"excerpt":{"rendered":"R\u00c9CIT &#8211; L\u2019Administration am\u00e9ricaine pr\u00e9sente son plan de paix ent\u00e9rinant les conqu\u00eates de la Russie sous la forme&hellip;\n","protected":false},"author":2,"featured_media":50678,"comment_status":"","ping_status":"","sticky":false,"template":"","format":"standard","meta":{"footnotes":""},"categories":[1590],"tags":[259,11,260,75,1777,674,14,79,261,12,262,220],"class_list":{"0":"post-50677","1":"post","2":"type-post","3":"status-publish","4":"format-standard","5":"has-post-thumbnail","7":"category-ukraine","8":"tag-actualite-internationale","9":"tag-actualites","10":"tag-affaires-etrangeres","11":"tag-donald-trump","12":"tag-eu","13":"tag-europe","14":"tag-international","15":"tag-j-d-vance","16":"tag-ministere-des-affaires-etrangeres","17":"tag-news","18":"tag-politique-etrangere","19":"tag-ukraine"},"share_on_mastodon":{"url":"https:\/\/pubeurope.com\/@fr\/114396258874021013","error":""},"_links":{"self":[{"href":"https:\/\/www.europesays.com\/fr\/wp-json\/wp\/v2\/posts\/50677","targetHints":{"allow":["GET"]}}],"collection":[{"href":"https:\/\/www.europesays.com\/fr\/wp-json\/wp\/v2\/posts"}],"about":[{"href":"https:\/\/www.europesays.com\/fr\/wp-json\/wp\/v2\/types\/post"}],"author":[{"embeddable":true,"href":"https:\/\/www.europesays.com\/fr\/wp-json\/wp\/v2\/users\/2"}],"replies":[{"embeddable":true,"href":"https:\/\/www.europesays.com\/fr\/wp-json\/wp\/v2\/comments?post=50677"}],"version-history":[{"count":0,"href":"https:\/\/www.europesays.com\/fr\/wp-json\/wp\/v2\/posts\/50677\/revisions"}],"wp:featuredmedia":[{"embeddable":true,"href":"https:\/\/www.europesays.com\/fr\/wp-json\/wp\/v2\/media\/50678"}],"wp:attachment":[{"href":"https:\/\/www.europesays.com\/fr\/wp-json\/wp\/v2\/media?parent=50677"}],"wp:term":[{"taxonomy":"category","embeddable":true,"href":"https:\/\/www.europesays.com\/fr\/wp-json\/wp\/v2\/categories?post=50677"},{"taxonomy":"post_tag","embeddable":true,"href":"https:\/\/www.europesays.com\/fr\/wp-json\/wp\/v2\/tags?post=50677"}],"curies":[{"name":"wp","href":"https:\/\/api.w.org\/{rel}","templated":true}]}}