{"id":506771,"date":"2025-11-02T12:56:16","date_gmt":"2025-11-02T12:56:16","guid":{"rendered":"https:\/\/www.europesays.com\/fr\/506771\/"},"modified":"2025-11-02T12:56:16","modified_gmt":"2025-11-02T12:56:16","slug":"gerard-dit-zorro-est-porte-disparu-aux-sables-dolonne","status":"publish","type":"post","link":"https:\/\/www.europesays.com\/fr\/506771\/","title":{"rendered":"G\u00e9rard, dit \u00ab Zorro \u00bb, est port\u00e9 disparu aux Sables-d\u2019Olonne"},"content":{"rendered":"<p>            Par<br \/>\n        <strong><br \/>\n            <a href=\"https:\/\/actu.fr\/auteur\/sebastien-bethune\" title=\"Consulter tous les articles de S\u00e9bastien B\u00e9thune\" target=\"_blank\" rel=\"noopener\">S\u00e9bastien B\u00e9thune<\/a><br \/>\n        <\/strong><\/p>\n<p>        Publi\u00e9 le<\/p>\n<p>            2 nov. 2025 \u00e0 11h22        <\/p>\n<p><b>Vendredi 31 octobre 2025<\/b>, aux alentours de 14\u2009h, <a href=\"https:\/\/actu.fr\/pays-de-la-loire\/les-sables-d-olonne_85194\/les-gens-sarretent-souvent-pour-regarder-les-illumines-de-noel-de-vendee-decorent-leur-maison_61991500.html\" target=\"_blank\" rel=\"noopener\">G\u00e9rard Bonnaudet<\/a>, bien connu sous le surnom de \u00ab\u2009Zorro\u2009\u00bb, <b>a disparu <\/b>aux <a href=\"https:\/\/actu.fr\/le-journal-des-sables\/\" target=\"_blank\" rel=\"noopener\">Sables-d\u2019Olonne<\/a>.<\/p>\n<p class=\" wall-content\"><b>L\u2019homme de 76 ans<\/b> habite seul avec son chien \u00e0 rue des branches, proche de la r\u00e9sidence des Morini\u00e8res.<\/p>\n<p>Son chien laiss\u00e9 seul<\/p>\n<p class=\" wall-content\">G\u00e9rard a laiss\u00e9 son chien seul, <b>ce qui \u00ab\u2009n\u2019est pas du tout dans ses habitudes\u2009\u00bb<\/b>, confirme Emeline Rocheteau, membre de la famille de G\u00e9rard, qui a peur qu\u2019il lui <b>\u00ab\u2009arrive quelque chose de grave\u2009\u00bb.<\/b><\/p>\n<p class=\" wall-content\">Selon nos informations, un signalement a bien \u00e9t\u00e9 effectu\u00e9 \u00e0 la police, qui est \u00e0 sa recherche.<\/p>\n<p class=\" wall-content\"><b> Quatre membres de sa famille ont organis\u00e9 deux battues samedi 1er novembre, sans succ\u00e8s.\u00a0<\/b>Une troisi\u00e8me battue sera organis\u00e9e <b>ce dimanche 2 novembre \u00e0 15 h<\/b>.<\/p>\n<p class=\" wall-content\">Le rendez-vous est donn\u00e9 \u00e0 l\u2019intersection du <a href=\"https:\/\/actu.fr\/pays-de-la-loire\/les-sables-d-olonne_85194\/video-quand-les-sangliers-ravagent-le-terrain-dun-cimetiere-aux-sables-dolonne_63307767.html\" target=\"_blank\" rel=\"noopener\">cimeti\u00e8re de la R\u00e9naie<\/a>. \u00ab\u2009Nous sommes tr\u00e8s inquiets\u2009\u00bb, a-t-elle assur\u00e9.<\/p>\n<p>Vid\u00e9os : en ce moment sur ActuUn appel officiel lanc\u00e9<\/p>\n<p class=\" wall-content\">La police nationale des <a href=\"https:\/\/actu.fr\/le-journal-des-sables\/\" target=\"_blank\" rel=\"noopener\">Sables-d\u2019Olonne<\/a> lance un appel \u00e0 t\u00e9moins suite \u00e0 la disparition inqui\u00e9tante de M. G\u00e9rard Bonnaudet.<\/p>\n<p class=\" wall-content\">M. Bonnaudet a \u00e9t\u00e9 vu pour la derni\u00e8re fois le jeudi 31 octobre 2025 vers 14 heures, quittant son domicile rue des Branches, et depuis, il n\u2019a plus donn\u00e9 de nouvelles.<\/p>\n<p>Votre r\u00e9gion, votre actu !<\/p>\n<p>Recevez chaque jour les infos qui comptent pour vous.<\/p>\n<p>\t<a href=\"https:\/\/actu.fr\/newsletter\" class=\"ac-btn ac-btn--corner ac-btn--medium ac-btn--blue800\" target=\"_blank\" rel=\"noopener\">S&rsquo;incrire<\/a><\/p>\n<p class=\" wall-content\"><b>Voici sa description exacte :<\/b><\/p>\n<p class=\" wall-content\">\u2022 Taille : 1,65 m<\/p>\n<p class=\" wall-content\">\u2022 Corpulence : forte<\/p>\n<p class=\" wall-content\">\u2022 Type : europ\u00e9en<\/p>\n<p class=\" wall-content\">\u2022 Cheveux : gris<\/p>\n<p class=\" wall-content\">\u2022 V\u00eatements port\u00e9s : pantalon marron, pull bleu marine, casquette type gavroche<\/p>\n<blockquote class=\"ac-article-quote wall-content\">\n<p>Toute personne ayant aper\u00e7u M. Bonnaudet ou disposant d\u2019informations susceptibles d\u2019aider \u00e0 le retrouver est pri\u00e9e de contacter le commissariat de police nationale des Sables-d\u2019Olonne au 02 72 78 59 00 ou de composer le 17.<\/p>\n<\/blockquote>\n<p>Connu pour ses d\u00e9corations de No\u00ebl<\/p>\n<p class=\" wall-content\">\u00ab\u2009Zorro\u2009\u00bb a pass\u00e9 sa vie \u00e0 la Chaume et il est bien connu aux <a href=\"https:\/\/actu.fr\/le-journal-des-sables\/\" target=\"_blank\" rel=\"noopener\">Sables-d\u2019Olonne<\/a>.<\/p>\n<p class=\" wall-content\">Chaque ann\u00e9e, au moment de No\u00ebl, il illumine <b>son garage de nombreuses d\u00e9corations<\/b>. Il avait fait l\u2019objet de <a href=\"https:\/\/actu.fr\/pays-de-la-loire\/les-sables-d-olonne_85194\/les-gens-sarretent-souvent-pour-regarder-les-illumines-de-noel-de-vendee-decorent-leur-maison_61991500.html\" target=\"_blank\" rel=\"noopener\">plusieurs articles<\/a> dans Le Journal des Sables sur <a href=\"https:\/\/actu.fr\/pays-de-la-loire\/les-sables-d-olonne_85194\/les-sables-dolonne-la-nouvelle-creche-de-zorro-est-a-decouvrir-a-la-chaume_60456960.html\" target=\"_blank\" rel=\"noopener\">cette passion qui l\u2019anime<\/a>.<\/p>\n<p>    <img   decoding=\"async\" loading=\"lazy\" class=\"size-large\" src=\"https:\/\/www.europesays.com\/fr\/wp-content\/uploads\/2025\/11\/da3011df17756b2f411df177510051v-960x640.jpg\" alt=\"Depuis deux mois, G\u00e9rard Bonnaudet consacre son temps \u00e0 sa cr\u00e8che faite deses mains.\" width=\"960\" height=\"640\"\/><br \/>\n    G\u00e9rard Bonnaudet dit \u00ab\u00a0Zorro\u00a0\u00bb, est un adepte de d\u00e9corations de No\u00ebl. Il a disparu dans le secteur de la Chaume depuis le vendredi 31 octobre. \u00a9Archives Journal des Sables<\/p>\n<p class=\" wall-content\">Personnalisez votre actualit\u00e9 en ajoutant vos villes et m\u00e9dias en favori avec <a href=\"https:\/\/moncompte.actu.fr\" title=\"D\u00e9couvez Mon Actu\" rel=\"nofollow noopener\" data-trk=\"{&quot;cta&quot;:{&quot;action&quot;:&quot;https:\\\/\\\/moncompte.actu.fr&quot;,&quot;category&quot;:&quot;mon compte&quot;,&quot;from&quot;:&quot;article footer&quot;,&quot;name&quot;:&quot;Mon actu&quot;,&quot;type&quot;:&quot;cta&quot;}}\" target=\"_blank\">Mon Actu<\/a>.<\/p>\n","protected":false},"excerpt":{"rendered":"Par S\u00e9bastien B\u00e9thune Publi\u00e9 le 2 nov. 2025 \u00e0 11h22 Vendredi 31 octobre 2025, aux alentours de 14\u2009h,&hellip;\n","protected":false},"author":2,"featured_media":506772,"comment_status":"","ping_status":"","sticky":false,"template":"","format":"standard","meta":{"footnotes":""},"categories":[2],"tags":[11,3676,118,1011,27,12,25],"class_list":{"0":"post-506771","1":"post","2":"type-post","3":"status-publish","4":"format-standard","5":"has-post-thumbnail","7":"category-actualites","8":"tag-actualites","9":"tag-disparition-inquietante","10":"tag-faits-divers","11":"tag-fr","12":"tag-france","13":"tag-news","14":"tag-republique-francaise"},"share_on_mastodon":{"url":"https:\/\/pubeurope.com\/@fr\/115480218528361207","error":""},"_links":{"self":[{"href":"https:\/\/www.europesays.com\/fr\/wp-json\/wp\/v2\/posts\/506771","targetHints":{"allow":["GET"]}}],"collection":[{"href":"https:\/\/www.europesays.com\/fr\/wp-json\/wp\/v2\/posts"}],"about":[{"href":"https:\/\/www.europesays.com\/fr\/wp-json\/wp\/v2\/types\/post"}],"author":[{"embeddable":true,"href":"https:\/\/www.europesays.com\/fr\/wp-json\/wp\/v2\/users\/2"}],"replies":[{"embeddable":true,"href":"https:\/\/www.europesays.com\/fr\/wp-json\/wp\/v2\/comments?post=506771"}],"version-history":[{"count":0,"href":"https:\/\/www.europesays.com\/fr\/wp-json\/wp\/v2\/posts\/506771\/revisions"}],"wp:featuredmedia":[{"embeddable":true,"href":"https:\/\/www.europesays.com\/fr\/wp-json\/wp\/v2\/media\/506772"}],"wp:attachment":[{"href":"https:\/\/www.europesays.com\/fr\/wp-json\/wp\/v2\/media?parent=506771"}],"wp:term":[{"taxonomy":"category","embeddable":true,"href":"https:\/\/www.europesays.com\/fr\/wp-json\/wp\/v2\/categories?post=506771"},{"taxonomy":"post_tag","embeddable":true,"href":"https:\/\/www.europesays.com\/fr\/wp-json\/wp\/v2\/tags?post=506771"}],"curies":[{"name":"wp","href":"https:\/\/api.w.org\/{rel}","templated":true}]}}