{"id":506780,"date":"2025-11-02T13:02:11","date_gmt":"2025-11-02T13:02:11","guid":{"rendered":"https:\/\/www.europesays.com\/fr\/506780\/"},"modified":"2025-11-02T13:02:11","modified_gmt":"2025-11-02T13:02:11","slug":"alize-cornet-nouvelle-capitaine-de-lequipe-de-france-de-bjkc","status":"publish","type":"post","link":"https:\/\/www.europesays.com\/fr\/506780\/","title":{"rendered":"Aliz\u00e9 Cornet, nouvelle capitaine de l&rsquo;\u00e9quipe de France de BJKC"},"content":{"rendered":"<p><img loading=\"lazy\" decoding=\"async\" src=\"https:\/\/www.europesays.com\/fr\/wp-content\/uploads\/2025\/11\/Alize-Cornet-1871954.jpg\" width=\"16\" height=\"9\" alt=\"Aliz\u00e9 Cornet lors de son dernier Roland-Garros, \u00e0 Paris le 28 mai 2024\"\/><\/p>\n<p class=\"cover_legend\">Aliz\u00e9 Cornet lors de son dernier Roland-Garros, \u00e0 Paris le 28 mai 2024 &#8211; ANNE-CHRISTINE POUJOULAT \/ AFP<\/p>\n<p>INFO RMC SPORT &#8211; Le poste \u00e9tait inoccup\u00e9 depuis avril dernier et la d\u00e9b\u00e2cle lors du tournoi de barrages qui a vu l&rsquo;\u00e9quipe de France rester en deuxi\u00e8me division de Billie Jean King Cup. La F\u00e9d\u00e9ration fran\u00e7aise de tennis et Julien Benneteau avaient alors d\u00e9cid\u00e9 d&rsquo;arr\u00eater leur collaboration apr\u00e8s six ans de capitanat \u00e0 la t\u00eate des Bleues.\u00a0<\/p>\n<p>Un rassemblement qui avait d&rsquo;ailleurs vu <a href=\"https:\/\/rmcsport.bfmtv.com\/tennis\/billie-jean-king-cup-cornet-rappelee-en-equipe-de-france-quelques-jours-apres-sa-reprise_AD-202504070330.html\" title=\"Billie Jean King Cup: Cornet rappel\u00e9e en \u00e9quipe de France quelques jours apr\u00e8s sa reprise\" class=\"internal_link\" rel=\"nofollow noopener\" target=\"_blank\">le retour d&rsquo;Aliz\u00e9 Cornet en \u00e9quipe de France<\/a>. Probablement un pr\u00e9mice pour celle qui a toujours eu un fort attachement \u00e0 d\u00e9fendre le maillot tricolore au cours de sa carri\u00e8re.\u00a0<\/p>\n<p>Un temps cit\u00e9e au printemps dernier dans les profils \u00e9tudi\u00e9s pour prendre la suite de <a href=\"https:\/\/rmcsport.bfmtv.com\/replay-emissions\/les-grandes-gueules-du-sport\/video-tennis-c-etait-emouvant-l-hommage-de-benneteau-a-mahut_VN-202511020170.html\" title=\"Tennis : &quot;C&#039;\u00e9tait \u00e9mouvant&quot;, l&#039;hommage de Benneteau \u00e0 Mahut\" class=\"internal_link\" rel=\"nofollow noopener\" target=\"_blank\">Julien Benneteau<\/a>, Aliz\u00e9 Cornet a rejou\u00e9 quelques tournois cet \u00e9t\u00e9 pour vraiment cl\u00f4turer le grand chapitre de sa carri\u00e8re de joueuse. D&rsquo;apr\u00e8s nos informations, les choses se sont \u00e0 nouveau acc\u00e9l\u00e9r\u00e9es ces derni\u00e8res semaines. Un entretien a eu lieu avec <a href=\"https:\/\/rmcsport.bfmtv.com\/tennis\/masters-1000\/cincinnati\/masters-1000-de-cincinnati-quand-la-fft-recadrait-atmane-apres-roland-garros-tout-en-croyant-en-son-potentiel_AV-202508150363.html\" title=\"Masters 1000 de Cincinnati: quand la FFT recadrait Atmane apr\u00e8s Roland-Garros, tout en croyant en son potentiel\" class=\"internal_link\" rel=\"nofollow noopener\" target=\"_blank\">Ivan Ljubicic<\/a>, responsable du haut niveau \u00e0 la F\u00e9d\u00e9ration. Un rendez-vous d\u00e9cisif dans sa nomination. De plus, les plan\u00e8tes semblent s&rsquo;aligner car la Ni\u00e7oise a d\u00e9but\u00e9 sa formation au dipl\u00f4me d&rsquo;Etat d&rsquo;entra\u00eeneur il y a peu.\u00a0<\/p>\n<p>Mauresmo et\u00a0 Moretton n&rsquo;ont pas r\u00e9ussi \u00e0 trouver d&rsquo;accord total<\/p>\n<p>Longtemps pressentie comme favorite au poste, <a href=\"https:\/\/rmcsport.bfmtv.com\/tennis\/roland-garros\/roland-garros-remplissage-programmation-amelie-mauresmo-dresse-le-bilan-de-l-edition-2025_AV-202506080225.html\" title=\"Roland-Garros: remplissage, programmation... Am\u00e9lie Mauresmo dresse le bilan de l\u2019\u00e9dition 2025\" class=\"internal_link\" rel=\"nofollow noopener\" target=\"_blank\">Am\u00e9lie Mauresmo<\/a> ne va donc pas reprendre le poste. L&rsquo;actuelle directrice de Roland-Garros et le pr\u00e9sident de la F\u00e9d\u00e9ration fran\u00e7aise de tennis, Gilles Moretton, n&rsquo;ont pas r\u00e9ussi \u00e0 se mettre d&rsquo;accord totalement. Au-del\u00e0 de l&rsquo;aspect financier, des points de d\u00e9saccord ont subsist\u00e9 notamment sur la composition du staff de l&rsquo;\u00e9quipe et le maintien de Pauline Parmentier.\u00a0<\/p>\n<p>Pour cette nouvelle mission, Aliz\u00e9 Cornet aura la lourde t\u00e2che de faire remonter l&rsquo;\u00e9quipe de France dans le groupe mondial.\u00a0<\/p>\n","protected":false},"excerpt":{"rendered":"Aliz\u00e9 Cornet lors de son dernier Roland-Garros, \u00e0 Paris le 28 mai 2024 &#8211; ANNE-CHRISTINE POUJOULAT \/ AFP&hellip;\n","protected":false},"author":2,"featured_media":506781,"comment_status":"","ping_status":"","sticky":false,"template":"","format":"standard","meta":{"footnotes":""},"categories":[1415],"tags":[1011,27,60,1467],"class_list":{"0":"post-506780","1":"post","2":"type-post","3":"status-publish","4":"format-standard","5":"has-post-thumbnail","7":"category-tennis","8":"tag-fr","9":"tag-france","10":"tag-sports","11":"tag-tennis"},"share_on_mastodon":{"url":"https:\/\/pubeurope.com\/@fr\/115480241883846741","error":""},"_links":{"self":[{"href":"https:\/\/www.europesays.com\/fr\/wp-json\/wp\/v2\/posts\/506780","targetHints":{"allow":["GET"]}}],"collection":[{"href":"https:\/\/www.europesays.com\/fr\/wp-json\/wp\/v2\/posts"}],"about":[{"href":"https:\/\/www.europesays.com\/fr\/wp-json\/wp\/v2\/types\/post"}],"author":[{"embeddable":true,"href":"https:\/\/www.europesays.com\/fr\/wp-json\/wp\/v2\/users\/2"}],"replies":[{"embeddable":true,"href":"https:\/\/www.europesays.com\/fr\/wp-json\/wp\/v2\/comments?post=506780"}],"version-history":[{"count":0,"href":"https:\/\/www.europesays.com\/fr\/wp-json\/wp\/v2\/posts\/506780\/revisions"}],"wp:featuredmedia":[{"embeddable":true,"href":"https:\/\/www.europesays.com\/fr\/wp-json\/wp\/v2\/media\/506781"}],"wp:attachment":[{"href":"https:\/\/www.europesays.com\/fr\/wp-json\/wp\/v2\/media?parent=506780"}],"wp:term":[{"taxonomy":"category","embeddable":true,"href":"https:\/\/www.europesays.com\/fr\/wp-json\/wp\/v2\/categories?post=506780"},{"taxonomy":"post_tag","embeddable":true,"href":"https:\/\/www.europesays.com\/fr\/wp-json\/wp\/v2\/tags?post=506780"}],"curies":[{"name":"wp","href":"https:\/\/api.w.org\/{rel}","templated":true}]}}