{"id":50679,"date":"2025-04-25T02:32:08","date_gmt":"2025-04-25T02:32:08","guid":{"rendered":"https:\/\/www.europesays.com\/fr\/50679\/"},"modified":"2025-04-25T02:32:08","modified_gmt":"2025-04-25T02:32:08","slug":"les-etats-unis-interesses-par-une-solution-rapide-avec-la-suisse-sur-les-droits-de-douane-rts-ch","status":"publish","type":"post","link":"https:\/\/www.europesays.com\/fr\/50679\/","title":{"rendered":"Les Etats-Unis int\u00e9ress\u00e9s par une solution rapide avec la Suisse sur les droits de douane &#8211; rts.ch"},"content":{"rendered":"<p>La pr\u00e9sidente de la Conf\u00e9d\u00e9ration a rencontr\u00e9 jeudi \u00e0 Washington le ministre am\u00e9ricain des Finances Scott Bessent. Lors d&rsquo;un \u00ab\u00a0\u00e9change productif\u00a0\u00bb, ils ont discut\u00e9 des \u00ab\u00a0possibilit\u00e9s d&rsquo;une meilleure collaboration\u00a0\u00bb, a d\u00e9clar\u00e9 Karin Keller-Sutter.<\/p>\n<p>Selon la conseill\u00e8re f\u00e9d\u00e9rale saint-galloise, la Suisse fait partie d&rsquo;un groupe de 15 pays avec lesquels les Etats-Unis veulent trouver une solution rapide \u00e0 la question des droits de douane.<\/p>\n<p>A l&rsquo;issue de son entrevue avec son homologue am\u00e9ricain, la ministre des Finances a estim\u00e9 devant les m\u00e9dias que le pr\u00e9sident am\u00e9ricain a d\u00e9clench\u00e9 une crise commerciale mondiale d\u00e9but avril en mena\u00e7ant d&rsquo;imposer des droits de douane. \u00ab\u00a0Mais on a clairement senti que les Etats-Unis \u00e9taient \u00e9galement int\u00e9ress\u00e9s par l&rsquo;ouverture de n\u00e9gociations avec des partenaires commerciaux importants. Et nous faisons partie de ces partenaires commerciaux importants\u00a0\u00bb, a-t-elle ajout\u00e9.<\/p>\n<p>Contenu externe<\/p>\n<p> Ce contenu externe ne peut pas \u00eatre affich\u00e9 car il est susceptible de collecter des donn\u00e9es personnelles. Pour voir ce contenu vous devez autoriser la cat\u00e9gorie <strong>R\u00e9seaux sociaux<\/strong>. <\/p>\n<p> Accepter Plus d&rsquo;info <\/p>\n<p>Lors de l&rsquo;entretien avec le secr\u00e9taire am\u00e9ricain au Tr\u00e9sor Scott Bessent, il a \u00e9t\u00e9 convenu \u00ab\u00a0d&rsquo;\u00e9laborer une d\u00e9claration d&rsquo;intention commune qui, esp\u00e9rons-le, d\u00e9bouchera rapidement sur un mandat de n\u00e9gociation\u00a0\u00bb, a \u00e9voqu\u00e9 la pr\u00e9sidente de la Conf\u00e9d\u00e9ration. \u00ab\u00a0L&rsquo;\u00e9conomie peut vivre avec de mauvaises solutions et de mauvaises lois. Ce avec quoi elle ne peut pas vivre, c&rsquo;est l&rsquo;incertitude\u00a0\u00bb, a-t-elle ajout\u00e9.<\/p>\n<p>Karin Keller-Sutter a \u00e9galement qualifi\u00e9 de \u00ab\u00a0progr\u00e8s important\u00a0\u00bb le fait que le gouvernement am\u00e9ricain ait cr\u00e9\u00e9 un poste charg\u00e9 de coordonner les contacts du minist\u00e8re des Finances et du minist\u00e8re de l&rsquo;\u00c9conomie avec le gouvernement suisse. \u00ab\u00a0Tout cela \u00e9tait auparavant un peu difficile\u00a0\u00bb, selon la pr\u00e9sidente de la Conf\u00e9d\u00e9ration.<\/p>\n<p>Une coop\u00e9ration renforc\u00e9e<\/p>\n<p>Avec le ministre de l&rsquo;\u00e9conomie Guy Parmelin et des repr\u00e9sentants de la Banque nationale suisse, Karin Keller-Sutter repr\u00e9sentait Berne \u00e0 l&rsquo;assembl\u00e9e de printemps du Fonds mon\u00e9taire international (FMI) et de la Banque mondiale \u00e0 Washington.<\/p>\n<p><strong class=\"inline-title\">&gt;&gt; A lire\u00a0: <\/strong><a href=\"https:\/\/www.rts.ch\/info\/suisse\/2025\/article\/keller-sutter-et-parmelin-a-washington-pour-negocier-les-taxes-douanieres-28862297.html\" data-item-id=\"richtext_link\" rel=\"nofollow noopener\" target=\"_blank\">Karin Keller-Sutter et Guy Parmelin \u00e0 Washington avec le dossier des taxes douani\u00e8res sous le bras<\/a><\/p>\n<p>Suite \u00e0 sa rencontre avec le repr\u00e9sentant am\u00e9ricain au commerce Jamieson Greer, Guy Parmelin a affirm\u00e9 de son c\u00f4t\u00e9 que la Suisse avait \u00ab\u00a0quelque chose \u00e0 offrir aux Etats-Unis\u00a0\u00bb. Les Am\u00e9ricains sont int\u00e9ress\u00e9s par des investissements plus importants d&rsquo;entreprises suisses pour la r\u00e9industrialisation des Etats-Unis, avec notamment une collaboration renforc\u00e9e dans les domaines de la pharmacie et de la biotechnologie.<\/p>\n<p>Contenu externe<\/p>\n<p> Ce contenu externe ne peut pas \u00eatre affich\u00e9 car il est susceptible de collecter des donn\u00e9es personnelles. Pour voir ce contenu vous devez autoriser la cat\u00e9gorie <strong>R\u00e9seaux sociaux<\/strong>. <\/p>\n<p> Accepter Plus d&rsquo;info <\/p>\n<p>Guy Parmelin a annonc\u00e9 par ailleurs une prochaine visite en Suisse de la ministre am\u00e9ricaine de l&rsquo;\u00e9ducation Linda McMahon.<\/p>\n<p>Bouleversement de l&rsquo;ordre mondial<\/p>\n<p>Karin Keller-Sutter ne croit pas que le monde reviendra \u00e0 l&rsquo;ordre ancien. \u00ab\u00a0Je pense que nous voyons ici un bouleversement clair, qui s&rsquo;est certes d\u00e9j\u00e0 manifest\u00e9 auparavant, mais qui semble maintenant tr\u00e8s acc\u00e9l\u00e9r\u00e9 et tout simplement disruptif\u00a0\u00bb, a-t-elle d\u00e9clar\u00e9.<\/p>\n<p>Pour la pr\u00e9sidente de la Conf\u00e9d\u00e9ration, il faut s&rsquo;arranger d&rsquo;une mani\u00e8re ou d&rsquo;une autre au sein de ces nouvelles r\u00e8gles du jeu. \u00ab\u00a0J&rsquo;ai l&rsquo;impression que cela n&rsquo;est pas encore tout \u00e0 fait compris partout\u00a0\u00bb, a-t-elle conclu.<\/p>\n<p>L&rsquo;agitation mondiale d\u00e9clench\u00e9e par l&rsquo;offensive douani\u00e8re du pr\u00e9sident am\u00e9ricain Donald Trump a marqu\u00e9 les discussions de la d\u00e9l\u00e9gation suisse lors de la r\u00e9union du FMI. L&rsquo;objectif, \u00e0 l&rsquo;instar de nombreux repr\u00e9sentants financiers et \u00e9conomiques d&rsquo;autres pays, \u00e9tant d&rsquo;obtenir aupr\u00e8s du gouvernement am\u00e9ricain de meilleures conditions douani\u00e8res.<\/p>\n<p>Contenu externe<\/p>\n<p> Ce contenu externe ne peut pas \u00eatre affich\u00e9 car il est susceptible de collecter des donn\u00e9es personnelles. Pour voir ce contenu vous devez autoriser la cat\u00e9gorie <strong>Services Tiers<\/strong>. <\/p>\n<p> Accepter Plus d&rsquo;info <\/p>\n<p class=\"sources\">ats\/jtr<\/p>\n","protected":false},"excerpt":{"rendered":"La pr\u00e9sidente de la Conf\u00e9d\u00e9ration a rencontr\u00e9 jeudi \u00e0 Washington le ministre am\u00e9ricain des Finances Scott Bessent. Lors&hellip;\n","protected":false},"author":2,"featured_media":50680,"comment_status":"","ping_status":"","sticky":false,"template":"","format":"standard","meta":{"footnotes":""},"categories":[1589],"tags":[14343,11,2765,2160,33,6359,73,1866,418,1074,6703,14344,3784,12,316,2543,3067,1864,1865,1863,308,2744],"class_list":{"0":"post-50679","1":"post","2":"type-post","3":"status-publish","4":"format-standard","5":"has-post-thumbnail","7":"category-etats-unis","8":"tag-accords-commerciaux","9":"tag-actualites","10":"tag-collaboration","11":"tag-commerce-international","12":"tag-economie","13":"tag-economie-et-finances","14":"tag-etats-unis","15":"tag-etats-unis-damerique","16":"tag-gouvernement","17":"tag-guerre-commerciale","18":"tag-guy-parmelin","19":"tag-karin-keller-sutter","20":"tag-ministre","21":"tag-news","22":"tag-politique","23":"tag-relations-internationales","24":"tag-suisse","25":"tag-united-states","26":"tag-united-states-of-america","27":"tag-us","28":"tag-usa","29":"tag-washington"},"share_on_mastodon":{"url":"https:\/\/pubeurope.com\/@fr\/114396262792913310","error":""},"_links":{"self":[{"href":"https:\/\/www.europesays.com\/fr\/wp-json\/wp\/v2\/posts\/50679","targetHints":{"allow":["GET"]}}],"collection":[{"href":"https:\/\/www.europesays.com\/fr\/wp-json\/wp\/v2\/posts"}],"about":[{"href":"https:\/\/www.europesays.com\/fr\/wp-json\/wp\/v2\/types\/post"}],"author":[{"embeddable":true,"href":"https:\/\/www.europesays.com\/fr\/wp-json\/wp\/v2\/users\/2"}],"replies":[{"embeddable":true,"href":"https:\/\/www.europesays.com\/fr\/wp-json\/wp\/v2\/comments?post=50679"}],"version-history":[{"count":0,"href":"https:\/\/www.europesays.com\/fr\/wp-json\/wp\/v2\/posts\/50679\/revisions"}],"wp:featuredmedia":[{"embeddable":true,"href":"https:\/\/www.europesays.com\/fr\/wp-json\/wp\/v2\/media\/50680"}],"wp:attachment":[{"href":"https:\/\/www.europesays.com\/fr\/wp-json\/wp\/v2\/media?parent=50679"}],"wp:term":[{"taxonomy":"category","embeddable":true,"href":"https:\/\/www.europesays.com\/fr\/wp-json\/wp\/v2\/categories?post=50679"},{"taxonomy":"post_tag","embeddable":true,"href":"https:\/\/www.europesays.com\/fr\/wp-json\/wp\/v2\/tags?post=50679"}],"curies":[{"name":"wp","href":"https:\/\/api.w.org\/{rel}","templated":true}]}}