{"id":506795,"date":"2025-11-02T13:15:27","date_gmt":"2025-11-02T13:15:27","guid":{"rendered":"https:\/\/www.europesays.com\/fr\/506795\/"},"modified":"2025-11-02T13:15:27","modified_gmt":"2025-11-02T13:15:27","slug":"demence-la-chute-premier-symptome-de-la-maladie-dalzheimer","status":"publish","type":"post","link":"https:\/\/www.europesays.com\/fr\/506795\/","title":{"rendered":"D\u00e9mence: la chute, premier sympt\u00f4me de la maladie d&rsquo;Alzheimer ?"},"content":{"rendered":"<p>             <a href=\"https:\/\/ma-sante.news\/wp-content\/uploads\/2025\/10\/Seniors-les-chutes-pourraient-etre-premiers-symptomes-de-la-maladie-dAlzheimer-Ma-Sante.jpg\" data-caption=\"Une chute n\u2019est pas un verdict, mais un \u00e9l\u00e9ment \u00e0 prendre au s\u00e9rieux pour diagnostiquer la maladie d&#039;Alzheimer \u00a9 Freepik\" target=\"_blank\" rel=\"noopener\"><img loading=\"lazy\" decoding=\"async\" width=\"696\" height=\"465\" class=\"entry-thumb td-modal-image ewww_webp_lazy_load\" src=\"data:image\/svg+xml,%3Csvg%20xmlns=\" http:=\"\" data-lazy- data-lazy- alt=\"Une personne qui tombe beaucoup, sans savoir que c'est peut-\u00eatre un signe avant-coureur de la maladie d'Alzheimer.\" title=\"Seniors les chutes pourraient e\u0302tre premiers sympto\u0302mes de la maladie d\u2019Alzheimer Ma Sante\u0301\" data-lazy-src=\"https:\/\/www.europesays.com\/fr\/wp-content\/uploads\/2025\/11\/Seniors-les-chutes-pourraient-etre-premiers-symptomes-de-la-maladie-dAlzheimer-Ma-Sante-696x465.jpg\" data-lazy-src-webp=\"https:\/\/www.europesays.com\/fr\/wp-content\/uploads\/2025\/11\/Seniors-les-chutes-pourraient-etre-premiers-symptomes-de-la-maladie-dAlzheimer-Ma-Sante-696x465.jpg.webp\" data-lazy-srcset-webp=\"https:\/\/www.europesays.com\/fr\/wp-content\/uploads\/2025\/11\/Seniors-les-chutes-pourraient-etre-premiers-symptomes-de-la-maladie-dAlzheimer-Ma-Sante-696x465.jpg.webp 696w, https:\/\/ma-sante.news\/wp-content\/uploads\/2025\/10\/Seniors-les-chutes-pourraient-etre-premiers-symptomes-de-la-maladie-dAlzheimer-Ma-Sante-300x200.jpg.webp 300w, https:\/\/ma-sante.news\/wp-content\/uploads\/2025\/10\/Seniors-les-chutes-pourraient-etre-premiers-symptomes-de-la-maladie-dAlzheimer-Ma-Sante-768x513.jpg.webp 768w, https:\/\/ma-sante.news\/wp-content\/uploads\/2025\/10\/Seniors-les-chutes-pourraient-etre-premiers-symptomes-de-la-maladie-dAlzheimer-Ma-Sante-629x420.jpg.webp 629w, https:\/\/ma-sante.news\/wp-content\/uploads\/2025\/10\/Seniors-les-chutes-pourraient-etre-premiers-symptomes-de-la-maladie-dAlzheimer-Ma-Sante.jpg.webp 800w\"\/><\/a>Une chute n\u2019est pas un verdict, mais un \u00e9l\u00e9ment \u00e0 prendre au s\u00e9rieux pour diagnostiquer la maladie d&rsquo;Alzheimer \u00a9 Freepik                                    \t\t\t             <a class=\"gofollow\" data-track=\"MjgsMCw2MA==\" href=\"https:\/\/ma-sante.news\/inscrivez-vous-a-notre-newsletter\/\" target=\"_blank\" rel=\"noopener\"><img loading=\"lazy\" decoding=\"async\" width=\"1068\" height=\"131\" src=\"data:image\/svg+xml,%3Csvg%20xmlns=\" http:=\"\" data-lazy-src=\"https:\/\/www.europesays.com\/fr\/wp-content\/uploads\/2025\/03\/banniere-newsletter.png\"\/><\/a> <\/p>\n<p>Et si une chute n\u2019\u00e9tait pas seulement le fruit du hasard, d\u2019un tapis mal ajust\u00e9 ou d\u2019un moment d\u2019inattention ? C\u2019est la question que posent des chercheurs am\u00e9ricains dans une \u00e9tude publi\u00e9e dans JAMA Network Open. En examinant les dossiers m\u00e9dicaux de 2,45 millions d\u2019Am\u00e9ricains de plus de 66 ans, ils ont observ\u00e9 un ph\u00e9nom\u00e8ne troublant. <a href=\"https:\/\/ma-sante.news\/seniors-la-chute-tue-si-on-evitait-de-tomber\/\" target=\"_blank\" rel=\"noopener\">Les personnes \u00e2g\u00e9es ayant subi une chute avec blessure<\/a> pr\u00e9sentaient un risque accru de recevoir <a href=\"https:\/\/ma-sante.news\/alzheimer-et-autres-demences-le-vaccin-contre-le-zona-pour-reduire-le-risque\/\" target=\"_blank\" rel=\"noopener\">un diagnostic de d\u00e9mence<\/a> dans l\u2019ann\u00e9e suivante.<\/p>\n<p>Concr\u00e8tement, 10,6 % des personnes tomb\u00e9es ont \u00e9t\u00e9 diagnostiqu\u00e9es avec une d\u00e9mence dans les douze mois, contre 6,1 % chez celles bless\u00e9es par d\u2019autres causes (accident de voiture, choc, etc.). Apr\u00e8s ajustement des donn\u00e9es (\u00e2ge, sexe, ant\u00e9c\u00e9dents m\u00e9dicaux), la probabilit\u00e9 de d\u00e9mence restait sup\u00e9rieure de 21 % pour les patients ayant chut\u00e9.<\/p>\n<p>Autrement dit, la chute pourrait \u00eatre un \u00e9v\u00e9nement sentinelle, un signal clinique qui pr\u00e9c\u00e8de la d\u00e9t\u00e9rioration cognitive. \u00ab Ce n\u2019est pas une relation de cause \u00e0 effet, mais un lien suffisamment fort pour justifier une \u00e9valuation cognitive syst\u00e9matique apr\u00e8s une chute \u00bb, soulignent les auteurs de l\u2019\u00e9tude.<\/p>\n<p>        Alzheimer : la mobilit\u00e9 flanche avant la m\u00e9moire ?\u00a0    <strong>Pourquoi un trouble du cerveau provoquerait-il une chute ?\u00a0<\/strong>    <\/p>\n<p>Les scientifiques avancent plusieurs pistes. D\u00e8s<a href=\"https:\/\/ma-sante.news\/alzheimer-precoce-un-malade-sur-dix-touche-avant-65-ans\/\" target=\"_blank\" rel=\"noopener\"> les stades pr\u00e9coces de la maladie d\u2019Alzheimer<\/a>, les r\u00e9gions du cerveau impliqu\u00e9es dans la coordination motrice, la planification des mouvements et l\u2019attention visuo-spatiale commencent \u00e0 \u00eatre alt\u00e9r\u00e9es.<\/p>\n<p>La marche devient moins fluide, la posture moins stable, les r\u00e9actions plus lentes. Une bordure de trottoir, un sol irr\u00e9gulier ou un simple tournant peuvent alors devenir de v\u00e9ritables pi\u00e8ges. \u00ab Ces changements sont souvent invisibles \u00e0 l\u2019\u0153il nu. La personne para\u00eet en forme, mais son cerveau ne commande plus ses gestes aussi efficacement \u00bb, rappellent les chercheurs dans JAMA.<\/p>\n<p>Des \u00e9tudes ant\u00e9rieures, men\u00e9es notamment \u00e0 l\u2019Universit\u00e9 de Washington, avaient d\u00e9j\u00e0 not\u00e9 que des troubles subtils de la marche pouvaient pr\u00e9c\u00e9der de plusieurs ann\u00e9es<a href=\"https:\/\/ma-sante.news\/sante-maladie-alzheimer-troubles-memoire-comportements-vieillesse-seniors-signes-symptomes-rhone-alpes-lyon-hcl\/\" target=\"_blank\" rel=\"noopener\"> les premiers sympt\u00f4mes cognitifs<\/a>. Mais jamais la corr\u00e9lation entre chute et diagnostic de d\u00e9mence n\u2019avait \u00e9t\u00e9 aussi solidement chiffr\u00e9e.<\/p>\n<p>        <strong>En France, un signal de plus dans un paysage d\u00e9j\u00e0 pr\u00e9occupant<\/strong>    <\/p>\n<p>Sur le territoire fran\u00e7ais, la question est loin d\u2019\u00eatre anecdotique. Chaque ann\u00e9e,<a href=\"https:\/\/ma-sante.news\/risque-de-chutes-chez-les-seniors-et-si-on-consommait-plus-de-calcium\/\" target=\"_blank\" rel=\"noopener\"> une personne \u00e2g\u00e9e sur trois chute<\/a>, selon Sant\u00e9 publique France. Cela repr\u00e9sente plus de 130 000 hospitalisations et pr\u00e8s de 10 000 d\u00e9c\u00e8s li\u00e9s directement \u00e0 ces accidents. Les chutes constituent la premi\u00e8re cause de d\u00e9c\u00e8s accidentel chez les plus de 65 ans, devant les accidents de la route.<\/p>\n<p>Dans le m\u00eame temps, environ <a href=\"https:\/\/ma-sante.news\/alzheimer-la-souffrance-oubliee-des-malades\/\" target=\"_blank\" rel=\"noopener\">1,4 million de Fran\u00e7ais vivent aujourd\u2019hui avec une maladie d\u2019Alzheimer ou apparent\u00e9e<\/a>, selon l\u2019Inserm, et 225 000 nouveaux cas sont diagnostiqu\u00e9s chaque ann\u00e9e. Les deux ph\u00e9nom\u00e8nes (chutes et d\u00e9mences) se croisent ainsi dans une zone d\u2019alerte commune. Celle du grand \u00e2ge et de la fragilit\u00e9 neurologique.<\/p>\n<p>Le Plan antichute des personnes \u00e2g\u00e9es, lanc\u00e9 par le minist\u00e8re de la Sant\u00e9 en 2022, visait \u00e0 r\u00e9duire de 20 % le nombre de chutes d\u2019ici 2025. Mais jusqu\u2019ici, ces politiques de pr\u00e9vention n\u2019int\u00e9graient pas la chute comme indicateur neurologique. Les r\u00e9sultats de l\u2019\u00e9tude am\u00e9ricaine pourraient donc inspirer une \u00e9volution du d\u00e9pistage en g\u00e9riatrie : examiner le cerveau apr\u00e8s une chute aussi syst\u00e9matiquement que l\u2019on v\u00e9rifie la tension ou la fracture.<\/p>\n<p>        Alzheimer : la chute comme nouvel \u00e9l\u00e9ment de diagnostic ?    <\/p>\n<p>Tomber, ce n\u2019est pas seulement perdre l\u2019\u00e9quilibre, c\u2019est souvent perdre des rep\u00e8res. Derri\u00e8re un accident apparemment anodin, les m\u00e9decins observent parfois des troubles de l\u2019attention, de la perception ou de la coordination qui trahissent un d\u00e9clin cognitif d\u00e9butant.<\/p>\n<p>Le ph\u00e9nom\u00e8ne n\u2019est pas nouveau, mais il a longtemps \u00e9t\u00e9 rel\u00e9gu\u00e9 au second plan. \u00ab On a toujours su que les patients atteints d\u2019Alzheimer chutaient plus souvent \u00bb, rappellent les neurologues fran\u00e7ais. \u00ab La nouveaut\u00e9, c\u2019est de comprendre que la chute peut pr\u00e9c\u00e9der la maladie et non l\u2019inverse. \u00bb<\/p>\n<p>C\u2019est un basculement de perspective. La chute n\u2019est plus un simple sympt\u00f4me de la d\u00e9mence, mais peut devenir un signal d\u2019alerte diagnostique. Cela ne signifie \u00e9videmment pas qu\u2019une personne qui tombe d\u00e9veloppera Alzheimer, mais plut\u00f4t que cette chute m\u00e9rite une vigilance m\u00e9dicale plus importante.<\/p>\n<p>        L\u2019enjeu : rep\u00e9rer plus t\u00f4t, accompagner mieux    <\/p>\n<p>Diagnostiquer Alzheimer plus t\u00f4t est devenu un v\u00e9ritable enjeu de sant\u00e9 publique pour donner une longueur d\u2019avance aux patients. Car si la maladie reste incurable, la recherche a montr\u00e9 que des interventions pr\u00e9coces (activit\u00e9 physique, stimulation cognitive, adaptation de l\u2019environnement) permettent de ralentir la progression des sympt\u00f4mes et de <a href=\"https:\/\/ma-sante.news\/comment-la-france-va-se-preparer-a-laugmentation-massive-des-seniors-en-perte-dautonomie-dici-2050\/\" target=\"_blank\" rel=\"noopener\">maintenir l\u2019autonomie plus longtemps<\/a>.<\/p>\n<p>Les autorit\u00e9s de sant\u00e9 fran\u00e7aises encouragent d\u00e9sormais le rep\u00e9rage pr\u00e9coce<a href=\"https:\/\/ma-sante.news\/perte-de-memoire-quels-sont-les-signes-qui-alertent\/\" target=\"_blank\" rel=\"noopener\"> des troubles de la m\u00e9moire<\/a> dans les parcours seniors. L\u2019Assurance maladie promeut notamment le programme ICOPE, con\u00e7u par l\u2019OMS, qui propose un suivi global des fonctions cognitives, motrices et sensorielles d\u00e8s 60 ans. Une chute pourrait, demain, en devenir un autre crit\u00e8re prioritaire.<\/p>\n<blockquote class=\"wp-block-quote is-layout-flow wp-block-quote-is-layout-flow\">\n<p><strong>\u00c0 SAVOIR\u00a0<\/strong><\/p>\n<p>D\u2019ici 2030, pr\u00e8s de 20 millions de personnes auront plus de 65 ans. Une \u00e9volution d\u00e9mographique qui annonce un double d\u00e9fi majeur de sant\u00e9 publique : la hausse attendue des cas d\u2019Alzheimer et, par ricochet, une augmentation des chutes li\u00e9es au d\u00e9clin cognitif.<\/p>\n<\/blockquote>\n<p>  <a class=\"gofollow\" data-track=\"MTIsMCw2MA==\" href=\"https:\/\/ma-sante.news\/annonceurs\/\" target=\"_blank\" rel=\"noopener\"><img loading=\"lazy\" decoding=\"async\" width=\"2560\" height=\"2133\" src=\"data:image\/svg+xml,%3Csvg%20xmlns=\" http:=\"\" data-lazy-src=\"https:\/\/www.europesays.com\/fr\/wp-content\/uploads\/2025\/03\/pub-annonceurs-4-scaled.jpg\"\/><\/a>    <img loading=\"lazy\" decoding=\"async\" width=\"755\" height=\"495\" src=\"data:image\/svg+xml,%3Csvg%20xmlns=\" http:=\"\" data-lazy-src=\"https:\/\/www.europesays.com\/fr\/wp-content\/uploads\/2025\/03\/Image1.jpg\" data-lazy-src-webp=\"https:\/\/www.europesays.com\/fr\/wp-content\/uploads\/2025\/03\/Image1.jpg.webp\" class=\"ewww_webp_lazy_load\"\/>Inscrivez-vous \u00e0 notre newsletter <br \/>Ma Sant\u00e9                      <\/p>\n","protected":false},"excerpt":{"rendered":"Une chute n\u2019est pas un verdict, mais un \u00e9l\u00e9ment \u00e0 prendre au s\u00e9rieux pour diagnostiquer la maladie d&rsquo;Alzheimer&hellip;\n","protected":false},"author":2,"featured_media":506796,"comment_status":"","ping_status":"","sticky":false,"template":"","format":"standard","meta":{"footnotes":""},"categories":[10],"tags":[1093,14501,1011,27,72,71],"class_list":{"0":"post-506795","1":"post","2":"type-post","3":"status-publish","4":"format-standard","5":"has-post-thumbnail","7":"category-sante","8":"tag-du00e9mence","9":"tag-du00e9pendance-seniors","10":"tag-fr","11":"tag-france","12":"tag-health","13":"tag-sante"},"share_on_mastodon":{"url":"https:\/\/pubeurope.com\/@fr\/115480292506668514","error":""},"_links":{"self":[{"href":"https:\/\/www.europesays.com\/fr\/wp-json\/wp\/v2\/posts\/506795","targetHints":{"allow":["GET"]}}],"collection":[{"href":"https:\/\/www.europesays.com\/fr\/wp-json\/wp\/v2\/posts"}],"about":[{"href":"https:\/\/www.europesays.com\/fr\/wp-json\/wp\/v2\/types\/post"}],"author":[{"embeddable":true,"href":"https:\/\/www.europesays.com\/fr\/wp-json\/wp\/v2\/users\/2"}],"replies":[{"embeddable":true,"href":"https:\/\/www.europesays.com\/fr\/wp-json\/wp\/v2\/comments?post=506795"}],"version-history":[{"count":0,"href":"https:\/\/www.europesays.com\/fr\/wp-json\/wp\/v2\/posts\/506795\/revisions"}],"wp:featuredmedia":[{"embeddable":true,"href":"https:\/\/www.europesays.com\/fr\/wp-json\/wp\/v2\/media\/506796"}],"wp:attachment":[{"href":"https:\/\/www.europesays.com\/fr\/wp-json\/wp\/v2\/media?parent=506795"}],"wp:term":[{"taxonomy":"category","embeddable":true,"href":"https:\/\/www.europesays.com\/fr\/wp-json\/wp\/v2\/categories?post=506795"},{"taxonomy":"post_tag","embeddable":true,"href":"https:\/\/www.europesays.com\/fr\/wp-json\/wp\/v2\/tags?post=506795"}],"curies":[{"name":"wp","href":"https:\/\/api.w.org\/{rel}","templated":true}]}}