{"id":506810,"date":"2025-11-02T13:26:21","date_gmt":"2025-11-02T13:26:21","guid":{"rendered":"https:\/\/www.europesays.com\/fr\/506810\/"},"modified":"2025-11-02T13:26:21","modified_gmt":"2025-11-02T13:26:21","slug":"saint-etienne-une-premiere-collecte-de-sang-organisee-au-tribunal-judiciaire","status":"publish","type":"post","link":"https:\/\/www.europesays.com\/fr\/506810\/","title":{"rendered":"Saint-\u00c9tienne : une premi\u00e8re collecte de sang organis\u00e9e au tribunal judiciaire"},"content":{"rendered":"<p>Le tribunal judiciaire de Saint-\u00c9tienne s&rsquo;associe pour la premi\u00e8re fois \u00e0 l&rsquo;\u00c9tablissement fran\u00e7ais du sang (EFS) pour organiser une collecte ouverte au monde de la justice. Rendez-vous mercredi 5 novembre dans la salle des pas perdus.<\/p>\n<p>C&rsquo;est une initiative in\u00e9dite dans la Loire : le tribunal judiciaire de Saint-\u00c9tienne accueillera une collecte de sang en partenariat avec l&rsquo;\u00c9tablissement fran\u00e7ais du sang (EFS), <b>mercredi 5 novembre<\/b>, de 10h \u00e0 13h.\u00a0<\/p>\n<p>Une p\u00e9riode importante pour le don de sang\u00a0<\/p>\n<p>Une premi\u00e8re pour cette juridiction, qui souhaite mobiliser le monde judiciaire autour d&rsquo;un geste citoyen et solidaire.<br \/>L&rsquo;\u00e9v\u00e9nement se tiendra <b>dans la salle des pas perdus<\/b>.\u00a0<\/p>\n<p>Magistrats, avocats, greffiers, personnels administratifs mais aussi justiciables et visiteurs sont invit\u00e9s \u00e0 participer \u00e0 cette op\u00e9ration de don.<\/p>\n<p>Pour donner son sang, il suffit de se pr\u00e9senter muni d&rsquo;une pi\u00e8ce d&rsquo;identit\u00e9 et d&rsquo;\u00eatre \u00e2g\u00e9 de 18 \u00e0 70 ans. Le parcours suivra les \u00e9tapes classiques du don : accueil et inscription, entretien pr\u00e9alable, pr\u00e9l\u00e8vement, puis collation.<\/p>\n<p><img loading=\"lazy\" decoding=\"async\" src=\"https:\/\/www.europesays.com\/fr\/wp-content\/uploads\/2025\/11\/1762089981_483_img\" width=\"350\" height=\"200\" border=\"0\" title=\"Cigarettes\"\/><\/p>\n<p>\u25baSant\u00e9<\/p>\n<p style=\"font-size: 22px;\"><b>Mois sans tabac 2025 : un d\u00e9fi collectif pour en finir avec la cigarette<\/b><\/p>\n<p>Le \u00ab\u00a0Mois sans tabac\u00a0\u00bb revient pour une&#8230;<\/p>\n<p><\/p>\n","protected":false},"excerpt":{"rendered":"Le tribunal judiciaire de Saint-\u00c9tienne s&rsquo;associe pour la premi\u00e8re fois \u00e0 l&rsquo;\u00c9tablissement fran\u00e7ais du sang (EFS) pour organiser&hellip;\n","protected":false},"author":2,"featured_media":506811,"comment_status":"","ping_status":"","sticky":false,"template":"","format":"standard","meta":{"footnotes":""},"categories":[9653],"tags":[1111,11,2430,30843,1777,674,1011,27,12,25,4001,62866,5515],"class_list":{"0":"post-506810","1":"post","2":"type-post","3":"status-publish","4":"format-standard","5":"has-post-thumbnail","7":"category-saint-etienne","8":"tag-actu","9":"tag-actualites","10":"tag-auvergne-rhone-alpes","11":"tag-don-de-sang","12":"tag-eu","13":"tag-europe","14":"tag-fr","15":"tag-france","16":"tag-news","17":"tag-republique-francaise","18":"tag-saint-etienne","19":"tag-salle-des-pas-perdus","20":"tag-tribunal-judiciaire"},"share_on_mastodon":{"url":"https:\/\/pubeurope.com\/@fr\/115480336443485358","error":""},"_links":{"self":[{"href":"https:\/\/www.europesays.com\/fr\/wp-json\/wp\/v2\/posts\/506810","targetHints":{"allow":["GET"]}}],"collection":[{"href":"https:\/\/www.europesays.com\/fr\/wp-json\/wp\/v2\/posts"}],"about":[{"href":"https:\/\/www.europesays.com\/fr\/wp-json\/wp\/v2\/types\/post"}],"author":[{"embeddable":true,"href":"https:\/\/www.europesays.com\/fr\/wp-json\/wp\/v2\/users\/2"}],"replies":[{"embeddable":true,"href":"https:\/\/www.europesays.com\/fr\/wp-json\/wp\/v2\/comments?post=506810"}],"version-history":[{"count":0,"href":"https:\/\/www.europesays.com\/fr\/wp-json\/wp\/v2\/posts\/506810\/revisions"}],"wp:featuredmedia":[{"embeddable":true,"href":"https:\/\/www.europesays.com\/fr\/wp-json\/wp\/v2\/media\/506811"}],"wp:attachment":[{"href":"https:\/\/www.europesays.com\/fr\/wp-json\/wp\/v2\/media?parent=506810"}],"wp:term":[{"taxonomy":"category","embeddable":true,"href":"https:\/\/www.europesays.com\/fr\/wp-json\/wp\/v2\/categories?post=506810"},{"taxonomy":"post_tag","embeddable":true,"href":"https:\/\/www.europesays.com\/fr\/wp-json\/wp\/v2\/tags?post=506810"}],"curies":[{"name":"wp","href":"https:\/\/api.w.org\/{rel}","templated":true}]}}