{"id":506832,"date":"2025-11-02T13:48:15","date_gmt":"2025-11-02T13:48:15","guid":{"rendered":"https:\/\/www.europesays.com\/fr\/506832\/"},"modified":"2025-11-02T13:48:15","modified_gmt":"2025-11-02T13:48:15","slug":"une-automobiliste-de-24-ans-gravement-blessee-en-vendee","status":"publish","type":"post","link":"https:\/\/www.europesays.com\/fr\/506832\/","title":{"rendered":"Une automobiliste de 24\u00a0ans gravement bless\u00e9e en Vend\u00e9e"},"content":{"rendered":"<p>Les pompiers ont \u00e9t\u00e9 alert\u00e9s \u00e0 2\u00a0h\u00a047, ce dimanche 2\u00a0novembre, suite \u00e0 un accident n\u2019impliquant qu\u2019un v\u00e9hicule. Pour une raison encore ind\u00e9termin\u00e9e, une automobiliste de 24\u00a0ans a perdu le contr\u00f4le de sa voiture sur la route d\u00e9partementale 60, alors qu\u2019elle roulait en direction de Saint-Denis-du-Payr\u00e9, sur le territoire de Lairoux (Vend\u00e9e).<\/p>\n<p>Pronostic vital \u00e9tait engag\u00e9<\/p>\n<p>Gri\u00e8vement bless\u00e9e, la jeune conductrice a \u00e9t\u00e9 transport\u00e9e au CHU de Nantes. Les pompiers indiquent que son pronostic vital \u00e9tait alors engag\u00e9.\u00a0Huit sapeurs-pompiers issus des centres de secours de Lu\u00e7on, La Roche-sur-Yon et Champ-Saint-P\u00e8re ont \u00e9t\u00e9 mobilis\u00e9s sur l\u2019intervention.<\/p>\n<p>\u00a0<\/p>\n","protected":false},"excerpt":{"rendered":"Les pompiers ont \u00e9t\u00e9 alert\u00e9s \u00e0 2\u00a0h\u00a047, ce dimanche 2\u00a0novembre, suite \u00e0 un accident n\u2019impliquant qu\u2019un v\u00e9hicule. Pour&hellip;\n","protected":false},"author":2,"featured_media":506833,"comment_status":"","ping_status":"","sticky":false,"template":"","format":"standard","meta":{"footnotes":""},"categories":[2818],"tags":[2466,1111,11,1764,15738,10620,1777,674,1011,27,16508,766,12,2636,25,2546],"class_list":{"0":"post-506832","1":"post","2":"type-post","3":"status-publish","4":"format-standard","5":"has-post-thumbnail","7":"category-nantes","8":"tag-2466","9":"tag-actu","10":"tag-actualites","11":"tag-ans","12":"tag-automobiliste","13":"tag-blessee","14":"tag-eu","15":"tag-europe","16":"tag-fr","17":"tag-france","18":"tag-gravement","19":"tag-nantes","20":"tag-news","21":"tag-pays-de-la-loire","22":"tag-republique-francaise","23":"tag-vendee"},"share_on_mastodon":{"url":"https:\/\/pubeurope.com\/@fr\/115480422280175350","error":""},"_links":{"self":[{"href":"https:\/\/www.europesays.com\/fr\/wp-json\/wp\/v2\/posts\/506832","targetHints":{"allow":["GET"]}}],"collection":[{"href":"https:\/\/www.europesays.com\/fr\/wp-json\/wp\/v2\/posts"}],"about":[{"href":"https:\/\/www.europesays.com\/fr\/wp-json\/wp\/v2\/types\/post"}],"author":[{"embeddable":true,"href":"https:\/\/www.europesays.com\/fr\/wp-json\/wp\/v2\/users\/2"}],"replies":[{"embeddable":true,"href":"https:\/\/www.europesays.com\/fr\/wp-json\/wp\/v2\/comments?post=506832"}],"version-history":[{"count":0,"href":"https:\/\/www.europesays.com\/fr\/wp-json\/wp\/v2\/posts\/506832\/revisions"}],"wp:featuredmedia":[{"embeddable":true,"href":"https:\/\/www.europesays.com\/fr\/wp-json\/wp\/v2\/media\/506833"}],"wp:attachment":[{"href":"https:\/\/www.europesays.com\/fr\/wp-json\/wp\/v2\/media?parent=506832"}],"wp:term":[{"taxonomy":"category","embeddable":true,"href":"https:\/\/www.europesays.com\/fr\/wp-json\/wp\/v2\/categories?post=506832"},{"taxonomy":"post_tag","embeddable":true,"href":"https:\/\/www.europesays.com\/fr\/wp-json\/wp\/v2\/tags?post=506832"}],"curies":[{"name":"wp","href":"https:\/\/api.w.org\/{rel}","templated":true}]}}