{"id":506834,"date":"2025-11-02T13:49:19","date_gmt":"2025-11-02T13:49:19","guid":{"rendered":"https:\/\/www.europesays.com\/fr\/506834\/"},"modified":"2025-11-02T13:49:19","modified_gmt":"2025-11-02T13:49:19","slug":"championne-de-france-sur-piste-aziliz-sigalas-va-quitter-issoudun-pour-nantes","status":"publish","type":"post","link":"https:\/\/www.europesays.com\/fr\/506834\/","title":{"rendered":"Championne de France sur piste, Aziliz Sigalas va quitter Issoudun pour Nantes"},"content":{"rendered":"<p>Azilis Sigalas est repartie de Bretagne, entour\u00e9e de ses parents et de son fr\u00e8re Brewen, avec la m\u00e9daille en or de la course aux points et celle <a target=\"_self\" href=\"https:\/\/www.lanouvellerepublique.fr\/indre\/championnats-de-france-sur-piste-de-l-avenir-sigalas-en-argent-mais-decue-1761764298\" rel=\"noopener\">en argent<\/a> de la poursuite, dans la cat\u00e9gorie U17, mais accompagn\u00e9e aussi d\u2019un sentiment mitig\u00e9.<\/p>\n<p>La jeune cycliste de l\u2019AC Bas-Berry Issoudun a rev\u00eatu pour la premi\u00e8re fois ce maillot bleu-blanc-rouge tant d\u00e9sir\u00e9, sur le v\u00e9lodrome, \u00e0 Loud\u00e9ac (C\u00f4tes-d\u2019Armor). \u00ab\u00a0Ce premier titre signifie beaucoup de choses pour elle, \u00e7a lui a enlev\u00e9 de la pression, elle entendait beaucoup de gens dire qu\u2019elle est tr\u00e8s forte et se r\u00e9p\u00e9tait\u00a0: \u201c\u00a0Je dois gagner\u00a0\u201d, rapporte Anthony Sudlow, son entra\u00eeneur britannique au P\u00f4le France endurance piste, \u00e0 Bourges (Cher). Elle a cette volont\u00e9 de vouloir gagner, pas de courir pour la deuxi\u00e8me place.\u00a0Le premier jour, elle \u00e9tait d\u00e9\u00e7ue de ne pas avoir le titre en poursuite, mais avec son temps de 3\u201945, elle aurait fait top\u00a03 en junior alors qu\u2019elle va avoir seulement 15\u00a0ans. C\u2019est encourageant&#8230;. <\/p>\n<p>    Cet article a \u00e9t\u00e9 tronqu\u00e9. Abonnez-vous pour lire l&rsquo;article complet sur notre site.<\/p>\n<p>\u00a0\u00bb<\/p>\n<p style=\"margin: 0 !important; padding: 0 !important; font-size: 12px !important;\">Cet article a \u00e9t\u00e9 tronqu\u00e9. Abonnez-vous pour lire l&rsquo;article complet.<\/p>\n<p>    <a href=\"https:\/\/www.lanouvellerepublique.fr\/abonnements\" style=\"display: inline-block; margin-top: 5px !important; padding: 6px 12px !important; background: #cb1c27; color: white; text-decoration: none; border-radius: 4px; font-size: 12px !important;\" target=\"_blank\" rel=\"noopener\"><br \/>\n      S&rsquo;abonner<br \/>\n    <\/a><\/p>\n","protected":false},"excerpt":{"rendered":"Azilis Sigalas est repartie de Bretagne, entour\u00e9e de ses parents et de son fr\u00e8re Brewen, avec la m\u00e9daille&hellip;\n","protected":false},"author":2,"featured_media":506835,"comment_status":"","ping_status":"","sticky":false,"template":"","format":"standard","meta":{"footnotes":""},"categories":[2818],"tags":[1392,1111,11,207,1777,674,1011,27,5052,10802,766,12,2636,25,60],"class_list":{"0":"post-506834","1":"post","2":"type-post","3":"status-publish","4":"format-standard","5":"has-post-thumbnail","7":"category-nantes","8":"tag-a-la-une-local","9":"tag-actu","10":"tag-actualites","11":"tag-cyclisme","12":"tag-eu","13":"tag-europe","14":"tag-fr","15":"tag-france","16":"tag-indre","17":"tag-issoudun","18":"tag-nantes","19":"tag-news","20":"tag-pays-de-la-loire","21":"tag-republique-francaise","22":"tag-sports"},"share_on_mastodon":{"url":"https:\/\/pubeurope.com\/@fr\/115480426228720478","error":""},"_links":{"self":[{"href":"https:\/\/www.europesays.com\/fr\/wp-json\/wp\/v2\/posts\/506834","targetHints":{"allow":["GET"]}}],"collection":[{"href":"https:\/\/www.europesays.com\/fr\/wp-json\/wp\/v2\/posts"}],"about":[{"href":"https:\/\/www.europesays.com\/fr\/wp-json\/wp\/v2\/types\/post"}],"author":[{"embeddable":true,"href":"https:\/\/www.europesays.com\/fr\/wp-json\/wp\/v2\/users\/2"}],"replies":[{"embeddable":true,"href":"https:\/\/www.europesays.com\/fr\/wp-json\/wp\/v2\/comments?post=506834"}],"version-history":[{"count":0,"href":"https:\/\/www.europesays.com\/fr\/wp-json\/wp\/v2\/posts\/506834\/revisions"}],"wp:featuredmedia":[{"embeddable":true,"href":"https:\/\/www.europesays.com\/fr\/wp-json\/wp\/v2\/media\/506835"}],"wp:attachment":[{"href":"https:\/\/www.europesays.com\/fr\/wp-json\/wp\/v2\/media?parent=506834"}],"wp:term":[{"taxonomy":"category","embeddable":true,"href":"https:\/\/www.europesays.com\/fr\/wp-json\/wp\/v2\/categories?post=506834"},{"taxonomy":"post_tag","embeddable":true,"href":"https:\/\/www.europesays.com\/fr\/wp-json\/wp\/v2\/tags?post=506834"}],"curies":[{"name":"wp","href":"https:\/\/api.w.org\/{rel}","templated":true}]}}