{"id":506844,"date":"2025-11-02T13:54:15","date_gmt":"2025-11-02T13:54:15","guid":{"rendered":"https:\/\/www.europesays.com\/fr\/506844\/"},"modified":"2025-11-02T13:54:15","modified_gmt":"2025-11-02T13:54:15","slug":"roubaix-la-styliste-du-graffiti-expose-a-la-piscine-ou-quand-le-vetement-dialogue-avec-lart-de-rue","status":"publish","type":"post","link":"https:\/\/www.europesays.com\/fr\/506844\/","title":{"rendered":"Roubaix. La styliste du graffiti expose \u00e0 La Piscine, ou quand le v\u00eatement dialogue avec l\u2019art de rue"},"content":{"rendered":"<p>            Par<br \/>\n        <strong><br \/>\n            <a href=\"https:\/\/actu.fr\/auteur\/annesophie-2\" title=\"Consulter tous les articles de Anne-Sophie Hourdeaux\" target=\"_blank\" rel=\"noopener\">Anne-Sophie Hourdeaux<\/a><br \/>\n        <\/strong><\/p>\n<p>        Publi\u00e9 le<\/p>\n<p>            2 nov. 2025 \u00e0 13h30        <\/p>\n<p>Qui est agn\u00e8s b.\u2009? Styliste, galeriste, collectionneuse, m\u00e9c\u00e8ne et photographe, elle a \u00e9t\u00e9 s\u00e9duite par l\u2019art de rue qu\u2019elle voyait dans les rues et m\u00e9tros de New-York d\u00e8s les ann\u00e9es 1980. Vous pouvez voir ses \u0153uvres, des v\u00eatements, et ses collaborations artistiques au<a href=\"https:\/\/actu.fr\/hauts-de-france\/roubaix_59512\/roubaix-une-expo-remarquable-pour-celebrer-les-100-ans-de-lart-deco-au-musee-de-la-piscine_63364885.html\" target=\"_blank\" rel=\"noopener\"> mus\u00e9e La Piscine \u00e0 Roubaix <\/a>(Nord) <b>jusqu\u2019au 11 janvier 2026<\/b>.<\/p>\n<p>    <img   decoding=\"async\" loading=\"lazy\" class=\"size-large\" src=\"https:\/\/www.europesays.com\/fr\/wp-content\/uploads\/2025\/11\/6ebb596b3ff86008c596b3ff80dac5v-960x640.jpeg\" alt=\"agn\u00e8s b expo la piscine roubaix\" width=\"960\" height=\"640\"\/><br \/>\n    Le v\u00eatement dialogue avec l\u2019art qui l\u2019inspire, ici avec un tableau du street-artiste JonOne. \u00a9Anne-Sophie Hourdeaux \/Croix du NordLe graff, un art<\/p>\n<p class=\" wall-content\">Le mus\u00e9e La Piscine pr\u00e9sente, dans sa salle d\u2019exposition temporaire, des v\u00eatements et \u0153uvres d\u2019art des collaborations d\u2019agn\u00e8s b. avec les street-artistes.<\/p>\n<p>    <img   decoding=\"async\" loading=\"lazy\" class=\"size-large\" src=\"https:\/\/www.europesays.com\/fr\/wp-content\/uploads\/2025\/11\/3f40c0a9f00963350c0a9f0091750cv-960x640.jpeg\" alt=\"agn\u00e8s b \u00e0 la piscine roubaix\" width=\"960\" height=\"640\"\/><br \/>\n    Exemple d\u2019\u0153uvres qui inspirent agn\u00e8s b. pour ses tenues. \u00a9Anne-Sophie Hourdeaux \/Croix du Nord<\/p>\n<p class=\" wall-content\">Le mus\u00e9e pr\u00e9cise\u2009: \u00ab\u2009C\u2019est tout naturellement qu\u2019elle invite, d\u00e8s 1984, cette nouvelle sc\u00e8ne artistique \u00e0 pr\u00e9senter ses travaux dans sa galerie rue du Jour en plein c\u0153ur du quartier des Halles \u00e0 Paris. Les vernissages se succ\u00e8dent, avec en 2001 une exposition manifeste qui regroupe 18 artistes et consacre d\u00e9sormais le graff comme discipline artistique\u2009\u00bb. Elle s\u2019en inspire de plus en plus dans ses v\u00eatements.<\/p>\n<p>    <img   decoding=\"async\" loading=\"lazy\" class=\"size-large\" src=\"https:\/\/www.europesays.com\/fr\/wp-content\/uploads\/2025\/11\/1b1a496b3ff86449a496b3ff801aa4v-960x640.jpeg\" alt=\"la piscine roubaix agn\u00e8s B\" width=\"960\" height=\"640\"\/><br \/>\n    Un mur de tee-shirts\u2009! \u00a9Anne-Sophie Hourdeaux \/Croix du NordTee-shirts, tableaux, robes et portes<\/p>\n<p class=\" wall-content\">C\u2019est ce lien entre art et textile qui s\u2019expose au mus\u00e9e La Piscine. Au centre, des robes et vestes sont install\u00e9es, comme un d\u00e9fil\u00e9 de mode fig\u00e9. Des tee-shirts customis\u00e9s artistiquement envahissent un pan de mur, comme une vaste \u0153uvre d\u2019art. Des peintures, sur des tableaux mais aussi sur des objets, comme une chaise, des portes ou encore un rideau de garage en fer, semblent dialoguer avec les v\u00eatements.<\/p>\n<p>Votre r\u00e9gion, votre actu !<\/p>\n<p>Recevez chaque jour les infos qui comptent pour vous.<\/p>\n<p>\t<a href=\"https:\/\/actu.fr\/newsletter\" class=\"ac-btn ac-btn--corner ac-btn--medium ac-btn--blue800\" target=\"_blank\" rel=\"noopener\">S&rsquo;incrire<\/a><\/p>\n<p>    <img   decoding=\"async\" loading=\"lazy\" class=\"size-large\" src=\"https:\/\/www.europesays.com\/fr\/wp-content\/uploads\/2025\/11\/d665c0a9f00961775c0a9f0094b75cv-960x640.jpeg\" alt=\"agn\u00e8s b \u00e0 la piscine roubaix\" width=\"960\" height=\"640\"\/><br \/>\n    Sur un rideau de fer aussi l\u2019art peut \u00eatre pr\u00e9sent\u2009! \u00a9Anne-Sophie Hourdeaux \/Croix du Nord<\/p>\n<p class=\" wall-content\">On est s\u00e9duit par les formes g\u00e9om\u00e9triques, les couleurs, les \u00e9toffes incrust\u00e9es. On s\u2019imagine porter l\u2019art sur soi comme une carte d\u2019identit\u00e9 de son territoire.<\/p>\n<p>    <img   decoding=\"async\" loading=\"lazy\" class=\"size-large\" src=\"https:\/\/www.europesays.com\/fr\/wp-content\/uploads\/2025\/11\/a45ab0a9f0096a85ab0a9f0097c5abv-960x640.jpeg\" alt=\"agn\u00e8s b \u00e0 la piscine roubaix\" width=\"960\" height=\"640\"\/><br \/>\n    Les robes d\u2019agn\u00e8s b. racontent une histoire artistique\u2009! \u00a9Anne-Sophie Hourdeaux \/Croix du NordDialogue entre peintures et v\u00eatements<\/p>\n<p class=\" wall-content\">Ainsi, une toile hypercolor\u00e9e de JonOne est mise en vis-\u00e0-vis d\u2019un costume veste-pantalon-chemise exactement du m\u00eame motif. Cela refl\u00e8te les multiples collaborations de la styliste avec les street-artistes\u2009: B\u00e4st, Baudelocque, Dexter Fernandez, Futura, Ikon, Katre, Fury, Lek &amp; Sowat, Mambo, Ryan McGinness\u2026<\/p>\n<p>    <img   decoding=\"async\" loading=\"lazy\" class=\"size-large\" src=\"https:\/\/www.europesays.com\/fr\/wp-content\/uploads\/2025\/11\/dc26d0a9f00960136d0a9f009f436dv-960x640.jpeg\" alt=\"agn\u00e8s b \u00e0 la piscine roubaix\" width=\"960\" height=\"640\"\/><br \/>\n    agn\u00e8s b expose \u00e0 la Piscine \u00e0 Roubaix. \u00a9Anne-Sophie Hourdeaux \/Croix du Nord<\/p>\n<p class=\" wall-content\">\u00ab\u2009Ce qui me tient \u00e0 c\u0153ur et que je ne cesse de r\u00e9p\u00e9ter, c\u2019est que le graffiti n\u2019est pas une pollution. Au contraire, c\u2019est un art riche. Quelque chose qui embellit la vie, qui embellit la ville\u2009\u00bb disait agn\u00e8s b. Celle pour qui la mode s\u2019inspire de la rue a \u00e9t\u00e9 avant-gardiste en la mati\u00e8re\u2009! Normal qu\u2019elle trouve \u00e0 Roubaix, ville du street art, un bel \u00e9crin.<\/p>\n<p class=\" wall-content\">Personnalisez votre actualit\u00e9 en ajoutant vos villes et m\u00e9dias en favori avec <a href=\"https:\/\/moncompte.actu.fr\" title=\"D\u00e9couvez Mon Actu\" rel=\"nofollow noopener\" data-trk=\"{&quot;cta&quot;:{&quot;action&quot;:&quot;https:\\\/\\\/moncompte.actu.fr&quot;,&quot;category&quot;:&quot;mon compte&quot;,&quot;from&quot;:&quot;article footer&quot;,&quot;name&quot;:&quot;Mon actu&quot;,&quot;type&quot;:&quot;cta&quot;}}\" target=\"_blank\">Mon Actu<\/a>.<\/p>\n","protected":false},"excerpt":{"rendered":"Par Anne-Sophie Hourdeaux Publi\u00e9 le 2 nov. 2025 \u00e0 13h30 Qui est agn\u00e8s b.\u2009? Styliste, galeriste, collectionneuse, m\u00e9c\u00e8ne&hellip;\n","protected":false},"author":2,"featured_media":506845,"comment_status":"","ping_status":"","sticky":false,"template":"","format":"standard","meta":{"footnotes":""},"categories":[2815],"tags":[1111,11,1777,674,1011,27,811,1307,1652,14387,12,25],"class_list":{"0":"post-506844","1":"post","2":"type-post","3":"status-publish","4":"format-standard","5":"has-post-thumbnail","7":"category-lille","8":"tag-actu","9":"tag-actualites","10":"tag-eu","11":"tag-europe","12":"tag-fr","13":"tag-france","14":"tag-hauts-de-france","15":"tag-lille","16":"tag-loisirs-culture","17":"tag-musee-la-piscine","18":"tag-news","19":"tag-republique-francaise"},"share_on_mastodon":{"url":"https:\/\/pubeurope.com\/@fr\/115480446646002473","error":""},"_links":{"self":[{"href":"https:\/\/www.europesays.com\/fr\/wp-json\/wp\/v2\/posts\/506844","targetHints":{"allow":["GET"]}}],"collection":[{"href":"https:\/\/www.europesays.com\/fr\/wp-json\/wp\/v2\/posts"}],"about":[{"href":"https:\/\/www.europesays.com\/fr\/wp-json\/wp\/v2\/types\/post"}],"author":[{"embeddable":true,"href":"https:\/\/www.europesays.com\/fr\/wp-json\/wp\/v2\/users\/2"}],"replies":[{"embeddable":true,"href":"https:\/\/www.europesays.com\/fr\/wp-json\/wp\/v2\/comments?post=506844"}],"version-history":[{"count":0,"href":"https:\/\/www.europesays.com\/fr\/wp-json\/wp\/v2\/posts\/506844\/revisions"}],"wp:featuredmedia":[{"embeddable":true,"href":"https:\/\/www.europesays.com\/fr\/wp-json\/wp\/v2\/media\/506845"}],"wp:attachment":[{"href":"https:\/\/www.europesays.com\/fr\/wp-json\/wp\/v2\/media?parent=506844"}],"wp:term":[{"taxonomy":"category","embeddable":true,"href":"https:\/\/www.europesays.com\/fr\/wp-json\/wp\/v2\/categories?post=506844"},{"taxonomy":"post_tag","embeddable":true,"href":"https:\/\/www.europesays.com\/fr\/wp-json\/wp\/v2\/tags?post=506844"}],"curies":[{"name":"wp","href":"https:\/\/api.w.org\/{rel}","templated":true}]}}