{"id":506848,"date":"2025-11-02T13:56:11","date_gmt":"2025-11-02T13:56:11","guid":{"rendered":"https:\/\/www.europesays.com\/fr\/506848\/"},"modified":"2025-11-02T13:56:11","modified_gmt":"2025-11-02T13:56:11","slug":"belinda-cannone-loiseau-de-nuit-du-mucem","status":"publish","type":"post","link":"https:\/\/www.europesays.com\/fr\/506848\/","title":{"rendered":"Belinda Cannone, l\u2019oiseau de nuit du Mucem"},"content":{"rendered":"<p>En octobre\u00a02023, Belinda Cannone a quitt\u00e9 sa long\u00e8re du Cotentin et sa prairie verte, o\u00f9 les chevreuils dansent sous la bruine, pour aller s\u2019ensoleiller <a href=\"https:\/\/www.laprovence.com\/bouches-du-rhone\/marseille-13055\" target=\"_blank\" rel=\"noopener\">\u00e0 Marseille<\/a> et la Manche gris flanelle pour la M\u00e9diterran\u00e9e bleu azur. L\u2019autrice du Go\u00fbt du baiser et de Petit \u00e9loge du d\u00e9sir avait en effet choisi, pour la collection \u00ab\u00a0Ma nuit au mus\u00e9e\u00a0\u00bb, d\u2019installer son lit de camp <a href=\"https:\/\/www.laprovence.com\/article\/culture-loisirs\/64628707109144\/pierre-olivier-costa-le-mucem-un-musee-de-societe-et-de-solution\" target=\"_blank\" rel=\"noopener\">au Mucem<\/a>, le bien nomm\u00e9 Mus\u00e9e des Civilisations de l\u2019Europe et de la M\u00e9diterran\u00e9e.<\/p>\n<p>Ce n\u2019\u00e9tait pas un caprice, c\u2019\u00e9tait un retour aux sources pour l\u2019\u00e9crivaine qui est n\u00e9e en Tunisie d\u2019un p\u00e8re sicilien et d\u2019une m\u00e8re d\u2019origine corse, et dont les a\u00efeux n\u2019ont cess\u00e9, au cours du si\u00e8cle dernier, de sillonner en tous sens la M\u00e9diterran\u00e9e.<\/p>\n<p>Baptis\u00e9e \u00ab\u00a0Oiseau de nuit\u00a0\u00bb par les rondiers qui l\u2019avaient \u00e9quip\u00e9e d\u2019un talkie-walkie afin de pouvoir communiquer en cas de besoin, Belinda Cannone a eu le privil\u00e8ge d\u2019avoir le Mucem pour elle seule, du soir au petit matin. Elle ne l\u2019a pas visit\u00e9, elle l\u2019a habit\u00e9. Avec le sentiment \u00e9trange d\u2019\u00eatre un peu chez elle et un bonheur particulier \u00e0 se promener, nez au vent et face \u00e0 la mer, sur la fameuse passerelle &#8211;\u00a0\u00ab\u00a0chef-d\u2019\u0153uvre dans le chef-d\u2019\u0153uvre\u00a0\u00bb -, longue d\u2019une centaine de m\u00e8tres, qui enjambe une d&#8230;<\/p>\n","protected":false},"excerpt":{"rendered":"En octobre\u00a02023, Belinda Cannone a quitt\u00e9 sa long\u00e8re du Cotentin et sa prairie verte, o\u00f9 les chevreuils dansent&hellip;\n","protected":false},"author":2,"featured_media":506849,"comment_status":"","ping_status":"","sticky":false,"template":"","format":"standard","meta":{"footnotes":""},"categories":[2814],"tags":[17,1111,11,62868,62869,251,1777,674,16019,1011,27,62867,9806,62870,19951,884,12,882,25],"class_list":{"0":"post-506848","1":"post","2":"type-post","3":"status-publish","4":"format-standard","5":"has-post-thumbnail","7":"category-marseille","8":"tag-17","9":"tag-actu","10":"tag-actualites","11":"tag-belinda","12":"tag-cannone","13":"tag-culture","14":"tag-eu","15":"tag-europe","16":"tag-feuilleton","17":"tag-fr","18":"tag-france","19":"tag-garcin","20":"tag-jerome","21":"tag-loiseau","22":"tag-litteraire","23":"tag-marseille","24":"tag-news","25":"tag-provence-alpes-cote-dazur","26":"tag-republique-francaise"},"share_on_mastodon":{"url":"","error":""},"_links":{"self":[{"href":"https:\/\/www.europesays.com\/fr\/wp-json\/wp\/v2\/posts\/506848","targetHints":{"allow":["GET"]}}],"collection":[{"href":"https:\/\/www.europesays.com\/fr\/wp-json\/wp\/v2\/posts"}],"about":[{"href":"https:\/\/www.europesays.com\/fr\/wp-json\/wp\/v2\/types\/post"}],"author":[{"embeddable":true,"href":"https:\/\/www.europesays.com\/fr\/wp-json\/wp\/v2\/users\/2"}],"replies":[{"embeddable":true,"href":"https:\/\/www.europesays.com\/fr\/wp-json\/wp\/v2\/comments?post=506848"}],"version-history":[{"count":0,"href":"https:\/\/www.europesays.com\/fr\/wp-json\/wp\/v2\/posts\/506848\/revisions"}],"wp:featuredmedia":[{"embeddable":true,"href":"https:\/\/www.europesays.com\/fr\/wp-json\/wp\/v2\/media\/506849"}],"wp:attachment":[{"href":"https:\/\/www.europesays.com\/fr\/wp-json\/wp\/v2\/media?parent=506848"}],"wp:term":[{"taxonomy":"category","embeddable":true,"href":"https:\/\/www.europesays.com\/fr\/wp-json\/wp\/v2\/categories?post=506848"},{"taxonomy":"post_tag","embeddable":true,"href":"https:\/\/www.europesays.com\/fr\/wp-json\/wp\/v2\/tags?post=506848"}],"curies":[{"name":"wp","href":"https:\/\/api.w.org\/{rel}","templated":true}]}}