{"id":506852,"date":"2025-11-02T13:58:10","date_gmt":"2025-11-02T13:58:10","guid":{"rendered":"https:\/\/www.europesays.com\/fr\/506852\/"},"modified":"2025-11-02T13:58:10","modified_gmt":"2025-11-02T13:58:10","slug":"le-maire-se-felicite-de-la-fermeture-administrative-de-deux-etablissements-pas-encore-prevenus","status":"publish","type":"post","link":"https:\/\/www.europesays.com\/fr\/506852\/","title":{"rendered":"le maire se f\u00e9licite de la fermeture administrative de deux \u00e9tablissements pas encore pr\u00e9venus"},"content":{"rendered":"<p>\u00ab\u00a0Suites aux diff\u00e9rents contr\u00f4les de police, sollicit\u00e9s par l&rsquo;arrondissement et la ville de Lyon, ayant permis de constater de multiples infractions portant atteinte \u00e0 la tranquillit\u00e9, \u00e0 la s\u00e9curit\u00e9 et \u00e0 l&rsquo;ordre public et contrevenant \u00e0 l&rsquo;arr\u00eat\u00e9 municipal interdisant la vente d&rsquo;alcool apr\u00e8s 21h, la pr\u00e9fecture Auvergne-Rh\u00f4ne-Alpes a prononc\u00e9 la fermeture administrative de deux \u00e9tablissements du 8e\u00a0\u00bb, se f\u00e9licitait ainsi l&rsquo;\u00e9lu \u00e9cologiste.<\/p>\n<p>Selon Olivier Berzane, ces arr\u00eat\u00e9s concernaient la boite de nuit Le New Hollywood (Les Salons du NH ndlr), rue Henri Barbusse, pour une dur\u00e9e de 15 jours et l&rsquo;\u00e9picerie du 8e, rue Pierre Delore, pour une dur\u00e9e de 2 mois.<\/p>\n<p>\u00ab\u00a0Nous restons mobilis\u00e9s pour mettre fin d\u00e9finitivement \u00e0 ces nuisances et permettre aux habitants de retrouver le calme dans leur quartier\u00a0\u00bb, promettait l&rsquo;\u00e9dile en guise de conclusion.<\/p>\n<p><strong>La pr\u00e9fecture courrouc\u00e9e<\/strong><\/p>\n<p>Sauf qu&rsquo;Olivier Berzane a grill\u00e9 la priorit\u00e9 aux services de l&rsquo;Etat, puisque la pr\u00e9fecture du Rh\u00f4ne n&rsquo;avait pas encore pris d&rsquo;arr\u00eat\u00e9s et ne les avait pas non plus transmis aux principaux concern\u00e9s, qui ont donc appris leur fermeture par voie de presse. Autant dire que certains \u00e9taient agac\u00e9s de la situation rue Pierre Corneille&#8230;<\/p>\n<p>\u00ab\u00a0S\u00e9curit\u00e9, rigueur, discr\u00e9tion ? Visiblement des valeurs trop abstraites pour Olivier Berzane. Annoncer la fermeture de deux \u00e9tablissements avant notification officielle : bravo pour l\u2019amateurisme et le spectacle\u00a0\u00bb, a r\u00e9agi <a href=\"https:\/\/www.lyonmag.com\/profil-personnalite-lyonnaise\/247\/charles-franck-levy\" target=\"_blank\" rel=\"noopener\">Charles-Franck L\u00e9vy<\/a>, \u00e9lu d&rsquo;opposition dans le 8e et fid\u00e8le soutien de <a href=\"https:\/\/www.lyonmag.com\/profil-personnalite-lyonnaise\/8\/jean-michel-aulas\" target=\"_blank\" rel=\"noopener\">Jean-Michel Aulas<\/a>.<\/p>\n<p>La nouvelle s&rsquo;est en tout cas propag\u00e9e sur les r\u00e9seaux sociaux. Et en l&rsquo;absence d&rsquo;arr\u00eat\u00e9 pour s&rsquo;y r\u00e9f\u00e9rer, certains ont extrapol\u00e9.<\/p>\n<p>Ce qui a oblig\u00e9 les dirigeants du NH \u00e0 prendre la parole, reconnaissant subir une fermeture administrative de deux semaines, mais craignant que les rumeurs ne les privent \u00e0 l&rsquo;avenir de client\u00e8le :\u00a0\u00ab\u00a0Nous prenons acte de cette d\u00e9cision et mettons tout en \u0153uvre pour un retour rapide et serein. Le NH n\u2019est pas d\u00e9finitivement ferm\u00e9, ni menac\u00e9 de fermeture \u00e0 court terme, contrairement \u00e0 certaines rumeurs. Si une telle situation devait se pr\u00e9senter, vous seriez les premiers inform\u00e9s de mani\u00e8re officielle. Nous appelons donc chacun \u00e0 la s\u00e9r\u00e9nit\u00e9 et \u00e0 d\u00e9passionner les discussions autour du sujet\u00a0\u00bb.<\/p>\n","protected":false},"excerpt":{"rendered":"\u00ab\u00a0Suites aux diff\u00e9rents contr\u00f4les de police, sollicit\u00e9s par l&rsquo;arrondissement et la ville de Lyon, ayant permis de constater&hellip;\n","protected":false},"author":2,"featured_media":506853,"comment_status":"","ping_status":"","sticky":false,"template":"","format":"standard","meta":{"footnotes":""},"categories":[1889],"tags":[1111,11,2813,2190,2430,1109,251,1112,2811,1777,674,118,1011,27,1922,1110,1114,2428,2810,12,241,316,25,2812,517,800],"class_list":{"0":"post-506852","1":"post","2":"type-post","3":"status-publish","4":"format-standard","5":"has-post-thumbnail","7":"category-lyon","8":"tag-actu","9":"tag-actualites","10":"tag-article","11":"tag-asvel","12":"tag-auvergne-rhone-alpes","13":"tag-breves","14":"tag-culture","15":"tag-depeches","16":"tag-economique","17":"tag-eu","18":"tag-europe","19":"tag-faits-divers","20":"tag-fr","21":"tag-france","22":"tag-info","23":"tag-informations","24":"tag-infos","25":"tag-lyon","26":"tag-lyonmag","27":"tag-news","28":"tag-ol","29":"tag-politique","30":"tag-republique-francaise","31":"tag-sociale","32":"tag-sport","33":"tag-transports"},"share_on_mastodon":{"url":"https:\/\/pubeurope.com\/@fr\/115480461573611859","error":""},"_links":{"self":[{"href":"https:\/\/www.europesays.com\/fr\/wp-json\/wp\/v2\/posts\/506852","targetHints":{"allow":["GET"]}}],"collection":[{"href":"https:\/\/www.europesays.com\/fr\/wp-json\/wp\/v2\/posts"}],"about":[{"href":"https:\/\/www.europesays.com\/fr\/wp-json\/wp\/v2\/types\/post"}],"author":[{"embeddable":true,"href":"https:\/\/www.europesays.com\/fr\/wp-json\/wp\/v2\/users\/2"}],"replies":[{"embeddable":true,"href":"https:\/\/www.europesays.com\/fr\/wp-json\/wp\/v2\/comments?post=506852"}],"version-history":[{"count":0,"href":"https:\/\/www.europesays.com\/fr\/wp-json\/wp\/v2\/posts\/506852\/revisions"}],"wp:featuredmedia":[{"embeddable":true,"href":"https:\/\/www.europesays.com\/fr\/wp-json\/wp\/v2\/media\/506853"}],"wp:attachment":[{"href":"https:\/\/www.europesays.com\/fr\/wp-json\/wp\/v2\/media?parent=506852"}],"wp:term":[{"taxonomy":"category","embeddable":true,"href":"https:\/\/www.europesays.com\/fr\/wp-json\/wp\/v2\/categories?post=506852"},{"taxonomy":"post_tag","embeddable":true,"href":"https:\/\/www.europesays.com\/fr\/wp-json\/wp\/v2\/tags?post=506852"}],"curies":[{"name":"wp","href":"https:\/\/api.w.org\/{rel}","templated":true}]}}