{"id":506854,"date":"2025-11-02T13:59:10","date_gmt":"2025-11-02T13:59:10","guid":{"rendered":"https:\/\/www.europesays.com\/fr\/506854\/"},"modified":"2025-11-02T13:59:10","modified_gmt":"2025-11-02T13:59:10","slug":"apres-lyon-mama-shelter-frappe-fort-et-arrive-dans-les-alpes-avec-un-concept-tout-inclus","status":"publish","type":"post","link":"https:\/\/www.europesays.com\/fr\/506854\/","title":{"rendered":"Apr\u00e8s Lyon, Mama Shelter frappe fort et arrive dans les Alpes avec un concept tout inclus"},"content":{"rendered":"<p>            Par<br \/>\n        <strong><br \/>\n            <a href=\"https:\/\/actu.fr\/auteur\/nicolas-zaugra\" title=\"Consulter tous les articles de Nicolas Zaugra\" target=\"_blank\" rel=\"noopener\">Nicolas Zaugra<\/a><br \/>\n        <\/strong><\/p>\n<p>        Publi\u00e9 le<\/p>\n<p>            2 nov. 2025 \u00e0 14h35        <\/p>\n<p>Ouvert depuis 2013 \u00e0 <a href=\"https:\/\/actu.fr\/auvergne-rhone-alpes\/lyon_69123\" target=\"_blank\" rel=\"noopener\">Lyon<\/a> dans le 7e arrondissement, l\u2019h\u00f4tel <a href=\"https:\/\/actu.fr\/auvergne-rhone-alpes\/lyon_69123\/lyon-le-plus-grand-brunch-a-volonte-de-la-ville-cartonne-on-a-teste-ce-buffet-xxl_63291105.html\" target=\"_blank\" rel=\"noopener\">Mama Shelter<\/a> s\u2019est depuis d\u00e9velopp\u00e9 dans de nombreuses villes de France mais aussi \u00e0 l\u2019international. Le concept d\u2019h\u00f4tel, bar et restaurant branch\u00e9 bien connu des Lyonnais a annonc\u00e9 un vaste projet d\u2019implantation \u00e0 la montagne, une premi\u00e8re. D\u2019ici 2027, le groupe h\u00f4telier d\u00e9tenu par le g\u00e9ant Accor va ouvrir un premier \u00ab\u00a0resort\u00a0\u00bb dans les <a href=\"https:\/\/actu.fr\/tag\/alpes\" target=\"_blank\" rel=\"noopener\">Alpes<\/a> \u00e0 <strong>Val Thorens avec un concept in\u00e9dit tout inclus<\/strong>, \u00e9t\u00e9 comme hiver.<\/p>\n<p>Pour la premi\u00e8re fois, un concept \u00ab\u00a0tout inclus\u00a0\u00bb<\/p>\n<p class=\" wall-content\">Pour la premi\u00e8re fois de son histoire, le concept h\u00f4telier d\u00e9barque \u00e0 la montagne. D\u2019ici 2027, il va ouvrir un \u00ab\u00a0resort\u00a0\u00bb surfant sur le principe du tout inclus dans la station la plus haute d\u2019Europe.\u00a0<\/p>\n<p class=\" wall-content\">Le lieu avec vue sur les pistes et les Alpes comprendra 148 chambres, un restaurant avec terrasse panoramique totalisant plus de 800 m\u00b2, un bar pour un cocktail, un karaok\u00e9, le \u00ab Ski Lounge \u00bb pour se retrouver entre amis. Les adolescents pourront fr\u00e9quenter \u00ab Teen Room \u00bb et les adultes un spa, dot\u00e9 d\u2019un sauna, d\u2019un hammam, de cabines de soins, d\u2019un espace fitness et d\u2019une piscine int\u00e9rieure offrant une \u00ab\u00a0vue imprenable\u00a0\u00bb.<\/p>\n<p>Moins cher que les h\u00f4tels tr\u00e8s haut de gamme<\/p>\n<p class=\" wall-content\">L\u2019objectif de la marque \u00ab\u00a0lifestyle\u00a0\u00bb est de s\u00e9duire des familles ou des jeunes adultes pour des s\u00e9jours plus longs que dans ses h\u00f4tels urbains.<\/p>\n<p class=\" wall-content\">En terme de prix, Mama Shelter affirme vouloir proposer des services plut\u00f4t haut de gamme mais plus accessible que les grands h\u00f4tels du secteur dont les prix ont explos\u00e9 ces derni\u00e8res ann\u00e9es.<\/p>\n<p class=\" wall-content\">Personnalisez votre actualit\u00e9 en ajoutant vos villes et m\u00e9dias en favori avec <a href=\"https:\/\/moncompte.actu.fr\" title=\"D\u00e9couvez Mon Actu\" rel=\"nofollow noopener\" data-trk=\"{&quot;cta&quot;:{&quot;action&quot;:&quot;https:\\\/\\\/moncompte.actu.fr&quot;,&quot;category&quot;:&quot;mon compte&quot;,&quot;from&quot;:&quot;article footer&quot;,&quot;name&quot;:&quot;Mon actu&quot;,&quot;type&quot;:&quot;cta&quot;}}\" target=\"_blank\">Mon Actu<\/a>.<\/p>\n","protected":false},"excerpt":{"rendered":"Par Nicolas Zaugra Publi\u00e9 le 2 nov. 2025 \u00e0 14h35 Ouvert depuis 2013 \u00e0 Lyon dans le 7e&hellip;\n","protected":false},"author":2,"featured_media":506855,"comment_status":"","ping_status":"","sticky":false,"template":"","format":"standard","meta":{"footnotes":""},"categories":[1889],"tags":[1111,11,7733,2430,33,1777,674,1011,27,2428,12,25,4129,602],"class_list":{"0":"post-506854","1":"post","2":"type-post","3":"status-publish","4":"format-standard","5":"has-post-thumbnail","7":"category-lyon","8":"tag-actu","9":"tag-actualites","10":"tag-alpes","11":"tag-auvergne-rhone-alpes","12":"tag-economie","13":"tag-eu","14":"tag-europe","15":"tag-fr","16":"tag-france","17":"tag-lyon","18":"tag-news","19":"tag-republique-francaise","20":"tag-ski","21":"tag-tourisme"},"share_on_mastodon":{"url":"https:\/\/pubeurope.com\/@fr\/115480465478403840","error":""},"_links":{"self":[{"href":"https:\/\/www.europesays.com\/fr\/wp-json\/wp\/v2\/posts\/506854","targetHints":{"allow":["GET"]}}],"collection":[{"href":"https:\/\/www.europesays.com\/fr\/wp-json\/wp\/v2\/posts"}],"about":[{"href":"https:\/\/www.europesays.com\/fr\/wp-json\/wp\/v2\/types\/post"}],"author":[{"embeddable":true,"href":"https:\/\/www.europesays.com\/fr\/wp-json\/wp\/v2\/users\/2"}],"replies":[{"embeddable":true,"href":"https:\/\/www.europesays.com\/fr\/wp-json\/wp\/v2\/comments?post=506854"}],"version-history":[{"count":0,"href":"https:\/\/www.europesays.com\/fr\/wp-json\/wp\/v2\/posts\/506854\/revisions"}],"wp:featuredmedia":[{"embeddable":true,"href":"https:\/\/www.europesays.com\/fr\/wp-json\/wp\/v2\/media\/506855"}],"wp:attachment":[{"href":"https:\/\/www.europesays.com\/fr\/wp-json\/wp\/v2\/media?parent=506854"}],"wp:term":[{"taxonomy":"category","embeddable":true,"href":"https:\/\/www.europesays.com\/fr\/wp-json\/wp\/v2\/categories?post=506854"},{"taxonomy":"post_tag","embeddable":true,"href":"https:\/\/www.europesays.com\/fr\/wp-json\/wp\/v2\/tags?post=506854"}],"curies":[{"name":"wp","href":"https:\/\/api.w.org\/{rel}","templated":true}]}}