{"id":506856,"date":"2025-11-02T14:01:21","date_gmt":"2025-11-02T14:01:21","guid":{"rendered":"https:\/\/www.europesays.com\/fr\/506856\/"},"modified":"2025-11-02T14:01:21","modified_gmt":"2025-11-02T14:01:21","slug":"exit-lile-de-lascension-le-parcours-des-ultim-raccourci-sur-la-transat-cafe","status":"publish","type":"post","link":"https:\/\/www.europesays.com\/fr\/506856\/","title":{"rendered":"\u00ab\u00a0Exit l\u2019\u00eele de l\u2019Ascension\u00a0\u00bb\u00a0: le parcours des Ultim raccourci sur la\u00a0Transat Caf\u00e9"},"content":{"rendered":"<p><strong>\u00ab\u00a0Exit l\u2019\u00eele de l\u2019Ascension\u00a0\u00bb<\/strong> pour les Ultim. Dans un message envoy\u00e9 aux quatre g\u00e9ants des mers samedi 1er\u00a0novembre dans la soir\u00e9e, la direction de course de la Transat Caf\u00e9 L\u2019Or a pris la d\u00e9cision de r\u00e9duire le parcours en direction de la Martinique.<\/p>\n<p>La raison\u00a0? <strong>\u00ab\u00a0Afin de respecter des arriv\u00e9es group\u00e9es \u00e0 Fort-de-France\u00a0\u00bb<\/strong>, a indiqu\u00e9 l\u2019organisation dans un communiqu\u00e9. <strong>\u00ab\u00a0L\u2019archipel de San Pedro et San Paolo sera donc leur derni\u00e8re marque de parcours avant la Martinique\u00a0\u00bb<\/strong>, a-t-elle ajout\u00e9.<\/p>\n<p>Au huiti\u00e8me jour de course <a href=\"https:\/\/www.ouest-france.fr\/sport\/voile\/transat-jacques-vabre\/direct\/direct-transat-cafe-lor-suivez-le-huitieme-jour-de-course-en-live-2c35763a-a6f2-45a0-ba9c-607d19efe19f\" target=\"_blank\" rel=\"noopener\">sur la Route du Caf\u00e9, ce dimanche 2\u00a0novembre,<\/a> la classe des Ocean Fifty, actuellement au large du Cap Vert, va en effet plus vite que pr\u00e9vu dans son avanc\u00e9e que les Ultim. Leur leader, SVR &#8211; Lazartigue, vient tout juste de sortir du pot-au-noir, une zone intertropicale \u00e0 la m\u00e9t\u00e9o impr\u00e9visible, apr\u00e8s plus de 36\u00a0heures de lutte.<\/p>\n<p><strong>Voir aussi\u00a0:<\/strong> <a href=\"https:\/\/www.ouest-france.fr\/sport\/voile\/transat-jacques-vabre\/classement\/\" target=\"_blank\" rel=\"noopener\">Les classements et la cartographie de la Transat Caf\u00e9 L\u2019Or<\/a><\/p>\n<p>Il reste donc 2\u00a0500\u00a0milles nautiques \u00e0 parcourir aux quatre g\u00e9ants des mers pour rallier la Martinique. La nouvelle estimation d\u2019arriv\u00e9e des Ultim a ainsi \u00e9t\u00e9 fix\u00e9e au 6\u00a0novembre par la direction de la course.<\/p>\n<p>\u00a0<\/p>\n","protected":false},"excerpt":{"rendered":"\u00ab\u00a0Exit l\u2019\u00eele de l\u2019Ascension\u00a0\u00bb pour les Ultim. Dans un message envoy\u00e9 aux quatre g\u00e9ants des mers samedi 1er\u00a0novembre&hellip;\n","protected":false},"author":2,"featured_media":506857,"comment_status":"","ping_status":"","sticky":false,"template":"","format":"standard","meta":{"footnotes":""},"categories":[1592],"tags":[1111,11,3809,1465,1777,674,63,1011,27,1792,662,1922,2047,12,626,25,479,517,1470],"class_list":{"0":"post-506856","1":"post","2":"type-post","3":"status-publish","4":"format-standard","5":"has-post-thumbnail","7":"category-ile-de-france","8":"tag-actu","9":"tag-actualites","10":"tag-ball","11":"tag-basket","12":"tag-eu","13":"tag-europe","14":"tag-football","15":"tag-fr","16":"tag-france","17":"tag-handball","18":"tag-ile-de-france","19":"tag-info","20":"tag-mans","21":"tag-news","22":"tag-paris","23":"tag-republique-francaise","24":"tag-rugby","25":"tag-sport","26":"tag-volley"},"share_on_mastodon":{"url":"https:\/\/pubeurope.com\/@fr\/115480473404174485","error":""},"_links":{"self":[{"href":"https:\/\/www.europesays.com\/fr\/wp-json\/wp\/v2\/posts\/506856","targetHints":{"allow":["GET"]}}],"collection":[{"href":"https:\/\/www.europesays.com\/fr\/wp-json\/wp\/v2\/posts"}],"about":[{"href":"https:\/\/www.europesays.com\/fr\/wp-json\/wp\/v2\/types\/post"}],"author":[{"embeddable":true,"href":"https:\/\/www.europesays.com\/fr\/wp-json\/wp\/v2\/users\/2"}],"replies":[{"embeddable":true,"href":"https:\/\/www.europesays.com\/fr\/wp-json\/wp\/v2\/comments?post=506856"}],"version-history":[{"count":0,"href":"https:\/\/www.europesays.com\/fr\/wp-json\/wp\/v2\/posts\/506856\/revisions"}],"wp:featuredmedia":[{"embeddable":true,"href":"https:\/\/www.europesays.com\/fr\/wp-json\/wp\/v2\/media\/506857"}],"wp:attachment":[{"href":"https:\/\/www.europesays.com\/fr\/wp-json\/wp\/v2\/media?parent=506856"}],"wp:term":[{"taxonomy":"category","embeddable":true,"href":"https:\/\/www.europesays.com\/fr\/wp-json\/wp\/v2\/categories?post=506856"},{"taxonomy":"post_tag","embeddable":true,"href":"https:\/\/www.europesays.com\/fr\/wp-json\/wp\/v2\/tags?post=506856"}],"curies":[{"name":"wp","href":"https:\/\/api.w.org\/{rel}","templated":true}]}}