{"id":506860,"date":"2025-11-02T14:03:11","date_gmt":"2025-11-02T14:03:11","guid":{"rendered":"https:\/\/www.europesays.com\/fr\/506860\/"},"modified":"2025-11-02T14:03:11","modified_gmt":"2025-11-02T14:03:11","slug":"sinner-pour-redevenir-n1-mondial-la-finale-face-a-auger-aliassime-a-suivre-a-partir-de-15h","status":"publish","type":"post","link":"https:\/\/www.europesays.com\/fr\/506860\/","title":{"rendered":"Sinner pour redevenir n\u00b01 mondial, la finale face \u00e0 Auger-Aliassime \u00e0 suivre \u00e0 partir de 15h"},"content":{"rendered":"<p class=\"mb-4 text-lg md:leading-8 break-words\"><strong>tennis &#8211; L\u2019Italien, imp\u00e9rial cette semaine \u00e0 L\u2019arena de Paris La D\u00e9fense, d\u00e9passera Carlos Alcaraz en cas de victoire face au Canadien<\/strong><\/p>\n<p class=\"mb-4 text-lg md:leading-8 break-words\"><strong>SINNER &#8211; AUGER ALIASSIME (15h)<\/strong><\/p>\n<p class=\"mb-4 text-lg md:leading-8 break-words\"><a href=\"https:\/\/www.20minutes.fr\/sport\/tennis\/4183041-20251102-direct-paris-rolex-masters-2025-sinner-redevenir-1-mondial-finale-face-auger-aliassime-suivre-partir-15h?at_medium=RSS%20feed&amp;at_campaign=ynews&amp;utm_source=yahoo&amp;utm_medium=rss&amp;utm_campaign=news_feed&amp;utm_content=read_more_link&quot;\" rel=\"nofollow noopener\" target=\"_blank\" data-ylk=\"slk:Lire la suite sur 20minutes;elm:context_link;itc:0;sec:content-canvas\" class=\"link \">Lire la suite sur 20minutes<\/a><\/p>\n<p>\u00c0 lire aussi :<br \/><a href=\"https:\/\/www.20minutes.fr\/sport\/tennis\/4182172-20251028-masters-1000-paris-alcaraz-parti-jamais-gagner-indoor-paname-comme-rafa?at_medium=RSS%20feed&amp;at_campaign=ynews&amp;utm_source=yahoo&amp;utm_medium=rss&amp;utm_campaign=news_feed&amp;utm_content=related_content_link\" rel=\"nofollow noopener\" target=\"_blank\" data-ylk=\"slk:Masters 1000 Paris\u00a0: Alcaraz est-il parti pour ne jamais gagner en indoor \u00e0 Paname comme Rafa\u00a0?;elm:context_link;itc:0;sec:content-canvas\" class=\"link \">Masters 1000 Paris\u00a0: Alcaraz est-il parti pour ne jamais gagner en indoor \u00e0 Paname comme Rafa\u00a0?<\/a><br \/><a href=\"https:\/\/www.20minutes.fr\/sport\/tennis\/4182431-20251030-masters-1000-paris-devais-punir-bublik-corrige-moutet-remporte-duel-trashtalkers?at_medium=RSS%20feed&amp;at_campaign=ynews&amp;utm_source=yahoo&amp;utm_medium=rss&amp;utm_campaign=news_feed&amp;utm_content=related_content_link\" rel=\"nofollow noopener\" target=\"_blank\" data-ylk=\"slk:Masters 1000 de Paris\u00a0: \u00ab\u00a0Je devais le punir\u00a0\u00bb, Bublik corrige Moutet et remporte le duel des trashtalkers;elm:context_link;itc:0;sec:content-canvas\" class=\"link \">Masters 1000 de Paris\u00a0: \u00ab\u00a0Je devais le punir\u00a0\u00bb, Bublik corrige Moutet et remporte le duel des trashtalkers<\/a><\/p>\n","protected":false},"excerpt":{"rendered":"tennis &#8211; L\u2019Italien, imp\u00e9rial cette semaine \u00e0 L\u2019arena de Paris La D\u00e9fense, d\u00e9passera Carlos Alcaraz en cas de&hellip;\n","protected":false},"author":2,"featured_media":506861,"comment_status":"","ping_status":"","sticky":false,"template":"","format":"standard","meta":{"footnotes":""},"categories":[1888],"tags":[1111,1928,11,1927,15212,7779,1777,674,1011,27,16990,12,1926,626,1925,25],"class_list":{"0":"post-506860","1":"post","2":"type-post","3":"status-publish","4":"format-standard","5":"has-post-thumbnail","7":"category-paris","8":"tag-actu","9":"tag-actu-paris","10":"tag-actualites","11":"tag-actualites-paris","12":"tag-bublik","13":"tag-carlos-alcaraz","14":"tag-eu","15":"tag-europe","16":"tag-fr","17":"tag-france","18":"tag-moutet","19":"tag-news","20":"tag-news-paris","21":"tag-paris","22":"tag-paris-news","23":"tag-republique-francaise"},"share_on_mastodon":{"url":"https:\/\/pubeurope.com\/@fr\/115480481260375706","error":""},"_links":{"self":[{"href":"https:\/\/www.europesays.com\/fr\/wp-json\/wp\/v2\/posts\/506860","targetHints":{"allow":["GET"]}}],"collection":[{"href":"https:\/\/www.europesays.com\/fr\/wp-json\/wp\/v2\/posts"}],"about":[{"href":"https:\/\/www.europesays.com\/fr\/wp-json\/wp\/v2\/types\/post"}],"author":[{"embeddable":true,"href":"https:\/\/www.europesays.com\/fr\/wp-json\/wp\/v2\/users\/2"}],"replies":[{"embeddable":true,"href":"https:\/\/www.europesays.com\/fr\/wp-json\/wp\/v2\/comments?post=506860"}],"version-history":[{"count":0,"href":"https:\/\/www.europesays.com\/fr\/wp-json\/wp\/v2\/posts\/506860\/revisions"}],"wp:featuredmedia":[{"embeddable":true,"href":"https:\/\/www.europesays.com\/fr\/wp-json\/wp\/v2\/media\/506861"}],"wp:attachment":[{"href":"https:\/\/www.europesays.com\/fr\/wp-json\/wp\/v2\/media?parent=506860"}],"wp:term":[{"taxonomy":"category","embeddable":true,"href":"https:\/\/www.europesays.com\/fr\/wp-json\/wp\/v2\/categories?post=506860"},{"taxonomy":"post_tag","embeddable":true,"href":"https:\/\/www.europesays.com\/fr\/wp-json\/wp\/v2\/tags?post=506860"}],"curies":[{"name":"wp","href":"https:\/\/api.w.org\/{rel}","templated":true}]}}