{"id":506864,"date":"2025-11-02T14:05:16","date_gmt":"2025-11-02T14:05:16","guid":{"rendered":"https:\/\/www.europesays.com\/fr\/506864\/"},"modified":"2025-11-02T14:05:16","modified_gmt":"2025-11-02T14:05:16","slug":"en-direct-rolex-paris-masters-suivez-la-finale-entre-jannik-sinner-et-felix-auger-aliassime","status":"publish","type":"post","link":"https:\/\/www.europesays.com\/fr\/506864\/","title":{"rendered":"EN DIRECT &#8211; Rolex Paris Masters : suivez la finale entre Jannik Sinner et F\u00e9lix Auger-Aliassime"},"content":{"rendered":"<p>            <a href=\"https:\/\/www.lefigaro.fr\/sports\/tennis\/rolex-paris-masters-j-aurais-prefere-qu-on-se-retrouve-en-finale-comme-a-shanghai-s-amuse-vacherot-qui-va-affronter-de-nouveau-son-cousin-rinderknech-20251028\" class=\"fig-ranking-profile-link\" data-fig-domain=\"LEFIGARO\" rel=\"nofollow noopener\" target=\"_blank\"><\/p>\n<p>        Rolex Paris Masters\u00a0: \u00abJ\u2019aurais pr\u00e9f\u00e9r\u00e9 qu\u2019on se retrouve en finale comme \u00e0 Shanghai\u00bb, s\u2019amuse Vacherot qui va affronter de nouveau son cousin Rinderknech<\/p>\n<p>                                                <\/a><\/p>\n<p>        <img   class=\"fig-img fig-ranking-profile-media-small-picture__photo\" alt=\"Rolex Paris Masters\u00a0: \u00abJ\u2019aurais pr\u00e9f\u00e9r\u00e9 qu\u2019on se retrouve en finale comme \u00e0 Shanghai\u00bb, s\u2019amuse Vacherot qui va affronter de nouveau son cousin Rinderknech\" height=\"2002\" width=\"3000\"\/><\/p>\n<p class=\"fig-ranking-profile-standfirst\">\n    Le Mon\u00e9gasque Valentin Vacherot qui a surclass\u00e9 mardi le 18e mondial Jiri Lehecka (6-1, 6-3) pour son entr\u00e9e en lice s\u2019est donn\u00e9 le droit de retrouver mercredi son cousin Arthur Rinderknech au deuxi\u00e8me tour, une quinzaine de jours apr\u00e8s leur improbable finale au Masters 1000 de Shanghai.\n<\/p>\n<p>            <a href=\"https:\/\/www.lefigaro.fr\/sports\/tennis\/rolex-paris-masters-norrie-fait-tomber-alcaraz-20251028\" class=\"fig-ranking-profile-link\" data-fig-domain=\"LEFIGARO\" rel=\"nofollow noopener\" target=\"_blank\"><\/p>\n<p>        Rolex Paris Masters\u00a0: \u00abJe ne me sentais pas bien aujourd\u2019hui\u00bb, confie Alcaraz battu d\u00e8s son entr\u00e9e en lice<\/p>\n<p>                                                <\/a><\/p>\n<p>        <img   class=\"fig-img fig-ranking-profile-media-small-picture__photo\" alt=\"Rolex Paris Masters\u00a0: \u00abJe ne me sentais pas bien aujourd\u2019hui\u00bb, confie Alcaraz battu d\u00e8s son entr\u00e9e en lice\" height=\"2000\" width=\"3000\"\/><\/p>\n<p class=\"fig-ranking-profile-standfirst\">\n    \u00c9norme sensation \u00e0 Paris La D\u00e9fense Arena avec l\u2019\u00e9limination du num\u00e9ro un mondial, sorti par le Britannique Cameron Norrie (4-6, 6-3, 6-4).\n<\/p>\n<p>            <a href=\"https:\/\/www.lefigaro.fr\/sports\/tennis\/rolex-paris-masters-vacherot-stoppe-dans-son-elan-en-quarts-par-auger-aliassime-20251031\" class=\"fig-ranking-profile-link\" data-fig-domain=\"LEFIGARO\" rel=\"nofollow noopener\" target=\"_blank\"><\/p>\n<p>        Rolex Paris Masters\u00a0: Vacherot stopp\u00e9 dans son \u00e9lan en quarts par Auger-Aliassime<\/p>\n<p>                                                <\/a><\/p>\n<p>        <img   class=\"fig-img fig-ranking-profile-media-small-picture__photo\" alt=\"Rolex Paris Masters\u00a0: Vacherot stopp\u00e9 dans son \u00e9lan en quarts par Auger-Aliassime\" height=\"2093\" width=\"3000\"\/><\/p>\n<p class=\"fig-ranking-profile-standfirst\">\n    Le Mon\u00e9gasque Valentin Vacherot (40e mondial), r\u00e9v\u00e9lation de cette fin de saison, a \u00e9t\u00e9 \u00e9limin\u00e9 vendredi en quarts de finale du Masters 1000 de Paris par le Canadien F\u00e9lix Auger-Aliassime (10e) en deux sets 6-2, 6-2.<\/p>\n","protected":false},"excerpt":{"rendered":"Rolex Paris Masters\u00a0: \u00abJ\u2019aurais pr\u00e9f\u00e9r\u00e9 qu\u2019on se retrouve en finale comme \u00e0 Shanghai\u00bb, s\u2019amuse Vacherot qui va affronter&hellip;\n","protected":false},"author":2,"featured_media":506865,"comment_status":"","ping_status":"","sticky":false,"template":"","format":"standard","meta":{"footnotes":""},"categories":[1888],"tags":[47,11,4169,525,1981,4178,1777,674,4179,49902,1011,27,1114,20859,3996,4177,4176,4174,12,4175,626,25,1980,4171,1467,4172,4173,4170],"class_list":{"0":"post-506864","1":"post","2":"type-post","3":"status-publish","4":"format-standard","5":"has-post-thumbnail","7":"category-paris","8":"tag-actualite","9":"tag-actualites","10":"tag-atp","11":"tag-calendrier","12":"tag-classement","13":"tag-coupe-davis","14":"tag-eu","15":"tag-europe","16":"tag-fed-cup","17":"tag-felix-auger-aliassime","18":"tag-fr","19":"tag-france","20":"tag-infos","21":"tag-jannik-sinner","22":"tag-jeux-olympiques","23":"tag-masters-1000","24":"tag-masters-500","25":"tag-masters-series","26":"tag-news","27":"tag-open-daustralie","28":"tag-paris","29":"tag-republique-francaise","30":"tag-resultats","31":"tag-roland-garros","32":"tag-tennis","33":"tag-us-open","34":"tag-wimbledon","35":"tag-wta"},"share_on_mastodon":{"url":"https:\/\/pubeurope.com\/@fr\/115480489247855025","error":""},"_links":{"self":[{"href":"https:\/\/www.europesays.com\/fr\/wp-json\/wp\/v2\/posts\/506864","targetHints":{"allow":["GET"]}}],"collection":[{"href":"https:\/\/www.europesays.com\/fr\/wp-json\/wp\/v2\/posts"}],"about":[{"href":"https:\/\/www.europesays.com\/fr\/wp-json\/wp\/v2\/types\/post"}],"author":[{"embeddable":true,"href":"https:\/\/www.europesays.com\/fr\/wp-json\/wp\/v2\/users\/2"}],"replies":[{"embeddable":true,"href":"https:\/\/www.europesays.com\/fr\/wp-json\/wp\/v2\/comments?post=506864"}],"version-history":[{"count":0,"href":"https:\/\/www.europesays.com\/fr\/wp-json\/wp\/v2\/posts\/506864\/revisions"}],"wp:featuredmedia":[{"embeddable":true,"href":"https:\/\/www.europesays.com\/fr\/wp-json\/wp\/v2\/media\/506865"}],"wp:attachment":[{"href":"https:\/\/www.europesays.com\/fr\/wp-json\/wp\/v2\/media?parent=506864"}],"wp:term":[{"taxonomy":"category","embeddable":true,"href":"https:\/\/www.europesays.com\/fr\/wp-json\/wp\/v2\/categories?post=506864"},{"taxonomy":"post_tag","embeddable":true,"href":"https:\/\/www.europesays.com\/fr\/wp-json\/wp\/v2\/tags?post=506864"}],"curies":[{"name":"wp","href":"https:\/\/api.w.org\/{rel}","templated":true}]}}