{"id":506866,"date":"2025-11-02T14:06:17","date_gmt":"2025-11-02T14:06:17","guid":{"rendered":"https:\/\/www.europesays.com\/fr\/506866\/"},"modified":"2025-11-02T14:06:17","modified_gmt":"2025-11-02T14:06:17","slug":"des-frappes-russes-tuent-de-nombreux-civils-et-privent-des-milliers-de-foyers-delectricite","status":"publish","type":"post","link":"https:\/\/www.europesays.com\/fr\/506866\/","title":{"rendered":"des frappes russes tuent de nombreux civils et privent des milliers de foyers d\u2019\u00e9lectricit\u00e9"},"content":{"rendered":"<p class=\"mb-4 text-lg md:leading-8 break-words\">La Russie poursuit ses frappes et attaques de drones russes contre l&rsquo;ensemble de l\u2019Ukraine, faisant de nombreux morts dans la nuit de samedi 1er \u00e0 dimanche 2 novembre. Elles visent particuli\u00e8rement les infrastructures \u00e9nerg\u00e9tiques ukrainiennes, occasionnant des coupures de courant \u00e0 travers l&rsquo;ensemble du pays. Dans l&rsquo;Est, toute la r\u00e9gion de Donetsk est priv\u00e9e d&rsquo;\u00e9lectricit\u00e9, ainsi qu\u2019une bonne partie de la r\u00e9gion de Zaporijjia (Sud).<\/p>\n<p class=\"mb-4 text-lg md:leading-8 break-words\">Dans la nuit de samedi \u00e0 dimanche, la <strong><a href=\"https:\/\/www.rfi.fr\/fr\/tag\/russie\/\" class=\"link \" rel=\"nofollow noopener\" target=\"_blank\" data-ylk=\"slk:Russie;elm:context_link;itc:0;sec:content-canvas\">Russie<\/a><\/strong> a lanc\u00e9 79 drones et deux missiles balistiques sur l&rsquo;Ukraine, selon l&rsquo;arm\u00e9e de l&rsquo;air ukrainienne, qui a affirm\u00e9 avoir abattu 67 drones. Le pr\u00e9sident <a href=\"https:\/\/www.rfi.fr\/fr\/tag\/volodymyr-zelensky\/\" class=\"link \" rel=\"nofollow noopener\" target=\"_blank\" data-ylk=\"slk:Volodymyr Zelensky;elm:context_link;itc:0;sec:content-canvas\"><strong>Volodymyr Zelensk<\/strong>y<\/a> a pr\u00e9cis\u00e9 que cinq r\u00e9gions (Dnipropetrovsk, Zaporijjia, Kharkiv, Tcherniguiv et Odessa) avaient \u00e9t\u00e9 touch\u00e9es.<\/p>\n<p class=\"mb-4 text-lg md:leading-8 break-words\">La population ukrainienne se voit <strong><a href=\"https:\/\/fr.news.yahoo.com\/ukraine-nouvelle-campagne-frappes-massives-091409612.html\" data-ylk=\"slk:particuli\u00e8rement \u00e9prouv\u00e9e au niveau de la grille \u00e9nerg\u00e9tique du pays;elm:context_link;itc:0;sec:content-canvas;outcm:mb_qualified_link;_E:mb_qualified_link;ct:story;\" class=\"link  yahoo-link\" rel=\"nofollow noopener\" target=\"_blank\">particuli\u00e8rement \u00e9prouv\u00e9e au niveau de la grille \u00e9nerg\u00e9tique du pays<\/a><\/strong>, alors que les services sp\u00e9cialis\u00e9s travaillent d&rsquo;arrache-pied \u00e0 la r\u00e9paration des infrastructures, rapporte notre envoy\u00e9e sp\u00e9ciale \u00e0 Kharkiv, <strong>Emmanuelle Chaze<\/strong>.<\/p>\n<p class=\"mb-4 text-lg md:leading-8 break-words\">Dans les grandes villes, ces coupures de courant peuvent ne durer que quelques heures, selon un calendrier d&rsquo;alternance en fonction des secteurs. Mais d&rsquo;autres r\u00e9gions et notamment des communes moins bien connect\u00e9es souffrent davantage de cette situation pr\u00e9caire<\/p>\n<p class=\"mb-4 text-lg md:leading-8 break-words\">Vadim Filashkin, gouverneur de la r\u00e9gion de Donetsk, a annonc\u00e9 un black-out total dans la r\u00e9gion. Les milliers de civils qui habitent toujours \u00e0 Kramatorsk, Sloviansk et dans le tiers de la r\u00e9gion qui est encore libre de l\u2019occupation russe sont donc priv\u00e9s d&rsquo;\u00e9lectricit\u00e9 \u00e0 l&rsquo;heure actuelle.<\/p>\n<p class=\"mb-4 text-lg md:leading-8 break-words\">Une attaque russe sur la r\u00e9gion de Zaporijjia (sud) a \u00e9galement priv\u00e9 d&rsquo;\u00e9lectricit\u00e9 quelque 58\u00a0000 foyers, a indiqu\u00e9 le gouverneur Ivan Fedorov.<\/p>\n<p class=\"mb-4 text-lg md:leading-8 break-words\">Les troupes russes <strong><a href=\"https:\/\/fr.news.yahoo.com\/guerre-ukraine-volodymyr-zelensky-annonce-013900038.html\" data-ylk=\"slk:attaquent chaque hiver depuis 2022 les infrastructures \u00e9lectriques de l&#039;Ukraine;elm:context_link;itc:0;sec:content-canvas;outcm:mb_qualified_link;_E:mb_qualified_link;ct:story;\" class=\"link  yahoo-link\" rel=\"nofollow noopener\" target=\"_blank\">attaquent chaque hiver depuis 2022 les infrastructures \u00e9lectriques de l&rsquo;Ukraine<\/a><\/strong>, contraignant le pays \u00e0 des restrictions dans l&rsquo;alimentation en \u00e9lectricit\u00e9 et \u00e0 importer de l&rsquo;\u00e9nergie.<\/p>\n<p class=\"mb-4 text-lg md:leading-8 break-words\">\u00c0 lire aussi<a href=\"https:\/\/fr.news.yahoo.com\/ukraine-femmes-forment-massivement-m%C3%A9tiers-103935320.html\" class=\"link  yahoo-link\" data-ylk=\"slk:Ukraine: les femmes se forment massivement aux m\u00e9tiers li\u00e9s aux \u00e9nergies, secteur \u00e9prouv\u00e9 par la guerre;elm:context_link;itc:0;sec:content-canvas;outcm:mb_qualified_link;_E:mb_qualified_link;ct:story;\" rel=\"nofollow noopener\" target=\"_blank\">Ukraine: les femmes se forment massivement aux m\u00e9tiers li\u00e9s aux \u00e9nergies, secteur \u00e9prouv\u00e9 par la guerre<\/a><\/p>\n<p>De nombreux civils morts<\/p>\n<p class=\"mb-4 text-lg md:leading-8 break-words\">Les attaques russes ont tu\u00e9 au moins 15 personnes \u00e0 travers le pays, dont au moins cinq dans cette m\u00eame r\u00e9gion de Donetsk. Selon les autorit\u00e9s locales, quatre parmi elles ont \u00e9t\u00e9 tu\u00e9es, dont deux enfants, dans la r\u00e9gion de Dnipropetrovsk (Centre-Est) et deux autres dans celle d&rsquo;Odessa (Sud). Une quinzaine de bless\u00e9s ont \u00e9galement \u00e9t\u00e9 recens\u00e9s. Les enfants tu\u00e9s \u00e9taient deux gar\u00e7ons \u00e2g\u00e9s de 11 et 14 ans, a pr\u00e9cis\u00e9 le m\u00e9diateur ukrainien pour les droits humains Dmytro Loubinets.<\/p>\n<p class=\"mb-4 text-lg md:leading-8 break-words\">Selon Volodymyr Zelensky, pendant la semaine \u00e9coul\u00e9e, l&rsquo;arm\u00e9e russe a attaqu\u00e9 l&rsquo;<strong><a href=\"https:\/\/www.rfi.fr\/fr\/tag\/ukraine\/\" class=\"link \" rel=\"nofollow noopener\" target=\"_blank\" data-ylk=\"slk:Ukraine;elm:context_link;itc:0;sec:content-canvas\">Ukraine<\/a><\/strong> avec pr\u00e8s de 1\u00a0500 drones, 1\u00a0170\u00a0bombes a\u00e9riennes et plus de 70 missiles. Il a accus\u00e9 Moscou de vouloir s&rsquo;en prendre \u00ab\u00a0principalement\u00a0\u00bb \u00e0 la population civile, alors que Moscou n&rsquo;assure viser que des cibles militaires.<\/p>\n<p class=\"mb-4 text-lg md:leading-8 break-words\">Ces attaques visent \u00e0 \u00e9puiser la population civile, juge Kiev, ce que d\u00e9ment Moscou.<\/p>\n<p>Kiev vise un terminal p\u00e9trolier russe<\/p>\n<p class=\"mb-4 text-lg md:leading-8 break-words\">En riposte aux bombardements russes, Kiev m\u00e8ne des frappes de drones en Russie, en visant en particulier les infrastructures p\u00e9troli\u00e8res et gazi\u00e8res, pour tenter d&rsquo;affaiblir la rente des hydrocarbures qui finance l&rsquo;effort de guerre du Kremlin.<\/p>\n<p class=\"mb-4 text-lg md:leading-8 break-words\">Une attaque de drone ukrainien t\u00f4t dimanche contre le port russe de Touaps\u00e9, sur la mer Noire, a endommag\u00e9 deux navires et les infrastructures d&rsquo;un terminal p\u00e9trolier, ont indiqu\u00e9 les autorit\u00e9s locales. Selon cette source, l&rsquo;attaque a d\u00e9clench\u00e9 des incendies qui ont \u00e9t\u00e9 ma\u00eetris\u00e9s par les pompiers.<\/p>\n<p class=\"mb-4 text-lg md:leading-8 break-words\">Une source anonyme au sein du service de s\u00e9curit\u00e9 ukrainien (SBU) a affirm\u00e9 \u00e0 l&rsquo;AFP que cinq frappes de drones avaient \u00e9t\u00e9 recens\u00e9es sur le site. Pour sa part, le minist\u00e8re russe de la D\u00e9fense a affirm\u00e9 avoir abattu 164 drones ukrainiens pendant la nuit au-dessus de plusieurs r\u00e9gions de Russie.<\/p>\n<p class=\"mb-4 text-lg md:leading-8 break-words\">\u00c0 lire aussi<a href=\"https:\/\/fr.news.yahoo.com\/lukraine-affirme-mener-op%C3%A9ration-complexe-071045186.html\" class=\"link  yahoo-link\" data-ylk=\"slk:L&#039;Ukraine affirme mener une op\u00e9ration \u00abcomplexe\u00bb contre les Russes en force \u00e0 Pokrovsk;elm:context_link;itc:0;sec:content-canvas;outcm:mb_qualified_link;_E:mb_qualified_link;ct:story;\" rel=\"nofollow noopener\" target=\"_blank\">L&rsquo;Ukraine affirme mener une op\u00e9ration \u00abcomplexe\u00bb contre les Russes en force \u00e0 Pokrovsk<\/a><\/p>\n","protected":false},"excerpt":{"rendered":"La Russie poursuit ses frappes et attaques de drones russes contre l&rsquo;ensemble de l\u2019Ukraine, faisant de nombreux morts&hellip;\n","protected":false},"author":2,"featured_media":506867,"comment_status":"","ping_status":"","sticky":false,"template":"","format":"standard","meta":{"footnotes":""},"categories":[1591],"tags":[11,57426,1887,2535,5493,2794,2489,12,1885,1886,132,28371],"class_list":{"0":"post-506866","1":"post","2":"type-post","3":"status-publish","4":"format-standard","5":"has-post-thumbnail","7":"category-russie","8":"tag-actualites","9":"tag-coupures-de-courant","10":"tag-federation-de-russie","11":"tag-frappes","12":"tag-lukraine","13":"tag-la-region","14":"tag-la-russie","15":"tag-news","16":"tag-russia","17":"tag-russian-federation","18":"tag-russie","19":"tag-zaporijjia"},"share_on_mastodon":{"url":"https:\/\/pubeurope.com\/@fr\/115480493118348747","error":""},"_links":{"self":[{"href":"https:\/\/www.europesays.com\/fr\/wp-json\/wp\/v2\/posts\/506866","targetHints":{"allow":["GET"]}}],"collection":[{"href":"https:\/\/www.europesays.com\/fr\/wp-json\/wp\/v2\/posts"}],"about":[{"href":"https:\/\/www.europesays.com\/fr\/wp-json\/wp\/v2\/types\/post"}],"author":[{"embeddable":true,"href":"https:\/\/www.europesays.com\/fr\/wp-json\/wp\/v2\/users\/2"}],"replies":[{"embeddable":true,"href":"https:\/\/www.europesays.com\/fr\/wp-json\/wp\/v2\/comments?post=506866"}],"version-history":[{"count":0,"href":"https:\/\/www.europesays.com\/fr\/wp-json\/wp\/v2\/posts\/506866\/revisions"}],"wp:featuredmedia":[{"embeddable":true,"href":"https:\/\/www.europesays.com\/fr\/wp-json\/wp\/v2\/media\/506867"}],"wp:attachment":[{"href":"https:\/\/www.europesays.com\/fr\/wp-json\/wp\/v2\/media?parent=506866"}],"wp:term":[{"taxonomy":"category","embeddable":true,"href":"https:\/\/www.europesays.com\/fr\/wp-json\/wp\/v2\/categories?post=506866"},{"taxonomy":"post_tag","embeddable":true,"href":"https:\/\/www.europesays.com\/fr\/wp-json\/wp\/v2\/tags?post=506866"}],"curies":[{"name":"wp","href":"https:\/\/api.w.org\/{rel}","templated":true}]}}