{"id":506872,"date":"2025-11-02T14:09:16","date_gmt":"2025-11-02T14:09:16","guid":{"rendered":"https:\/\/www.europesays.com\/fr\/506872\/"},"modified":"2025-11-02T14:09:16","modified_gmt":"2025-11-02T14:09:16","slug":"royaume-uni-le-gouvernement-va-retirer-a-lex-prince-andrew-le-dernier-titre-militaire-quil-detient","status":"publish","type":"post","link":"https:\/\/www.europesays.com\/fr\/506872\/","title":{"rendered":"Royaume-Uni\u00a0: le gouvernement va retirer \u00e0 l\u2019ex-prince Andrew \u00ab\u00a0le dernier titre militaire qu\u2019il d\u00e9tient\u00a0\u00bb"},"content":{"rendered":"<p class=\"paragraph text_align_left lp-f-body-02\">Quelques jours apr\u00e8s avoir <a href=\"https:\/\/www.leparisien.fr\/international\/empetre-dans-laffaire-epstein-le-prince-andrew-perd-son-titre-de-prince-et-va-devoir-quitter-le-royal-lodge-30-10-2025-SARLEQU2BZDSTNRLD66XRSEBNQ.php\" target=\"_blank\" rel=\"noreferrer nofollow noopener\">perdu son titre de prince<\/a>, le prince Andrew va perdre son dernier titre militaire honorifique qui lui reste. L\u2019annonce a \u00e9t\u00e9 faite ce dimanche 2 novembre par le ministre de la D\u00e9fense <a href=\"https:\/\/www.leparisien.fr\/international\/israel\/quelques-militaires-britanniques-participent-deja-a-la-mission-de-surveillance-du-cessez-le-feu-a-gaza-22-10-2025-5XNG27NSFJGPDIWRK4T7AZPANM.php\" target=\"_blank\" rel=\"noreferrer nofollow noopener\">John Healey<\/a>.<\/p>\n<p class=\"paragraph text_align_left lp-f-body-02\">Le <a href=\"https:\/\/www.leparisien.fr\/international\/roi-charles-iii\/\" target=\"_blank\" rel=\"noreferrer nofollow noopener\">roi Charles III<\/a> a annonc\u00e9 jeudi que son fr\u00e8re cadet \u00e9tait d\u00e9chu de ses titres royaux, face \u00e0 la d\u00e9sapprobation croissante de l\u2019opinion concernant les liens d\u2019Andrew, 65 ans, avec le financier am\u00e9ricain et <a href=\"https:\/\/www.leparisien.fr\/international\/royaume-uni\/lui-etre-associe-est-terriblement-toxique-andrew-prince-des-parias-au-royaume-uni-18-10-2025-5UH4QKXVCRFFFFAYT52HM3NT4A.php\" target=\"_blank\" rel=\"noreferrer nofollow noopener\">criminel sexuel Jeffrey Epstein<\/a>, mort en 2019.<\/p>\n<p class=\"paragraph text_align_left lp-f-body-02\">\u00ab Nous avons vu Andrew renoncer aux titres honorifiques qu\u2019il occupait au sein de l\u2019arm\u00e9e, et, toujours sous la houlette du roi, nous travaillons maintenant \u00e0 lui retirer le dernier titre qu\u2019il d\u00e9tient, celui de vice-amiral \u00bb, a d\u00e9clar\u00e9 le ministre de la D\u00e9fense \u00e0 la BBC.<\/p>\n<p class=\"paragraph text_align_left lp-f-body-02\">Il a \u00e9galement ajout\u00e9 que le gouvernement suivrait les conseils du roi au sujet des m\u00e9dailles militaires obtenues par Andrew au cours de sa carri\u00e8re. Le fr\u00e8re cadet du roi avait notamment particip\u00e9 \u00e0 la guerre des Malouines en 1982, en tant que pilote d\u2019h\u00e9licopt\u00e8re dans la Royal Navy.<\/p>\n<p class=\"paragraph text_align_left lp-f-body-02\">Il a pris sa retraite de l\u2019arm\u00e9e en 2001 apr\u00e8s 22 ans de service.<\/p>\n<p>De nouvelles r\u00e9v\u00e9lations \u00e0 venir ?<\/p>\n<p class=\"paragraph text_align_left lp-f-body-02\"><a href=\"https:\/\/www.leparisien.fr\/faits-divers\/le-prince-andrew-abandonne-son-titre-royal-la-famille-de-virginia-giuffre-qui-sest-suicidee-salue-son-renoncement-18-10-2025-RTKWKWPYDJBBFG7BPNHXIE35YU.php\" target=\"_blank\" rel=\"noreferrer nofollow noopener\">Andrew<\/a> a toujours d\u00e9menti avoir eu des relations sexuelles avec Virginia Giuffre, principale accusatrice de Jeffrey Epstein, \u00e0 l\u2019\u00e9poque o\u00f9 elle \u00e9tait sous la coupe du milliardaire am\u00e9ricain.<\/p>\n<p class=\"paragraph text_align_left lp-f-body-02\">Mais apr\u00e8s de nouveaux d\u00e9tails contenus dans les m\u00e9moires posthumes de <a href=\"https:\/\/www.leparisien.fr\/faits-divers\/coucher-avec-moi-etait-son-droit-inalienable-le-prince-andrew-mis-en-cause-par-virginia-giuffre-dans-ses-memoires-posthumes-16-10-2025-MPUT6XMJJNAZXMYWDKLDUTN4FE.php\" target=\"_blank\" rel=\"noreferrer nofollow noopener\">Virginia Giuffre<\/a>, qui s\u2019est suicid\u00e9e en avril dernier, le roi a retir\u00e9 tous ses titres \u00e0 Andrew, d\u00e9sormais identifi\u00e9 comme Andrew Mountbatten Windsor.<\/p>\n<p class=\"paragraph text_align_left lp-f-body-02\">De nouvelles r\u00e9v\u00e9lations pourraient encore un peu plus ternir l\u2019image de l\u2019ex-prince. Dimanche, le Sunday Times affirme que ces derni\u00e8res ann\u00e9es, toute mention des victimes d\u2019Epstein dans la communication du palais de Buckingham sur le scandale avait toujours \u00e9t\u00e9 refus\u00e9e par Andrew.<\/p>\n<p class=\"paragraph text_align_left lp-f-body-02\">Dans leur communiqu\u00e9 diffus\u00e9 jeudi, le roi Charles et <a href=\"https:\/\/www.leparisien.fr\/international\/royaume-uni\/souffrante-la-reine-camilla-absente-des-funerailles-de-la-duchesse-de-kent-16-09-2025-GCJD4VV7DJGF7JHWFN47F7G72U.php\" target=\"_blank\" rel=\"noreferrer nofollow noopener\">la reine Camilla<\/a> ont affirm\u00e9 que \u00ab leurs pens\u00e9es et leur plus grande sympathie ont \u00e9t\u00e9, et resteront, avec les victimes et les survivants de toutes formes d\u2019abus \u00bb.<\/p>\n<p class=\"paragraph text_align_left lp-f-body-02\">Et la semaine derni\u00e8re, des documents publi\u00e9s dans le cadre d\u2019une proc\u00e9dure aux <a href=\"https:\/\/www.leparisien.fr\/international\/etats-unis\/\" target=\"_blank\" rel=\"noreferrer nofollow noopener\">\u00c9tats-Unis<\/a>, d\u00e9voilent un \u00e9change de mails entre Andrew et Epstein en 2010, peu apr\u00e8s que l\u2019Am\u00e9ricain ait \u00e9t\u00e9 lib\u00e9r\u00e9 de prison o\u00f9 il purgeait une peine pour prox\u00e9n\u00e9tisme de mineurs. Dans un de courriels, Andrew d\u00e9clarait notamment \u00e0 Epstein qu\u2019il serait \u00ab bien de se retrouver en personne \u00bb.<\/p>\n","protected":false},"excerpt":{"rendered":"Quelques jours apr\u00e8s avoir perdu son titre de prince, le prince Andrew va perdre son dernier titre militaire&hellip;\n","protected":false},"author":2,"featured_media":506873,"comment_status":"","ping_status":"","sticky":false,"template":"","format":"standard","meta":{"footnotes":""},"categories":[1588],"tags":[11,1777,674,14,12,473,1853,1851,1850,1852],"class_list":{"0":"post-506872","1":"post","2":"type-post","3":"status-publish","4":"format-standard","5":"has-post-thumbnail","7":"category-royaume-uni","8":"tag-actualites","9":"tag-eu","10":"tag-europe","11":"tag-international","12":"tag-news","13":"tag-royaume-uni","14":"tag-royaume-uni-de-grande-bretagne-et-dirlande-du-nord","15":"tag-uk","16":"tag-united-kingdom","17":"tag-united-kingdom-of-great-britain-and-northern-ireland"},"share_on_mastodon":{"url":"https:\/\/pubeurope.com\/@fr\/115480504819593094","error":""},"_links":{"self":[{"href":"https:\/\/www.europesays.com\/fr\/wp-json\/wp\/v2\/posts\/506872","targetHints":{"allow":["GET"]}}],"collection":[{"href":"https:\/\/www.europesays.com\/fr\/wp-json\/wp\/v2\/posts"}],"about":[{"href":"https:\/\/www.europesays.com\/fr\/wp-json\/wp\/v2\/types\/post"}],"author":[{"embeddable":true,"href":"https:\/\/www.europesays.com\/fr\/wp-json\/wp\/v2\/users\/2"}],"replies":[{"embeddable":true,"href":"https:\/\/www.europesays.com\/fr\/wp-json\/wp\/v2\/comments?post=506872"}],"version-history":[{"count":0,"href":"https:\/\/www.europesays.com\/fr\/wp-json\/wp\/v2\/posts\/506872\/revisions"}],"wp:featuredmedia":[{"embeddable":true,"href":"https:\/\/www.europesays.com\/fr\/wp-json\/wp\/v2\/media\/506873"}],"wp:attachment":[{"href":"https:\/\/www.europesays.com\/fr\/wp-json\/wp\/v2\/media?parent=506872"}],"wp:term":[{"taxonomy":"category","embeddable":true,"href":"https:\/\/www.europesays.com\/fr\/wp-json\/wp\/v2\/categories?post=506872"},{"taxonomy":"post_tag","embeddable":true,"href":"https:\/\/www.europesays.com\/fr\/wp-json\/wp\/v2\/tags?post=506872"}],"curies":[{"name":"wp","href":"https:\/\/api.w.org\/{rel}","templated":true}]}}