{"id":506876,"date":"2025-11-02T14:11:11","date_gmt":"2025-11-02T14:11:11","guid":{"rendered":"https:\/\/www.europesays.com\/fr\/506876\/"},"modified":"2025-11-02T14:11:11","modified_gmt":"2025-11-02T14:11:11","slug":"leurope-veut-industrialiser-lespace-quest-ce-que-leconomie-lunaire","status":"publish","type":"post","link":"https:\/\/www.europesays.com\/fr\/506876\/","title":{"rendered":"L&rsquo;Europe veut industrialiser l&rsquo;espace. Qu&rsquo;est-ce que \u00ab l&rsquo;\u00e9conomie lunaire \u00bb\u00a0?"},"content":{"rendered":"<p>Alors que le monde se pr\u00e9pare \u00e0 renvoyer des humains sur la Lune pour la premi\u00e8re fois depuis les ann\u00e9es 1960, les pays r\u00e9fl\u00e9chissent d\u00e9j\u00e0 \u00e0 la mani\u00e8re d&rsquo;utiliser les ressources qu&rsquo;ils trouveront \u00e0 la surface lunaire.<\/p>\n<p>Les autorit\u00e9s spatiales d&rsquo;Europe, des \u00c9tats-Unis, du Japon et du Canada utilisent la mission Artemis II, pr\u00e9vue pour f\u00e9vrier 2026, comme premi\u00e8re \u00e9tape vers un camp de base lunaire permanent \u2013 et \u00e9ventuellement, une vie potentielle sur la Lune.<\/p>\n<p>\u00c0 mesure que ces agences spatiales progressent vers cet objectif, le concept de \u00ab l&rsquo;\u00e9conomie lunaire \u00bb prend forme.<\/p>\n<p>Les agences spatiales du monde entier commencent \u00e0 \u00e9tablir des cha\u00eenes d&rsquo;approvisionnement pour soutenir des missions spatiales qui ne n\u00e9cessitent pas de retours sur Terre, et envisagent des \u00e9tablissements futurs sur le satellite. Cette \u00e9conomie naissante est estim\u00e9e \u00e0 environ 170 milliards de dollars (145 milliards d&rsquo;euros) au cours des 20 prochaines ann\u00e9es.<\/p>\n<p>Mais qu&rsquo;est-ce que cela signifie et \u00e0 quoi pourrait ressembler l&rsquo;industrie lunaire ?<\/p>\n<p>Qu&rsquo;est-ce que l&rsquo;\u00e9conomie lunaire ?<\/p>\n<p>Les \u00c9tats-Unis (par le biais de son \u00ab Agence pour les projets de recherche avanc\u00e9e de d\u00e9fense \u00bb, ou DARPA en anglais) ont <a href=\"https:\/\/www.darpa.mil\/research\/programs\/ten-year-lunar-architecture-luna-10-capability-study\" target=\"_blank\" rel=\"noreferrer nofollow noopener\"><strong>d\u00e9clar\u00e9<\/strong><\/a> qu&rsquo;ils soutiennent l&rsquo;augmentation rapide de l&rsquo;activit\u00e9 \u00e9conomique sur la Lune au cours de la prochaine d\u00e9cennie par les gouvernements internationaux, les agences spatiales et les entreprises priv\u00e9es.<\/p>\n<p>Selon une r\u00e9cente <a href=\"https:\/\/www.airuniversity.af.edu\/Portals\/10\/AUPress\/Books\/B%5F186%5FNayak%5FLunar%5FEconomy%5FField%5FGuide.pdf\" target=\"_blank\" rel=\"noreferrer nofollow noopener\"><strong>feuille de route<\/strong><\/a> du centre \u00e9ducatif de l&rsquo;US Air Force, l&rsquo;activit\u00e9 \u00e9conomique potentielle sur la Lune pourrait \u00eatre stimul\u00e9e par les secteurs des communications, de la navigation, du transport et de la logistique pour aider \u00e0 faire avancer les missions d&rsquo;exploration spatiale et la robotique.<\/p>\n<p>Ces industries soutiendraient les efforts miniers sur la Lune, l&rsquo;\u00ab ancrage \u00bb de la future \u00e9conomie lunaire \u00e0 partir duquel d&rsquo;autres industries seraient con\u00e7ues, selon le rapport.<\/p>\n<p>Il a cit\u00e9 l&rsquo;oxyg\u00e8ne stock\u00e9 dans le r\u00e9golithe lunaire, la couche de roche meuble qui recouvre la surface du satellite et qui se trouve dans l&rsquo;atmosph\u00e8re, comme une ressource utile.<\/p>\n<p>Des <a href=\"https:\/\/www.nature.com\/articles\/s42003-022-03334-8\" target=\"_blank\" rel=\"noreferrer nofollow noopener\"><strong>recherches<\/strong><\/a> ant\u00e9rieures ont montr\u00e9 que le r\u00e9golithe contient certains des min\u00e9raux n\u00e9cessaires pour g\u00e9n\u00e9rer des plantes sur la Lune, ce que l&rsquo;Agence spatiale europ\u00e9enne (ESA) consid\u00e8re comme <a href=\"https:\/\/www.esa.int\/gsp\/ACT\/projects\/Artificial%5FPrimary%5FSuccession\/\" target=\"_blank\" rel=\"noreferrer nofollow noopener\"><strong>crucial<\/strong><\/a> pour tout \u00e9tablissement \u00e0 long terme sur la Lune.<\/p>\n<p>La Lune est \u00e9galement une source majeure d&rsquo;h\u00e9lium-3, un \u00e9l\u00e9ment qui pourrait cr\u00e9er une \u00e9nergie nucl\u00e9aire plus s\u00fbre dans un r\u00e9acteur \u00e0 fusion, car il n&rsquo;est pas radioactif, selon l&rsquo;<a href=\"https:\/\/www.esa.int\/Enabling%5FSupport\/Preparing%5Ffor%5Fthe%5FFuture\/Space%5Ffor%5FEarth\/Energy\/Helium-3%5Fmining%5Fon%5Fthe%5Flunar%5Fsurface\" target=\"_blank\" rel=\"noreferrer nofollow noopener\"><strong>ESA<\/strong><\/a>.<\/p>\n<p>L&rsquo;Institut Polytechnique de Paris indique que l&rsquo;h\u00e9lium-3 pourrait \u00e9galement avoir des <a href=\"https:\/\/www.polytechnique-insights.com\/en\/braincamps\/space\/extraterrestrial-mining\/helium-3-from-the-lunar-surface-for-nuclear-fusion\/\" target=\"_blank\" rel=\"noreferrer nofollow noopener\"><strong>implications<\/strong><\/a> pour la Terre dans des domaines tels que l&rsquo;informatique quantique, l&rsquo;imagerie par IRM et la cryog\u00e9nie, qui est l&rsquo;\u00e9tude de la r\u00e9sistance des mat\u00e9riaux \u00e0 des temp\u00e9ratures extr\u00eamement basses.<\/p>\n<p>L&rsquo;Administration nationale de l&rsquo;a\u00e9ronautique et de l&rsquo;espace (NASA), l&rsquo;agence spatiale am\u00e9ricaine, a d\u00e9j\u00e0 <a href=\"https:\/\/www.nasa.gov\/centers-and-facilities\/glenn\/nasa-seeks-industry-feedback-on-fission-surface-power\/\" target=\"_blank\" rel=\"noreferrer nofollow noopener\"><strong>fix\u00e9 pour 2030<\/strong><\/a> la date limite pour un r\u00e9acteur \u00e0 fusion sur la Lune, la Chine et la Russie travaillant sur un projet commun pour 2035, selon <a href=\"https:\/\/www.reuters.com\/business\/energy\/china-led-lunar-base-include-nuclear-power-plant-moons-surface-space-official-2025-04-23\/\" target=\"_blank\" rel=\"noreferrer nofollow noopener\"><strong>Reuters.<\/strong><\/a><\/p>\n<p>Selon le rapport du centre \u00e9ducatif de l&rsquo;US Air Force, les scientifiques utiliseront \u00e9ventuellement une m\u00e9thode appel\u00e9e utilisation des ressources in situ (ISRU), la pratique consistant \u00e0 utiliser des ressources locales pour soutenir l&rsquo;exploitation mini\u00e8re et d&rsquo;autres industries lunaires au lieu de compter sur des mat\u00e9riaux provenant de la Terre.<\/p>\n<p>Cependant, le rapport indique que le monde est encore loin de cette \u00e9conomie, car il reste plusieurs d\u00e9fis \u00e0 relever pour travailler sur et autour de la Lune.<\/p>\n<p>Par exemple, la longue nuit lunaire d&rsquo;environ 14 jours dans certaines parties de sa surface compliquerait le soutien des missions d&rsquo;extraction de ressources et des communications pour les op\u00e9rateurs sur Terre par des sources d&rsquo;\u00e9nergie comme les panneaux solaires.<\/p>\n<p>Il a \u00e9galement not\u00e9 que la poussi\u00e8re lunaire dans l&rsquo;atmosph\u00e8re de la Lune, coupl\u00e9e au r\u00e9golithe parfois en fusion qui coule sous la surface, pourrait rendre difficile son extraction par les mineurs et la cr\u00e9ation de l&rsquo;oxyg\u00e8ne liquide n\u00e9cessaire pour soutenir la vie sur le satellite.<\/p>\n<p>Sur quoi travaille l&rsquo;Europe ?<\/p>\n<p>L&rsquo;ESA parle d&rsquo;exploiter les ressources lunaires <a href=\"https:\/\/ariane.group\/app\/uploads\/2024\/06\/Moon-contract-2101.pdf\" target=\"_blank\" rel=\"noreferrer nofollow noopener\"><strong>depuis 2019<\/strong><\/a>, lorsqu&rsquo;elle a sign\u00e9 un contrat initial d&rsquo;un an avec ArianeGroup pour \u00e9tudier les strat\u00e9gies d&rsquo;exploitation du r\u00e9golithe.<\/p>\n<p>La Commission europ\u00e9enne a d\u00e9clar\u00e9 dans sa <a href=\"https:\/\/defence-industry-space.ec.europa.eu\/document\/download\/918ee802-a3e5-42ea-91a1-032c7e0ab8a9%5Fen?filename=Communication.pdf\" target=\"_blank\" rel=\"noreferrer nofollow noopener\"><strong>vision<\/strong><\/a> de juin pour l&rsquo;\u00ab \u00c9conomie spatiale europ\u00e9enne \u00bb qu&rsquo;elle soutiendrait \u00e9galement la recherche qui d\u00e9veloppe des instruments scientifiques, la robotique et l&rsquo;extraction d&rsquo;\u00e9chantillons dans l&rsquo;exploitation mini\u00e8re lunaire.<\/p>\n<p>Elle a d\u00e9clar\u00e9 que l&rsquo;Union europ\u00e9enne s&rsquo;int\u00e9resse \u00e9galement \u00e0 l&rsquo;\u00ab \u00e9conomie orbitale \u00bb, c&rsquo;est-\u00e0-dire tout ce qui se passe dans l&rsquo;orbite terrestre, comme le d\u00e9veloppement de satellites et le stockage de donn\u00e9es dans l&rsquo;espace.<\/p>\n<p>Le bloc travaille \u00e9galement sur la mission In-Space Operations and Services 4 Infrastructure (ISOS4I), qui vise \u00e0 fournir des services \u00e0 la demande dans l&rsquo;espace aux entreprises et aux organismes de l&rsquo;UE lors de missions futures. Cela pourrait inclure le ravitaillement et la recharge des engins spatiaux, le retrait et le recyclage des satellites, et l&rsquo;exploitation mini\u00e8re des ressources, selon une pr\u00e9sentation de la Commission europ\u00e9enne.<\/p>\n<p>La Commission europ\u00e9enne a <a href=\"https:\/\/indico.esa.int\/event\/589\/attachments\/6690\/12804\/ISAMDays%5FEuropeanCommission%5FISOS.pdf\" target=\"_blank\" rel=\"noreferrer nofollow noopener\"><strong>d\u00e9clar\u00e9<\/strong><\/a> que la mission ISOS4I permettra \u00e9galement de \u00ab d\u00e9ployer de grandes plateformes spatiales non habit\u00e9es pilot\u00e9es par la robotique, l&rsquo;automatisation et l&rsquo;IA \u00bb.<\/p>\n<p>Les services en vol soutiendront \u00e9galement l&rsquo;objectif de l&rsquo;ESA d&rsquo;envoyer des missions robotiques sur la Lune, Mars et d&rsquo;autres corps c\u00e9lestes.<\/p>\n<p>Les op\u00e9rations dans l&rsquo;espace pourraient soutenir l&rsquo;exploitation mini\u00e8re des ast\u00e9ro\u00efdes pour des ressources telles que l&rsquo;eau, l&rsquo;h\u00e9lium-3 et les \u00ab m\u00e9taux \u00bb, selon un <a href=\"https:\/\/indico.esa.int\/event\/589\/attachments\/6690\/12804\/ISAMDays%5FEuropeanCommission%5FISOS.pdf\" target=\"_blank\" rel=\"noreferrer nofollow noopener\"><strong>document de l&rsquo;UE<\/strong><\/a> de cette ann\u00e9e expliquant la mission pilote.<\/p>\n<p>La mission ISOS4I est pr\u00e9vue pour 2030, mais elle ne sera pleinement op\u00e9rationnelle qu&rsquo;en 2035, a d\u00e9clar\u00e9 la Commission dans un rapport.<\/p>\n","protected":false},"excerpt":{"rendered":"Alors que le monde se pr\u00e9pare \u00e0 renvoyer des humains sur la Lune pour la premi\u00e8re fois depuis&hellip;\n","protected":false},"author":2,"featured_media":506877,"comment_status":"","ping_status":"","sticky":false,"template":"","format":"standard","meta":{"footnotes":""},"categories":[1586],"tags":[11,386,1777,674,1011,27,54889,12,62175,25],"class_list":{"0":"post-506876","1":"post","2":"type-post","3":"status-publish","4":"format-standard","5":"has-post-thumbnail","7":"category-europe","8":"tag-actualites","9":"tag-espace","10":"tag-eu","11":"tag-europe","12":"tag-fr","13":"tag-france","14":"tag-mission-spatiale","15":"tag-news","16":"tag-recherche-spatiale","17":"tag-republique-francaise"},"share_on_mastodon":{"url":"https:\/\/pubeurope.com\/@fr\/115480512735732404","error":""},"_links":{"self":[{"href":"https:\/\/www.europesays.com\/fr\/wp-json\/wp\/v2\/posts\/506876","targetHints":{"allow":["GET"]}}],"collection":[{"href":"https:\/\/www.europesays.com\/fr\/wp-json\/wp\/v2\/posts"}],"about":[{"href":"https:\/\/www.europesays.com\/fr\/wp-json\/wp\/v2\/types\/post"}],"author":[{"embeddable":true,"href":"https:\/\/www.europesays.com\/fr\/wp-json\/wp\/v2\/users\/2"}],"replies":[{"embeddable":true,"href":"https:\/\/www.europesays.com\/fr\/wp-json\/wp\/v2\/comments?post=506876"}],"version-history":[{"count":0,"href":"https:\/\/www.europesays.com\/fr\/wp-json\/wp\/v2\/posts\/506876\/revisions"}],"wp:featuredmedia":[{"embeddable":true,"href":"https:\/\/www.europesays.com\/fr\/wp-json\/wp\/v2\/media\/506877"}],"wp:attachment":[{"href":"https:\/\/www.europesays.com\/fr\/wp-json\/wp\/v2\/media?parent=506876"}],"wp:term":[{"taxonomy":"category","embeddable":true,"href":"https:\/\/www.europesays.com\/fr\/wp-json\/wp\/v2\/categories?post=506876"},{"taxonomy":"post_tag","embeddable":true,"href":"https:\/\/www.europesays.com\/fr\/wp-json\/wp\/v2\/tags?post=506876"}],"curies":[{"name":"wp","href":"https:\/\/api.w.org\/{rel}","templated":true}]}}