{"id":506894,"date":"2025-11-02T14:24:15","date_gmt":"2025-11-02T14:24:15","guid":{"rendered":"https:\/\/www.europesays.com\/fr\/506894\/"},"modified":"2025-11-02T14:24:15","modified_gmt":"2025-11-02T14:24:15","slug":"asse-mercato-romain-molina-devoile-une-premiere-tendance-forte-pour-cet-hiver","status":"publish","type":"post","link":"https:\/\/www.europesays.com\/fr\/506894\/","title":{"rendered":"ASSE Mercato : Romain Molina d\u00e9voile une premi\u00e8re tendance forte pour cet hiver"},"content":{"rendered":"<p><strong>Apr\u00e8s la nouvelle d\u00e9faite de l\u2019ASSE \u00e0 Bauer contre le Red Star (<a href=\"https:\/\/www.butfootballclub.fr\/625749-asse-mercato-le-paris-fc-avance-sur-une-autre-priorite-que-stassin-en-janvier\/\" target=\"_blank\" rel=\"noopener\">1-2<\/a>), Romain Molina n\u2019y va pas par quatre chemins : si Saint-\u00c9tienne veut r\u00eaver d\u2019une remont\u00e9e en Ligue 1, Kilmer Sports doit absolument renforcer la d\u00e9fense cet hiver.<\/strong><\/p>\n<p>La frustration est palpable \u00e0 l\u2019<a href=\"https:\/\/www.butfootballclub.fr\/625879-asse-la-defaite-contre-le-red-star-eirik-horneland-nen-revient-pas\/\" target=\"_blank\" rel=\"noopener\">AS Saint-\u00c9tienne<\/a>. Malgr\u00e9 50 millions d\u00e9pens\u00e9s en un an et demi, l\u2019ASSE peine toujours \u00e0 verrouiller sa d\u00e9fense, comme l\u2019a soulign\u00e9 Romain Molina sur X suite \u00e0 la lourde d\u00e9faite \u00e0 Bauer contre le Red Star. \u00ab Avoir d\u00e9pens\u00e9 50 millions en un an et demi et ne pas avoir r\u00e9ussi \u00e0 am\u00e9liorer sa d\u00e9fense, c\u2019est un sacr\u00e9 exploit des dirigeants st\u00e9phanois, qui se congratulaient apr\u00e8s avoir \u00e9trill\u00e9 Pau cette semaine. Quand vont-ils redescendre sur terre et corriger leurs erreurs ? \u00bb<\/p>\n<p>Le journaliste ind\u00e9pendant ne laisse aucun doute : pour viser une remont\u00e9e en Ligue 1 en fin de saison, Kilmer Sports devra agir rapidement lors du mercato hivernal. La d\u00e9fense st\u00e9phanoise, d\u00e9j\u00e0 mise en difficult\u00e9 \u00e0 plusieurs reprises cette saison, reste le principal point faible du club, et la claque face au Red Star ne fait que confirmer ce constat.<\/p>\n<p>L\u2019<a href=\"https:\/\/www.butfootballclub.fr\/625895-ferreira-et-annan-a-la-rue-davitashvili-frustrant-les-notes-de-lasse-face-au-red-star\/\" target=\"_blank\" rel=\"noopener\">ASSE<\/a> a montr\u00e9, match apr\u00e8s match, qu\u2019elle pouvait produire du spectacle offensivement, mais ses lacunes d\u00e9fensives co\u00fbtent cher. Molina insiste sur l\u2019urgence : un ou plusieurs renforts de qualit\u00e9 sont indispensables pour stabiliser le bloc et permettre aux Verts de rester dans la course \u00e0 la mont\u00e9e. Le prochain mercato hivernal pourrait bien d\u00e9cider du destin de cette \u00e9quipe ambitieuse mais encore trop friable d\u00e9fensivement.<\/p>\n","protected":false},"excerpt":{"rendered":"Apr\u00e8s la nouvelle d\u00e9faite de l\u2019ASSE \u00e0 Bauer contre le Red Star (1-2), Romain Molina n\u2019y va pas&hellip;\n","protected":false},"author":2,"featured_media":506895,"comment_status":"","ping_status":"","sticky":false,"template":"","format":"standard","meta":{"footnotes":""},"categories":[1410],"tags":[11,448,63,1011,27,66,3388,12,60,10662],"class_list":{"0":"post-506894","1":"post","2":"type-post","3":"status-publish","4":"format-standard","5":"has-post-thumbnail","7":"category-football","8":"tag-actualites","9":"tag-champions-league","10":"tag-football","11":"tag-fr","12":"tag-france","13":"tag-ligue-1","14":"tag-matchs","15":"tag-news","16":"tag-sports","17":"tag-transferts"},"share_on_mastodon":{"url":"https:\/\/pubeurope.com\/@fr\/115480563819069300","error":""},"_links":{"self":[{"href":"https:\/\/www.europesays.com\/fr\/wp-json\/wp\/v2\/posts\/506894","targetHints":{"allow":["GET"]}}],"collection":[{"href":"https:\/\/www.europesays.com\/fr\/wp-json\/wp\/v2\/posts"}],"about":[{"href":"https:\/\/www.europesays.com\/fr\/wp-json\/wp\/v2\/types\/post"}],"author":[{"embeddable":true,"href":"https:\/\/www.europesays.com\/fr\/wp-json\/wp\/v2\/users\/2"}],"replies":[{"embeddable":true,"href":"https:\/\/www.europesays.com\/fr\/wp-json\/wp\/v2\/comments?post=506894"}],"version-history":[{"count":0,"href":"https:\/\/www.europesays.com\/fr\/wp-json\/wp\/v2\/posts\/506894\/revisions"}],"wp:featuredmedia":[{"embeddable":true,"href":"https:\/\/www.europesays.com\/fr\/wp-json\/wp\/v2\/media\/506895"}],"wp:attachment":[{"href":"https:\/\/www.europesays.com\/fr\/wp-json\/wp\/v2\/media?parent=506894"}],"wp:term":[{"taxonomy":"category","embeddable":true,"href":"https:\/\/www.europesays.com\/fr\/wp-json\/wp\/v2\/categories?post=506894"},{"taxonomy":"post_tag","embeddable":true,"href":"https:\/\/www.europesays.com\/fr\/wp-json\/wp\/v2\/tags?post=506894"}],"curies":[{"name":"wp","href":"https:\/\/api.w.org\/{rel}","templated":true}]}}