{"id":506902,"date":"2025-11-02T14:29:11","date_gmt":"2025-11-02T14:29:11","guid":{"rendered":"https:\/\/www.europesays.com\/fr\/506902\/"},"modified":"2025-11-02T14:29:11","modified_gmt":"2025-11-02T14:29:11","slug":"benabar-horrible-cette-sortie-du-chanteur-pas-passee-inapercue-du-tout","status":"publish","type":"post","link":"https:\/\/www.europesays.com\/fr\/506902\/","title":{"rendered":"B\u00e9nabar : \u00ab\u00a0Horrible\u00a0\u00bb, cette sortie du chanteur pas pass\u00e9e inaper\u00e7ue du tout"},"content":{"rendered":"<p>Pour c\u00e9l\u00e9brer les 30 ans de Taratata, <a href=\"https:\/\/www.closermag.fr\/people\/nagui-pourquoi-l-animateur-a-du-presenter-de-plates-excuses-a-une-star-de-la-television-1558173\" target=\"_blank\" rel=\"noopener\"><br \/>\nNagui avait promis une soir\u00e9e exceptionnelle<\/a>. Sur la sc\u00e8ne de<br \/>\nFrance 2, les artistes se sont succ\u00e9d\u00e9 pour des duos in\u00e9dits et des<br \/>\nmoments musicaux rares. Mais la prestation du trio B\u00e9nabar, Bruel<br \/>\net Cali a particuli\u00e8rement fait parler d\u2019elle, suscitant une vague<br \/>\nde commentaires critiques sur les r\u00e9seaux sociaux.<\/p>\n<p>Une \u00e9mission anniversaire pleine de promesses<\/p>\n<p>Depuis 1993, Taratata s\u2019impose comme une <a href=\"https:\/\/www.closermag.fr\/people\/30-ans-de-taratata-ce-detail-insoupconnable-sur-le-look-de-nagui-3313729\" target=\"_blank\" rel=\"noopener\"><br \/>\nr\u00e9f\u00e9rence musicale \u00e0 la t\u00e9l\u00e9vision fran\u00e7aise<\/a>. Anim\u00e9e par Nagui,<br \/>\nl\u2019\u00e9mission a accueilli les plus grands noms de la chanson fran\u00e7aise<br \/>\net internationale. Pour son 600\u1d49 num\u00e9ro, diffus\u00e9 le 27 septembre<br \/>\n2025, la production avait mis les petits plats dans les grands : un<br \/>\nplateau prestigieux, des collaborations inattendues et une touche<br \/>\nde nostalgie. L\u2019animateur, fid\u00e8le \u00e0 son enthousiasme, confiait ne<br \/>\njamais avoir imagin\u00e9 atteindre un tel cap lorsqu\u2019il avait lanc\u00e9<br \/>\nl\u2019\u00e9mission.<\/p>\n<p>Le concept reste inchang\u00e9 : des rencontres musicales uniques,<br \/>\nparfois surprenantes. Comme l\u2019explique Nagui, \u00ab\u00a0certains<br \/>\nartistes demandent en amont qui seront les chanteuses et chanteurs<br \/>\npr\u00e9sents, pour anticiper les collaborations. D\u2019autres ont une id\u00e9e<br \/>\nen t\u00eate, comme Eddy de Pretto qui avait d\u00e9j\u00e0 travaill\u00e9 avec Marine<br \/>\nde la Star Academy. Aucun choix n\u2019est impos\u00e9 aux invit\u00e9s\u00a0\u00bb. Une<br \/>\nlibert\u00e9 artistique qui offre des combinaisons souvent inattendues,<br \/>\npour le meilleur\u2026 et parfois pour le pire.<\/p>\n<p>Un trio inattendu et une reprise qui divise<\/p>\n<p>Ce soir-l\u00e0, Patrick Bruel, Cali et B\u00e9nabar ont choisi de<br \/>\nrevisiter D\u00e9senchant\u00e9e, le tube embl\u00e9matique de Myl\u00e8ne Farmer. Une<br \/>\ninitiative audacieuse, qui n\u2019a toutefois pas eu l\u2019effet escompt\u00e9.<br \/>\nD\u00e8s les premi\u00e8res notes, le public a per\u00e7u quelques dissonances. Le<br \/>\nm\u00e9lange des voix, les d\u00e9calages rythmiques et une interpr\u00e9tation<br \/>\njug\u00e9e confuse ont rapidement attir\u00e9 l\u2019attention des<br \/>\ninternautes.<\/p>\n<p>Sur le r\u00e9seau social X, les r\u00e9actions n\u2019ont pas tard\u00e9.<br \/>\n\u00ab\u00a0Horrible Cali, B\u00e9nabar et Bruel sur D\u00e9senchant\u00e9e\u00a0\u00bb,<br \/>\npouvait-on lire, ou encore : \u00ab\u00a0Myl\u00e8ne Farmer doit se retourner<br \/>\ndans sa tombe\u00a0\u00bb. D\u2019autres ont ironis\u00e9 sur la performance en<br \/>\n\u00e9crivant : \u00ab\u00a0Le port de micro \u00e0 destination vocale d\u00e9sormais<br \/>\ninterdit \u00e0 B\u00e9nabar \u00e0 travers la France\u00a0\u00bb. Certains ont m\u00eame<br \/>\nparl\u00e9 de \u00ab\u00a0malaise t\u00e9l\u00e9 en direct\u00a0\u00bb. Un floril\u00e8ge de<br \/>\ncommentaires qui illustre la d\u00e9ception d\u2019une partie du public.<\/p>\n<p>Une s\u00e9quence d\u00e9j\u00e0 culte malgr\u00e9<br \/>\nelle<\/p>\n<p>Si la prestation n\u2019a pas convaincu, elle aura au moins marqu\u00e9<br \/>\nles esprits. En trente ans d\u2019existence, Taratata a connu de<br \/>\nnombreux duos et trios m\u00e9morables. Celui-ci, bien<br \/>\nqu\u2019involontairement, entre sans doute dans la cat\u00e9gorie des moments<br \/>\ndont on se souvient longtemps. La s\u00e9quence a \u00e9t\u00e9 largement partag\u00e9e<br \/>\nsur les r\u00e9seaux, accumulant des milliers de vues et de r\u00e9actions en<br \/>\nquelques heures.<\/p>\n<p>Pour Nagui et son \u00e9quipe, ces instants font partie de l\u2019ADN de<br \/>\nl\u2019\u00e9mission : laisser les artistes s\u2019exprimer librement, quitte \u00e0<br \/>\nprendre le risque de la surprise. Et c\u2019est sans doute cette<br \/>\nspontan\u00e9it\u00e9, parfois imparfaite, qui contribue au charme de<br \/>\nTaratata. Quant \u00e0 B\u00e9nabar, Patrick Bruel et Cali, ils auront au<br \/>\nmoins r\u00e9ussi une chose : faire parler d\u2019eux, le temps d\u2019une chanson<br \/>\nqui, d\u00e9cid\u00e9ment, n\u2019a laiss\u00e9 personne indiff\u00e9rent.<\/p>\n","protected":false},"excerpt":{"rendered":"Pour c\u00e9l\u00e9brer les 30 ans de Taratata, Nagui avait promis une soir\u00e9e exceptionnelle. Sur la sc\u00e8ne de France&hellip;\n","protected":false},"author":2,"featured_media":506903,"comment_status":"","ping_status":"","sticky":false,"template":"","format":"standard","meta":{"footnotes":""},"categories":[1355],"tags":[62873,58,59,1011,27,1361,873,10477,5473],"class_list":{"0":"post-506902","1":"post","2":"type-post","3":"status-publish","4":"format-standard","5":"has-post-thumbnail","7":"category-musique","8":"tag-benabar","9":"tag-divertissement","10":"tag-entertainment","11":"tag-fr","12":"tag-france","13":"tag-music","14":"tag-musique","15":"tag-nagui","16":"tag-patrick-bruel"},"share_on_mastodon":{"url":"https:\/\/pubeurope.com\/@fr\/115480583528508509","error":""},"_links":{"self":[{"href":"https:\/\/www.europesays.com\/fr\/wp-json\/wp\/v2\/posts\/506902","targetHints":{"allow":["GET"]}}],"collection":[{"href":"https:\/\/www.europesays.com\/fr\/wp-json\/wp\/v2\/posts"}],"about":[{"href":"https:\/\/www.europesays.com\/fr\/wp-json\/wp\/v2\/types\/post"}],"author":[{"embeddable":true,"href":"https:\/\/www.europesays.com\/fr\/wp-json\/wp\/v2\/users\/2"}],"replies":[{"embeddable":true,"href":"https:\/\/www.europesays.com\/fr\/wp-json\/wp\/v2\/comments?post=506902"}],"version-history":[{"count":0,"href":"https:\/\/www.europesays.com\/fr\/wp-json\/wp\/v2\/posts\/506902\/revisions"}],"wp:featuredmedia":[{"embeddable":true,"href":"https:\/\/www.europesays.com\/fr\/wp-json\/wp\/v2\/media\/506903"}],"wp:attachment":[{"href":"https:\/\/www.europesays.com\/fr\/wp-json\/wp\/v2\/media?parent=506902"}],"wp:term":[{"taxonomy":"category","embeddable":true,"href":"https:\/\/www.europesays.com\/fr\/wp-json\/wp\/v2\/categories?post=506902"},{"taxonomy":"post_tag","embeddable":true,"href":"https:\/\/www.europesays.com\/fr\/wp-json\/wp\/v2\/tags?post=506902"}],"curies":[{"name":"wp","href":"https:\/\/api.w.org\/{rel}","templated":true}]}}