{"id":506904,"date":"2025-11-02T14:30:16","date_gmt":"2025-11-02T14:30:16","guid":{"rendered":"https:\/\/www.europesays.com\/fr\/506904\/"},"modified":"2025-11-02T14:30:16","modified_gmt":"2025-11-02T14:30:16","slug":"la-nr-a-emmene-deux-professeures-de-lettres-blesoises-voir-letranger","status":"publish","type":"post","link":"https:\/\/www.europesays.com\/fr\/506904\/","title":{"rendered":"La NR a emmen\u00e9 deux professeures de lettres Bl\u00e9soises voir \u00ab\u00a0L\u2019\u00c9tranger\u00a0\u00bb"},"content":{"rendered":"<p>Elise Rousseau et Aur\u00e9lie Frioux, professeures de lettres aux lyc\u00e9es bl\u00e9sois Robert-Badinter et Dessaignes, connaissent L\u2019\u00c9tranger de Camus sur le bout des doigts. Et ont l\u2019habitude de le faire d\u00e9couvrir aux jeunes g\u00e9n\u00e9rations. Nous les avons emmen\u00e9es voir l\u2019adaptation cin\u00e9matographique \u00e9ponyme de Fran\u00e7ois Ozon, aux Lobis \u00e0 Blois. Elles nous livrent leurs impressions.<\/p>\n<p>\u00ab\u00a0J\u2019\u00e9tais un peu sceptique, c\u2019est risqu\u00e9 d\u2019adapter une \u0153uvre \u00e9crite \u00e0 la premi\u00e8re personne, qui plus est avec un personnage, Meursault, qui n\u2019exprime jamais rien, se lance \u00c9lise Rousseau. Et j\u2019ai \u00e9t\u00e9 tr\u00e8s agr\u00e9ablement surprise\u00a0: le film rend bien l\u2019atmosph\u00e8re, nous replonge dans une \u00e9poque. Pourtant je me suis fait peur les premi\u00e8res minutes, j\u2019ai cru qu\u20190zon s\u2019\u00e9tait livr\u00e9 \u00e0 un exercice de style didactique quasi caricatural. Mais il devient vite plus subtil, il a dig\u00e9r\u00e9 des questions plus contemporaines, <a target=\"_blank\" href=\"https:\/\/www.lanouvellerepublique.fr\/blois\/kamel-daoud-fait-vivre-la-langue-francaise\" rel=\"noopener\">comme celles de Kamel Daoud&#8230;. <\/p>\n<p>    Cet article a \u00e9t\u00e9 tronqu\u00e9. Abonnez-vous pour lire l&rsquo;article complet sur notre site.<\/p>\n<p>\u00a0\u00bb<\/a><\/p>\n<p style=\"margin: 0 !important; padding: 0 !important; font-size: 12px !important;\">Cet article a \u00e9t\u00e9 tronqu\u00e9. Abonnez-vous pour lire l&rsquo;article complet.<\/p>\n<p>    <a href=\"https:\/\/www.lanouvellerepublique.fr\/abonnements\" style=\"display: inline-block; margin-top: 5px !important; padding: 6px 12px !important; background: #cb1c27; color: white; text-decoration: none; border-radius: 4px; font-size: 12px !important;\" target=\"_blank\" rel=\"noopener\"><br \/>\n      S&rsquo;abonner<br \/>\n    <\/a><\/p>\n","protected":false},"excerpt":{"rendered":"Elise Rousseau et Aur\u00e9lie Frioux, professeures de lettres aux lyc\u00e9es bl\u00e9sois Robert-Badinter et Dessaignes, connaissent L\u2019\u00c9tranger de Camus&hellip;\n","protected":false},"author":2,"featured_media":506905,"comment_status":"","ping_status":"","sticky":false,"template":"","format":"standard","meta":{"footnotes":""},"categories":[1354],"tags":[1392,3469,650,58,59,1346,1011,27,1380,4368,1393,1360],"class_list":{"0":"post-506904","1":"post","2":"type-post","3":"status-publish","4":"format-standard","5":"has-post-thumbnail","7":"category-films","8":"tag-a-la-une-local","9":"tag-blois","10":"tag-cinema","11":"tag-divertissement","12":"tag-entertainment","13":"tag-films","14":"tag-fr","15":"tag-france","16":"tag-livres","17":"tag-loir-et-cher","18":"tag-loisirs","19":"tag-movies"},"share_on_mastodon":{"url":"https:\/\/pubeurope.com\/@fr\/115480587378283467","error":""},"_links":{"self":[{"href":"https:\/\/www.europesays.com\/fr\/wp-json\/wp\/v2\/posts\/506904","targetHints":{"allow":["GET"]}}],"collection":[{"href":"https:\/\/www.europesays.com\/fr\/wp-json\/wp\/v2\/posts"}],"about":[{"href":"https:\/\/www.europesays.com\/fr\/wp-json\/wp\/v2\/types\/post"}],"author":[{"embeddable":true,"href":"https:\/\/www.europesays.com\/fr\/wp-json\/wp\/v2\/users\/2"}],"replies":[{"embeddable":true,"href":"https:\/\/www.europesays.com\/fr\/wp-json\/wp\/v2\/comments?post=506904"}],"version-history":[{"count":0,"href":"https:\/\/www.europesays.com\/fr\/wp-json\/wp\/v2\/posts\/506904\/revisions"}],"wp:featuredmedia":[{"embeddable":true,"href":"https:\/\/www.europesays.com\/fr\/wp-json\/wp\/v2\/media\/506905"}],"wp:attachment":[{"href":"https:\/\/www.europesays.com\/fr\/wp-json\/wp\/v2\/media?parent=506904"}],"wp:term":[{"taxonomy":"category","embeddable":true,"href":"https:\/\/www.europesays.com\/fr\/wp-json\/wp\/v2\/categories?post=506904"},{"taxonomy":"post_tag","embeddable":true,"href":"https:\/\/www.europesays.com\/fr\/wp-json\/wp\/v2\/tags?post=506904"}],"curies":[{"name":"wp","href":"https:\/\/api.w.org\/{rel}","templated":true}]}}