{"id":506908,"date":"2025-11-02T14:33:10","date_gmt":"2025-11-02T14:33:10","guid":{"rendered":"https:\/\/www.europesays.com\/fr\/506908\/"},"modified":"2025-11-02T14:33:10","modified_gmt":"2025-11-02T14:33:10","slug":"le-film-chretien-qui-bouleverse-le-public-et-suscite-les-querelles","status":"publish","type":"post","link":"https:\/\/www.europesays.com\/fr\/506908\/","title":{"rendered":"le film chr\u00e9tien qui bouleverse le public et suscite les querelles"},"content":{"rendered":"<p>\n    <strong>R\u00c9CIT &#8211; <\/strong>Sorti d\u00e9but octobre, le docu-fiction \u00ab\u00a0Sacr\u00e9-C\u0153ur. Son r\u00e8gne n\u2019aura pas de fin\u00a0\u00bb a attir\u00e9 pr\u00e8s de 300\u00a0000 spectateurs et provoque un d\u00e9bat inattendu. Entre ferveur spirituelle, succ\u00e8s populaire et controverses autour de la la\u00efcit\u00e9, le film de Steven et Sabrina Gunnell r\u00e9v\u00e8le le retour discret, mais r\u00e9el, du religieux dans la soci\u00e9t\u00e9 fran\u00e7aise.<\/p>\n<p class=\"fig-paragraph\">Anne a abandonn\u00e9 la foi de son enfance apr\u00e8s l\u2019adolescence. Sa m\u00e8re \u00e9tait morte trop t\u00f4t, et aucune de ses pri\u00e8res ne l\u2019avait retenue aupr\u00e8s d\u2019elle. Mais, en septembre dernier, peu avant l\u2019anniversaire de son d\u00e9c\u00e8s, Anne a entr\u00e9 les mots \u00ab\u00a0Sacr\u00e9-C\u0153ur\u00a0\u00bb dans son moteur de recherche. Elle voulait trouver les horaires de la prochaine messe dans la\u00a0<a href=\"http:\/\/www.lefigaro.fr\/actualite-france\/la-basilique-du-sacre-coeur-est-comme-un-phare-qui-veille-sur-paris-la-france-et-notre-monde-20201015\" data-fig-type=\"Article\" data-gtm-custom-categorie=\"navigation\" data-gtm-custom-action=\"crossclick\" data-gtm-custom-label=\"Contextuel\" data-gtm-event=\"customEventSPE\" data-fig-domain=\"LEFIGARO\" rel=\"nofollow noopener\" target=\"_blank\">basilique parisienne\u00a0<\/a>pour demander au pr\u00eatre d\u2019en c\u00e9l\u00e9brer une en m\u00e9moire de la d\u00e9funte. La bande-annonce du\u00a0<a href=\"http:\/\/www.lefigaro.fr\/cinema\/un-phenomene-qui-echappe-a-la-rationalite-qui-est-steven-gunnell-le-realisateur-du-film-a-succes-sacre-coeur-20251012\" data-fig-type=\"Article\" data-gtm-custom-categorie=\"navigation\" data-gtm-custom-action=\"crossclick\" data-gtm-custom-label=\"Contextuel\" data-gtm-event=\"customEventSPE\" data-fig-domain=\"LEFIGARO\" rel=\"nofollow noopener\" target=\"_blank\">film homonyme<\/a>, dans les premiers r\u00e9sultats, l\u2019a intrigu\u00e9e, et, la semaine de sa sortie, Anne est all\u00e9e au cin\u00e9ma. \u00ab\u00a0J\u2019ai pleur\u00e9 comme une enfant en sortant. Chaque t\u00e9moignage m\u2019a touch\u00e9e, comme si on me parlait directement. Ma m\u00e8re est peut-\u00eatre au bon endroit\u00a0\u00bb, glisse la sexag\u00e9naire en pleurant doucement.<\/p>\n<p class=\"fig-paragraph\">Depuis sa sortie le 1er\u00a0octobre, Sacr\u00e9-C\u0153ur. Son r\u00e8gne n\u2019aura pas de fin a \u00e9t\u00e9 vu par 280\u00a0000 spectateurs. Ce film documentaire, r\u00e9alis\u00e9 par l\u2019ancien membre du boy\u2019s band Alliage\u00a0<a href=\"http:\/\/www.lefigaro.fr\/cinema\/un-phenomene-qui-echappe-a-la-rationalite-qui-est-steven-gunnell-le-realisateur-du-film-a-succes-sacre-coeur-20251012\" data-fig-type=\"Article\" data-gtm-custom-categorie=\"navigation\" data-gtm-custom-action=\"crossclick\" data-gtm-custom-label=\"Contextuel\" data-gtm-event=\"customEventSPE\" data-fig-domain=\"LEFIGARO\" rel=\"nofollow noopener\" target=\"_blank\">Steven Gunnell<\/a>\u00a0et sa femme Sabrina, m\u00e9lange fiction\u2026<\/p>\n<p class=\"fig-premium-paywall__infos\">\n        Cet article est r\u00e9serv\u00e9 aux abonn\u00e9s.        Il vous reste 90% \u00e0 d\u00e9couvrir.\n    <\/p>\n<p>                <img  data- alt=\"Le Figaro\" class=\"fig-img--complete fig-img\"\/><\/p>\n<p class=\"fig-premium-paywall__title\">Vous avez envie de lire la suite ?<\/p>\n<p class=\"fig-premium-paywall__subtitle\">D\u00e9bloquez tous les articles imm\u00e9diatement.<\/p>\n<p class=\"fig-premium-paywall__connect\">\n                D\u00e9j\u00e0 abonn\u00e9\u00a0?                <a class=\"fig-premium-paywall__connect-link\" href=\"https:\/\/connect.lefigaro.fr\/login?client=horizon_web&amp;type=main&amp;redirect_uri=https%3A%2F%2Fwww.lefigaro.fr%2Factualite-france%2Fsacre-coeur-le-film-chretien-qui-bouleverse-le-public-et-suscite-les-querelles-20251102\" data-js-gtm=\"{&quot;customCategorie&quot;: &quot;conversion&quot;, &quot;customAction&quot;: &quot;before_Landing_Connexion_paywall_auto&quot;, &quot;customLabel&quot;: &quot;bGVmaWdhcm8uZnJfXzFmMGI2NGFkLWE1MzctNjFhNC1iZjY3LWYxYmY3MjA1YjcyNV9fQXJ0aWNsZQ==_\u00ab\u00a0Sacr\u00e9-C\u0153ur\u00a0\u00bb\u00a0: le film chr\u00e9tien qui bouleverse le public et suscite les querelles_226&quot;, &quot;customIDSPE&quot;: &quot;bGVmaWdhcm8uZnJfXzFmMGI2NGFkLWE1MzctNjFhNC1iZjY3LWYxYmY3MjA1YjcyNV9fQXJ0aWNsZQ==&quot;, &quot;event&quot;: &quot;customEventSPE&quot;}\" rel=\"nofollow noopener\" target=\"_blank\"><br \/>\n                    Connectez-vous<br \/>\n                <\/a>\n            <\/p>\n","protected":false},"excerpt":{"rendered":"R\u00c9CIT &#8211; Sorti d\u00e9but octobre, le docu-fiction \u00ab\u00a0Sacr\u00e9-C\u0153ur. Son r\u00e8gne n\u2019aura pas de fin\u00a0\u00bb a attir\u00e9 pr\u00e8s de&hellip;\n","protected":false},"author":2,"featured_media":506909,"comment_status":"","ping_status":"","sticky":false,"template":"","format":"standard","meta":{"footnotes":""},"categories":[8],"tags":[650,58,8305,59,1011,27],"class_list":{"0":"post-506908","1":"post","2":"type-post","3":"status-publish","4":"format-standard","5":"has-post-thumbnail","7":"category-divertissement","8":"tag-cinema","9":"tag-divertissement","10":"tag-eglise-catholique","11":"tag-entertainment","12":"tag-fr","13":"tag-france"},"share_on_mastodon":{"url":"https:\/\/pubeurope.com\/@fr\/115480599213721090","error":""},"_links":{"self":[{"href":"https:\/\/www.europesays.com\/fr\/wp-json\/wp\/v2\/posts\/506908","targetHints":{"allow":["GET"]}}],"collection":[{"href":"https:\/\/www.europesays.com\/fr\/wp-json\/wp\/v2\/posts"}],"about":[{"href":"https:\/\/www.europesays.com\/fr\/wp-json\/wp\/v2\/types\/post"}],"author":[{"embeddable":true,"href":"https:\/\/www.europesays.com\/fr\/wp-json\/wp\/v2\/users\/2"}],"replies":[{"embeddable":true,"href":"https:\/\/www.europesays.com\/fr\/wp-json\/wp\/v2\/comments?post=506908"}],"version-history":[{"count":0,"href":"https:\/\/www.europesays.com\/fr\/wp-json\/wp\/v2\/posts\/506908\/revisions"}],"wp:featuredmedia":[{"embeddable":true,"href":"https:\/\/www.europesays.com\/fr\/wp-json\/wp\/v2\/media\/506909"}],"wp:attachment":[{"href":"https:\/\/www.europesays.com\/fr\/wp-json\/wp\/v2\/media?parent=506908"}],"wp:term":[{"taxonomy":"category","embeddable":true,"href":"https:\/\/www.europesays.com\/fr\/wp-json\/wp\/v2\/categories?post=506908"},{"taxonomy":"post_tag","embeddable":true,"href":"https:\/\/www.europesays.com\/fr\/wp-json\/wp\/v2\/tags?post=506908"}],"curies":[{"name":"wp","href":"https:\/\/api.w.org\/{rel}","templated":true}]}}