{"id":506921,"date":"2025-11-02T14:45:15","date_gmt":"2025-11-02T14:45:15","guid":{"rendered":"https:\/\/www.europesays.com\/fr\/506921\/"},"modified":"2025-11-02T14:45:15","modified_gmt":"2025-11-02T14:45:15","slug":"la-maire-de-toulon-josee-massi-riposte-apres-le-soutien-de-31-elus-de-la-majorite-a-michel-bonnus","status":"publish","type":"post","link":"https:\/\/www.europesays.com\/fr\/506921\/","title":{"rendered":"la maire de Toulon Jos\u00e9e Massi riposte apr\u00e8s le soutien de 31\u00a0\u00e9lus de la majorit\u00e9 \u00e0 Michel Bonnus"},"content":{"rendered":"<p class=\"fs-5 \">Un texte dans lequel ces derniers expliquent leur soutien \u00e0 la candidature de Michel Bonnus (LR) aux prochaines \u00e9lections municipales. Mais l\u2019\u00e9dile s\u2019empresse aussi d\u2019ajouter que \u00ab \u00e7a ne [l]\u2019emp\u00eache pas de dormir \u00bb. Et pour cause, d\u2019apr\u00e8s elle : deux semaines avant, ces m\u00eames colistiers lui avaient adress\u00e9 un courrier dans des termes plus ou moins similaires pour demander \u00e0 l\u2019\u00e9dile de \u00ab clarifier sa position \u00bb en vue du scrutin de mars 2026. Une missive demeur\u00e9e lettre morte.<\/p>\n<p>            <img src=\"https:\/\/www.europesays.com\/fr\/wp-content\/uploads\/2025\/11\/1762094715_799_e3aea25_upload-from-url-1-tc7u9yek7qo8-data-art-16509023.jpg\"   loading=\"lazy\" decoding=\"async\" alt=\"Le d\u00e9put\u00e9 Yannick Chenevard est le premier signataire de cette tribune libre. \" class=\"img-fluid position-absolute w-100 object-fit-cover rounded-2\" width=\"600\" height=\"400\"\/><\/p>\n<p class=\"fs-5 \">Jos\u00e9e Massi assure rester droite dans ses bottes. Sourde \u00e0 l\u2019appel pour son ralliement imm\u00e9diat : \u00ab Je suis libre, je r\u00e9fl\u00e9chis, j\u2019\u00e9coute et je dirai ce que je ferai le moment venu\u2026 \u00bb Dit autrement : \u00ab S\u2019ils voulaient me mettre un coup de pression, c\u2019est rat\u00e9. \u00bb Au contraire, la maire n\u2019h\u00e9site pas \u00e0 \u00e9gratigner ceux de ses adjoints, conseillers municipaux, m\u00e9tropolitains ou d\u00e9partementaux qui ont rejoint le camp du s\u00e9nateur toulonnais (1).<\/p>\n<p class=\"fs-5 \">\u00ab Moi, ma pr\u00e9occupation actuelle, mon seul objectif, c\u2019est de pr\u00e9parer le budget, afin de garantir que l\u2019action municipale puisse continuer, explique-t-elle. Et je vous assure que cette ann\u00e9e, c\u2019est particuli\u00e8rement compliqu\u00e9. Je pense aux Toulonnaises et aux Toulonnais. Il y a un temps pour tout. Si j\u2019avais un conseil \u00e0 leur donner (aux signataires, Ndlr) : ils feraient mieux de travailler. \u00bb<\/p>\n<p>                                                                                Le \u00ab spectacle d\u00e9plorable \u00bb de la majorit\u00e9<\/p>\n<p class=\"fs-5 \">Jos\u00e9e Massi finit par sortir la sulfateuse. \u00ab Les noms des 31 ne me surprennent pas. (elle h\u00e9site) \u00c0 part certains ou certaines quand m\u00eame, que je n\u2019ai encore jamais vus en conseil municipal. Je ne savais pas qu\u2019ils existaient (sic). Et puis si Michel Bonnus prend tous ces \u00e9lus sur sa liste, il est o\u00f9, le renouvellement ? \u00bb Ou encore : \u00ab Depuis plusieurs semaines, notre majorit\u00e9 donne un spectacle d\u00e9plorable. Et l\u00e0, \u00e7a continue. Ils remettent une pi\u00e8ce\u2026 \u00bb Une derni\u00e8re salve pour la route : \u00ab Qu\u2019est-ce qu\u2019on apprend dans cette tribune, sur leur projet ? Rien. Ils parlent d\u2019unit\u00e9, de campagne, moi je m\u2019attache \u00e0 l\u2019action municipale. Oui, j\u2019essaye de me placer au-dessus de la m\u00eal\u00e9e. \u00bb<\/p>\n<p class=\"fs-5 \">Bref, si la maire semble vouloir siffler la fin de la r\u00e9cr\u00e9, dans les faits, les fissures ne cessent de se creuser dans la majorit\u00e9. Jusqu\u2019\u00e0 mettre en p\u00e9ril les derniers mois de l\u2019exercice ? \u00ab Non, je ne pense pas. Je n\u2019esp\u00e8re pas. Il faut que tout le monde joue le jeu. On va t\u00e2cher de mener \u00e0 bien notre programme jusqu\u2019\u00e0 la fin du mandat. \u00bb Lequel ne s\u2019annonce toutefois pas de tout repos.<\/p>\n<p class=\"fs-5 \">1. Citons le d\u00e9put\u00e9 Yannick Chenevard, le premier adjoint Robert Cavanna, les \u00e9lus Magali Turbate, Virginie Pin, Mohamed Mahali, Luc de Saint-Sernin, Laurent Bonnet, Caroline Depallens, Beno\u00eet Pelletier\u2026<\/p>\n","protected":false},"excerpt":{"rendered":"Un texte dans lequel ces derniers expliquent leur soutien \u00e0 la candidature de Michel Bonnus (LR) aux prochaines&hellip;\n","protected":false},"author":2,"featured_media":506922,"comment_status":"","ping_status":"","sticky":false,"template":"","format":"standard","meta":{"footnotes":""},"categories":[9619],"tags":[1111,11,1777,674,1011,27,3434,12,882,25,2310],"class_list":{"0":"post-506921","1":"post","2":"type-post","3":"status-publish","4":"format-standard","5":"has-post-thumbnail","7":"category-toulon","8":"tag-actu","9":"tag-actualites","10":"tag-eu","11":"tag-europe","12":"tag-fr","13":"tag-france","14":"tag-municipales-2026","15":"tag-news","16":"tag-provence-alpes-cote-dazur","17":"tag-republique-francaise","18":"tag-toulon"},"share_on_mastodon":{"url":"https:\/\/pubeurope.com\/@fr\/115480646962880126","error":""},"_links":{"self":[{"href":"https:\/\/www.europesays.com\/fr\/wp-json\/wp\/v2\/posts\/506921","targetHints":{"allow":["GET"]}}],"collection":[{"href":"https:\/\/www.europesays.com\/fr\/wp-json\/wp\/v2\/posts"}],"about":[{"href":"https:\/\/www.europesays.com\/fr\/wp-json\/wp\/v2\/types\/post"}],"author":[{"embeddable":true,"href":"https:\/\/www.europesays.com\/fr\/wp-json\/wp\/v2\/users\/2"}],"replies":[{"embeddable":true,"href":"https:\/\/www.europesays.com\/fr\/wp-json\/wp\/v2\/comments?post=506921"}],"version-history":[{"count":0,"href":"https:\/\/www.europesays.com\/fr\/wp-json\/wp\/v2\/posts\/506921\/revisions"}],"wp:featuredmedia":[{"embeddable":true,"href":"https:\/\/www.europesays.com\/fr\/wp-json\/wp\/v2\/media\/506922"}],"wp:attachment":[{"href":"https:\/\/www.europesays.com\/fr\/wp-json\/wp\/v2\/media?parent=506921"}],"wp:term":[{"taxonomy":"category","embeddable":true,"href":"https:\/\/www.europesays.com\/fr\/wp-json\/wp\/v2\/categories?post=506921"},{"taxonomy":"post_tag","embeddable":true,"href":"https:\/\/www.europesays.com\/fr\/wp-json\/wp\/v2\/tags?post=506921"}],"curies":[{"name":"wp","href":"https:\/\/api.w.org\/{rel}","templated":true}]}}