{"id":506931,"date":"2025-11-02T14:53:16","date_gmt":"2025-11-02T14:53:16","guid":{"rendered":"https:\/\/www.europesays.com\/fr\/506931\/"},"modified":"2025-11-02T14:53:16","modified_gmt":"2025-11-02T14:53:16","slug":"editorial-43-700-lieux-de-silence-et-de-paix","status":"publish","type":"post","link":"https:\/\/www.europesays.com\/fr\/506931\/","title":{"rendered":"\u00c9DITORIAL.\u00a043\u00a0700\u00a0lieux de silence et de paix"},"content":{"rendered":"<p>Il y a des gens qui fuient les cimeti\u00e8res. Trop de souvenirs p\u00e9nibles.<\/p>\n<p>Pour ma part, j\u2019ai de l\u2019affection pour ces \u00eelots de calme. \u00c7a doit remonter \u00e0 l\u2019enfance. Petit gar\u00e7on, j\u2019aimais bien y accompagner ma grand-m\u00e8re, veuve depuis peu. Le rituel \u00e9tait rod\u00e9. Il fallait monter la c\u00f4te. Pass\u00e9 le portail, chercher un arrosoir pour changer l\u2019eau des fleurs. Un signe de croix en silence. Et avant de partir, enlever de la tombe les feuilles mortes et les herbes folles. Sur le chemin du retour, un regard sur le monument aux morts de 14-18 o\u00f9, parmi des dizaines de noms, figurait celui du p\u00e8re du d\u00e9funt, tu\u00e9 pr\u00e8s d\u2019Arras en 1915.<\/p>\n<p>Ce n\u2019\u00e9tait pas triste. C\u2019\u00e9tait paisible. C\u2019\u00e9tait une mani\u00e8re de relier ceux d\u2019aujourd\u2019hui \u00e0 ceux d\u2019hier, la petite histoire \u00e0 la grande. Et pour ma grand-m\u00e8re, tr\u00e8s croyante, l\u2019espoir de retrouver son Henri, un jour, ailleurs\u2026 L\u2019en de\u00e7\u00e0 et l\u2019au-del\u00e0 r\u00e9unis, en somme.<\/p>\n<p>Depuis quelques ann\u00e9es, on entend volontiers dire que la f\u00eate des morts \u2013 f\u00eate des \u00ab\u00a0fid\u00e8les d\u00e9funts\u00a0\u00bb pour les catholiques \u2014, <a href=\"https:\/\/nantes.maville.com\/actu\/actudet_--c-est-une-tradition-en-perdition-chez-les-fleuristes-la-toussaint-n-est-plus-trop-a-la-fete-_8-7043003_actu.Htm\" target=\"_self\" rel=\"nofollow noopener\">est en perte de vitesse<\/a>. Positionn\u00e9e depuis le Moyen \u00c2ge au <a href=\"https:\/\/rennes.maville.com\/actu\/actudet_-toussaint-et-fete-des-morts-qu-est-ce-qu-on-celebre-_54135-5486157_actu.Htm\" target=\"_self\" rel=\"nofollow noopener\">lendemain de Toussaint<\/a>, ce dimanche 2\u00a0novembre, elle n\u2019attirerait plus la foule. En cause\u00a0: baisse du sentiment religieux, dispersion g\u00e9ographique des familles\u2026<\/p>\n<p>Au vrai, cette hypoth\u00e8se doit \u00eatre relativis\u00e9e. D\u2019une part, parce qu\u2019il n\u2019existe aucun comptage fiable de la fr\u00e9quentation des 43\u00a0700\u00a0cimeti\u00e8res du pays. D\u2019autre part, parce que 70\u00a0% des Fran\u00e7ais entrent dans un cimeti\u00e8re chaque ann\u00e9e (dont 40\u00a0% plusieurs fois par an) (1), tandis <a href=\"https:\/\/www.franceagrimer.fr\/chiffre-et-analyses-economiques\/fleurs-et-plantes-achetees-loccasion-des-fetes-calendaires\" target=\"_self\" rel=\"nofollow noopener\">qu\u2019une \u00e9tude r\u00e9cente r\u00e9v\u00e8le qu\u2019\u00e0 la faveur de la Toussaint<\/a>, les Fran\u00e7ais ont d\u00e9pens\u00e9 <a href=\"https:\/\/www.franceagrimer.fr\/sites\/default\/files\/rdd\/documents\/SYN-HOR-Infographie-f%25C3%25AAtes_calendaires_2024_2.pdf\" target=\"_self\" rel=\"nofollow noopener\">125\u00a0millions en 2023 pour fleurir les tombes<\/a>\u00a0: la plus forte d\u00e9pense de l\u2019ann\u00e9e en v\u00e9g\u00e9taux, deux fois plus que pour la f\u00eate des M\u00e8res, quatre fois plus que pour la Saint-Valentin (2). Pour l\u2019hiver des cimeti\u00e8res, on repassera.<\/p>\n<p>Il y a probablement des disparit\u00e9s r\u00e9gionales, mais partout, les horaires d\u2019ouverture sont am\u00e9nag\u00e9s pour accueillir davantage de visiteurs \u00e0 la Toussaint. \u00c0 Rennes, les cimeti\u00e8res attendent <a href=\"https:\/\/cimetieres.rennes.fr\/accueil\/actualites\/toutes_les_actualites\/146_25\/toussaint_2025__infos_pratiques\" target=\"_self\" rel=\"nofollow noopener\">50\u00a0000\u00a0visiteurs cette semaine<\/a> marqu\u00e9e par un hommage aux morts de la rue, une comm\u00e9moration militaire, trois processions religieuses et deux concerts de musique bretonne\u2026<\/p>\n<p>La force des habitudes n\u2019explique pas tout. En nous rendant sur la tombe de nos proches, il y a sans doute une aspiration profonde, croissante avec l\u2019\u00e2ge, \u00e0 la paix et au recueillement. On s\u2019extrait du tohu-bohu de l\u2019actualit\u00e9 et du quotidien. Qui pour prier, qui pour m\u00e9diter, qui pour pleurer, qui pour esp\u00e9rer. Ou simplement pour d\u00e9poser quelques fleurs en silence. Une mani\u00e8re de d\u00e9passer l\u2019effroi devant le myst\u00e8re de la mort sur lequel nous savons que nous butterons tous. En se disant que nos d\u00e9funts sont encore un peu vivants tant que nous sommes l\u00e0 pour nous souvenir d\u2019eux. Et pour les raconter \u00e0 la g\u00e9n\u00e9ration qui vient apr\u00e8s nous.<\/p>\n<p>(1) <a href=\"https:\/\/saf.fr\/wp-content\/uploads\/2025\/05\/Rapport-Les-Francais-et-les-cimetieres-25Vf.pdf\" target=\"_self\" rel=\"nofollow noopener\">\u00ab\u00a0Les Fran\u00e7ais et leurs repr\u00e9sentations et usages des cimeti\u00e8res\u00a0\u00bb<\/a>, CSNAF, CR\u00c9DOC mars\u00a02025. (2) Panel Kantar pour France AgriMer et Valhor.<\/p>\n<p>\u00a0<\/p>\n","protected":false},"excerpt":{"rendered":"Il y a des gens qui fuient les cimeti\u00e8res. Trop de souvenirs p\u00e9nibles. Pour ma part, j\u2019ai de&hellip;\n","protected":false},"author":2,"featured_media":506932,"comment_status":"","ping_status":"","sticky":false,"template":"","format":"standard","meta":{"footnotes":""},"categories":[2821],"tags":[15749,31354,1111,11,829,8195,1777,674,1011,27,9692,12,2403,584,25,15980],"class_list":{"0":"post-506931","1":"post","2":"type-post","3":"status-publish","4":"format-standard","5":"has-post-thumbnail","7":"category-rennes","8":"tag-15749","9":"tag-31354","10":"tag-actu","11":"tag-actualites","12":"tag-bretagne","13":"tag-editorial","14":"tag-eu","15":"tag-europe","16":"tag-fr","17":"tag-france","18":"tag-lieux","19":"tag-news","20":"tag-paix","21":"tag-rennes","22":"tag-republique-francaise","23":"tag-silence"},"share_on_mastodon":{"url":"https:\/\/pubeurope.com\/@fr\/115480677949927628","error":""},"_links":{"self":[{"href":"https:\/\/www.europesays.com\/fr\/wp-json\/wp\/v2\/posts\/506931","targetHints":{"allow":["GET"]}}],"collection":[{"href":"https:\/\/www.europesays.com\/fr\/wp-json\/wp\/v2\/posts"}],"about":[{"href":"https:\/\/www.europesays.com\/fr\/wp-json\/wp\/v2\/types\/post"}],"author":[{"embeddable":true,"href":"https:\/\/www.europesays.com\/fr\/wp-json\/wp\/v2\/users\/2"}],"replies":[{"embeddable":true,"href":"https:\/\/www.europesays.com\/fr\/wp-json\/wp\/v2\/comments?post=506931"}],"version-history":[{"count":0,"href":"https:\/\/www.europesays.com\/fr\/wp-json\/wp\/v2\/posts\/506931\/revisions"}],"wp:featuredmedia":[{"embeddable":true,"href":"https:\/\/www.europesays.com\/fr\/wp-json\/wp\/v2\/media\/506932"}],"wp:attachment":[{"href":"https:\/\/www.europesays.com\/fr\/wp-json\/wp\/v2\/media?parent=506931"}],"wp:term":[{"taxonomy":"category","embeddable":true,"href":"https:\/\/www.europesays.com\/fr\/wp-json\/wp\/v2\/categories?post=506931"},{"taxonomy":"post_tag","embeddable":true,"href":"https:\/\/www.europesays.com\/fr\/wp-json\/wp\/v2\/tags?post=506931"}],"curies":[{"name":"wp","href":"https:\/\/api.w.org\/{rel}","templated":true}]}}