{"id":506933,"date":"2025-11-02T14:54:21","date_gmt":"2025-11-02T14:54:21","guid":{"rendered":"https:\/\/www.europesays.com\/fr\/506933\/"},"modified":"2025-11-02T14:54:21","modified_gmt":"2025-11-02T14:54:21","slug":"en-direct-ligue-1-rennes-mene-face-au-racing-2-0-mi-temps","status":"publish","type":"post","link":"https:\/\/www.europesays.com\/fr\/506933\/","title":{"rendered":"En direct Ligue 1. Rennes\u00a0m\u00e8ne face\u00a0au Racing (2-0, mi-temps)"},"content":{"rendered":"<p>&#13;<br \/>\n                                                    En direct&#13;<br \/>\n                        &#13;\n                                            <\/p>\n<p>M\u00eame s&rsquo;il s&rsquo;est procur\u00e9 la premi\u00e8re occasion par Amo-Ameyaw (8e), le Racing a connu une premi\u00e8re p\u00e9riode compliqu\u00e9e, marqu\u00e9e par deux buts rennais inscrits par l&rsquo;in\u00e9vitable Lepaul (9e) et Meit\u00e9 (35e). Et sans une envol\u00e9e de Penders (37e), le score aurait pu \u00eatre encore plus lourd \u00e0 la pause.<\/p>\n<p>&#13;<br \/>\n              \u00c0 Rennes, Julien-Thomas Will ; \u00e9dit\u00e9 par R. Sch. &#8211; &#13;<br \/>\n        &#13;<br \/>\n          Aujourd&rsquo;hui \u00e0 11:15&#13;<br \/>\n    &#13;<br \/>\n                  | mis \u00e0 jour aujourd&rsquo;hui \u00e0 15:51&#13;<br \/>\n              &#8211; Temps de lecture : &#13;<br \/>\n  &#13;\n<\/p>\n<ul class=\"galerieContent carousel-wrapper__slides\" id=\"71e9bdc7-df23-4249-96d7-42d92b28f2ef\">        &#13;<\/p>\n<li class=\"carousel-wrapper__slides--slide item\" id=\"slide-1\">&#13;<br \/>\n                                    &#13;<br \/>\n                        <a class=\"chocolat-image GA-tracking\" data-ga_type=\"click\" data-ga_category=\"D\u00e9tail\" data-ga_action=\"zoomer\" data-ga_label=\"aggrandir image\" href=\"https:\/\/cdn-s-www.dna.fr\/images\/BF15127B-F7CC-4CC0-9544-542FD3232A98\/NW_raw\/mike-penders-depite-le-portier-belge-du-racing-a-deja-du-ramasser-le-ballon-deux-fois-au-fond-de-ses-filets-en-premiere-periode-photo-jean-marc-loos-1762093104.jpg\" title=\"Mike Penders d\u00e9pit\u00e9\u00a0: le\u00a0portier belge du Racing a d\u00e9j\u00e0 d\u00fb ramasser le ballon deux fois au fond de ses filets en premi\u00e8re p\u00e9riode. Photo Jean-Marc Loos\" target=\"_blank\" rel=\"noopener\">&#13;<br \/>\n                            <img decoding=\"async\" src=\"https:\/\/www.europesays.com\/fr\/wp-content\/uploads\/2025\/11\/mike-penders-depite-le-portier-belge-du-racing-a-deja-du-ramasser-le-ballon-deux-fois-au-fond-de-ses.jpeg\"   alt=\"Mike Penders d\u00e9pit\u00e9\u00a0: le\u00a0portier belge du Racing a d\u00e9j\u00e0 d\u00fb ramasser le ballon deux fois au fond de ses filets en premi\u00e8re p\u00e9riode. Photo Jean-Marc Loos\" fetchpriority=\"high\" data-mobile=\"NW_detail_M|1762093104\" data-base=\"NW_detail|1762093104\"\/>&#13;<br \/>\n                        <\/a>&#13;<\/p>\n<p>Mike Penders d\u00e9pit\u00e9\u00a0: le\u00a0portier belge du Racing a d\u00e9j\u00e0 d\u00fb ramasser le ballon deux fois au fond de ses filets en premi\u00e8re p\u00e9riode. Photo Jean-Marc Loos<\/p>\n<p>                        &#13;<br \/>\n                                           &#13;\n                <\/li>\n<p>&#13;<br \/>\n            &#13;<\/p>\n<li class=\"carousel-wrapper__slides--slide item slideWithPub\" id=\"slide-2\">&#13;<br \/>\n                        &#13;<br \/>\n                            <a class=\"chocolat-image\" title=\"Publicit\u00e9\" href=\"data:image\/gif;base64,R0lGODlhAQABAAD\/ACwAAAAAAQABAAACADs=\">&#13;<br \/>\n                                <img decoding=\"async\" src=\"data:image\/gif;base64,R0lGODlhAQABAAD\/ACwAAAAAAQABAAACADs=\" alt=\"Publicit\u00e9\" loading=\"lazy\" fetchpriority=\"low\"\/>&#13;<br \/>\n                            <\/a>&#13;<br \/>\n                        &#13;\n                    <\/li>\n<p>&#13;<\/p>\n<li class=\"carousel-wrapper__slides--slide item\" id=\"slide-3\">&#13;<br \/>\n                                    &#13;<br \/>\n                        <a class=\"chocolat-image GA-tracking\" data-ga_type=\"click\" data-ga_category=\"D\u00e9tail\" data-ga_action=\"zoomer\" data-ga_label=\"aggrandir image\" href=\"https:\/\/cdn-s-www.dna.fr\/images\/2F9969B7-9A20-4EBE-B635-1B2DF11FBD97\/NW_raw\/meilleur-buteur-de-ligue-1-(9-buts)-joaquin-panichelli-a-fait-trembler-les-filets-adverses-a-six-reprises-lors-des-quatre-dernieres-journees-de-championnat-rennes-est-prevenu-photo-jean-marc-loos-1762092570.jpg\" title=\"Meilleur buteur de Ligue 1 (9 buts), Joaquin Panichelli a fait trembler les filets adverses \u00e0 six reprises lors des quatre derni\u00e8res journ\u00e9es de championnat. Rennes est pr\u00e9venu. Photo Jean-Marc Loos\" target=\"_blank\" rel=\"noopener\">&#13;<br \/>\n                            <img decoding=\"async\" src=\"https:\/\/www.europesays.com\/fr\/wp-content\/uploads\/2025\/11\/meilleur-buteur-de-ligue-1-(9-buts)-joaquin-panichelli-a-fait-trembler-les-filets-adverses-a-six-rep.jpeg\"   alt=\"Meilleur buteur de Ligue 1 (9 buts), Joaquin Panichelli a fait trembler les filets adverses \u00e0 six reprises lors des quatre derni\u00e8res journ\u00e9es de championnat. Rennes est pr\u00e9venu. Photo Jean-Marc Loos\" loading=\"lazy\" fetchpriority=\"low\" data-mobile=\"NW_detail_M|1762092570\" data-base=\"NW_detail|1762092570\"\/>&#13;<br \/>\n                        <\/a>&#13;<\/p>\n<p>Meilleur buteur de Ligue 1 (9 buts), Joaquin Panichelli a fait trembler les filets adverses \u00e0 six reprises lors des quatre derni\u00e8res journ\u00e9es de championnat. Rennes est pr\u00e9venu. Photo Jean-Marc Loos<\/p>\n<p>                        &#13;<br \/>\n                                           &#13;\n                <\/li>\n<p>&#13;<br \/>\n            &#13;<\/p>\n<li class=\"carousel-wrapper__slides--slide item\" id=\"slide-4\">&#13;<br \/>\n                                    &#13;<br \/>\n                        <a class=\"chocolat-image GA-tracking\" data-ga_type=\"click\" data-ga_category=\"D\u00e9tail\" data-ga_action=\"zoomer\" data-ga_label=\"aggrandir image\" href=\"https:\/\/cdn-s-www.dna.fr\/images\/E1B80AB7-CEBF-4C93-8926-EAD67B77286E\/NW_raw\/le-racing-de-ben-chilwell-entend-reussir-sa-conquete-de-l-ouest-photo-thomas-toussaint-1762091263.jpg\" title=\"Le Racing de Ben Chilwell entend r\u00e9ussir sa conqu\u00eate de l&#039;Ouest. Photo Thomas Toussaint\" target=\"_blank\" rel=\"noopener\">&#13;<br \/>\n                            <img decoding=\"async\" src=\"https:\/\/www.europesays.com\/fr\/wp-content\/uploads\/2025\/11\/le-racing-de-ben-chilwell-entend-reussir-sa-conquete-de-l-ouest-photo-thomas-toussaint-1762091263.jp.jpeg\"   alt=\"Le Racing de Ben Chilwell entend r\u00e9ussir sa conqu\u00eate de l'Ouest. Photo Thomas Toussaint\" loading=\"lazy\" fetchpriority=\"low\" data-mobile=\"NW_detail_M|1762091263\" data-base=\"NW_detail|1762091263\"\/>&#13;<br \/>\n                        <\/a>&#13;<\/p>\n<p>Le Racing de Ben Chilwell entend r\u00e9ussir sa conqu\u00eate de l&rsquo;Ouest. Photo Thomas Toussaint<\/p>\n<p>                        &#13;<br \/>\n                                           &#13;\n                <\/li>\n<p>&#13;<br \/>\n            &#13;\n                <\/ul>\n","protected":false},"excerpt":{"rendered":"&#13; En direct&#13; &#13; M\u00eame s&rsquo;il s&rsquo;est procur\u00e9 la premi\u00e8re occasion par Amo-Ameyaw (8e), le Racing a connu&hellip;\n","protected":false},"author":2,"featured_media":506934,"comment_status":"","ping_status":"","sticky":false,"template":"","format":"standard","meta":{"footnotes":""},"categories":[2821],"tags":[1111,11,2649,829,3545,2880,1777,674,107,63,1011,27,329,3544,12,41281,584,25,517,640],"class_list":{"0":"post-506933","1":"post","2":"type-post","3":"status-publish","4":"format-standard","5":"has-post-thumbnail","7":"category-rennes","8":"tag-actu","9":"tag-actualites","10":"tag-bas-rhin","11":"tag-bretagne","12":"tag-direct-sport","13":"tag-edition-strasbourg","14":"tag-eu","15":"tag-europe","16":"tag-fil-info","17":"tag-football","18":"tag-fr","19":"tag-france","20":"tag-france-monde","21":"tag-matchs-en-direct","22":"tag-news","23":"tag-racing-club-strasbourg-masculin","24":"tag-rennes","25":"tag-republique-francaise","26":"tag-sport","27":"tag-strasbourg"},"share_on_mastodon":{"url":"https:\/\/pubeurope.com\/@fr\/115480682348012613","error":""},"_links":{"self":[{"href":"https:\/\/www.europesays.com\/fr\/wp-json\/wp\/v2\/posts\/506933","targetHints":{"allow":["GET"]}}],"collection":[{"href":"https:\/\/www.europesays.com\/fr\/wp-json\/wp\/v2\/posts"}],"about":[{"href":"https:\/\/www.europesays.com\/fr\/wp-json\/wp\/v2\/types\/post"}],"author":[{"embeddable":true,"href":"https:\/\/www.europesays.com\/fr\/wp-json\/wp\/v2\/users\/2"}],"replies":[{"embeddable":true,"href":"https:\/\/www.europesays.com\/fr\/wp-json\/wp\/v2\/comments?post=506933"}],"version-history":[{"count":0,"href":"https:\/\/www.europesays.com\/fr\/wp-json\/wp\/v2\/posts\/506933\/revisions"}],"wp:featuredmedia":[{"embeddable":true,"href":"https:\/\/www.europesays.com\/fr\/wp-json\/wp\/v2\/media\/506934"}],"wp:attachment":[{"href":"https:\/\/www.europesays.com\/fr\/wp-json\/wp\/v2\/media?parent=506933"}],"wp:term":[{"taxonomy":"category","embeddable":true,"href":"https:\/\/www.europesays.com\/fr\/wp-json\/wp\/v2\/categories?post=506933"},{"taxonomy":"post_tag","embeddable":true,"href":"https:\/\/www.europesays.com\/fr\/wp-json\/wp\/v2\/tags?post=506933"}],"curies":[{"name":"wp","href":"https:\/\/api.w.org\/{rel}","templated":true}]}}