{"id":506935,"date":"2025-11-02T14:55:43","date_gmt":"2025-11-02T14:55:43","guid":{"rendered":"https:\/\/www.europesays.com\/fr\/506935\/"},"modified":"2025-11-02T14:55:43","modified_gmt":"2025-11-02T14:55:43","slug":"lhomme-a-la-fourchette-risque-10-ans-de-prison","status":"publish","type":"post","link":"https:\/\/www.europesays.com\/fr\/506935\/","title":{"rendered":"l\u2019homme \u00e0 la fourchette risque 10 ans de prison"},"content":{"rendered":"<p>  \u00c0 cinq rang\u00e9es de si\u00e8ges derri\u00e8re eux<\/p>\n<p>Ce vol LH 431 effectu\u00e9 par un Boeing 747-8 transportait 363 passagers, trois pilotes et 15 h\u00f4tesses de l\u2019air. Parmi les passagers, se trouvait un \u00e9tudiant indien de 28 ans. C\u2019est ce dernier, 1\u00a0h\u00a015 apr\u00e8s le d\u00e9collage de Chicago, et juste apr\u00e8s le d\u00eener servi \u00e0 bord, qui a agress\u00e9 deux adolescents de 17 ans avec une fourchette m\u00e9tallique. L\u2019une des victimes a \u00e9t\u00e9 bless\u00e9e \u00e0 la clavicule, l\u2019autre \u00e0 l\u2019arri\u00e8re de la t\u00eate.<\/p>\n<p>Ces deux adolescents ne faisaient pas partie du groupe de Strasbourgeois, mais l\u2019agression s\u2019est d\u00e9roul\u00e9e \u00e0 cinq rang\u00e9es de si\u00e8ges derri\u00e8re eux. L\u2019agresseur aurait \u00e9galement mim\u00e9 de ses mains le geste de se tirer une balle. Il a aussi tent\u00e9 de frapper une autre passag\u00e8re et un membre de l\u2019\u00e9quipage, selon les m\u00e9dias am\u00e9ricains.<\/p>\n<p>  Inscrit \u00e0 un master en \u00e9tudes bibliques<\/p>\n<p>L\u2019avion a \u00e9t\u00e9 d\u00e9rout\u00e9 vers l\u2019a\u00e9roport international de Boston Logan o\u00f9 l\u2019individu, ma\u00eetris\u00e9 par l\u2019\u00e9quipage, a \u00e9t\u00e9 arr\u00eat\u00e9 par les forces de l\u2019ordre. Il a \u00e9t\u00e9 inculp\u00e9 pour cette attaque \u00e0 bord de l\u2019avion. L\u2019US attorney\u2019s office pour le Massachusetts a indiqu\u00e9 que l\u2019agresseur \u00e9tait entr\u00e9 sur le territoire am\u00e9ricain avec un visa \u00e9tudiant et qu\u2019il s\u2019\u00e9tait r\u00e9cemment inscrit \u00e0 un master en \u00e9tudes bibliques. Il a \u00e9t\u00e9 plac\u00e9 en garde \u00e0 vue \u00e0 l\u2019a\u00e9roport de Boston, puis inculp\u00e9 d\u2019agression avec une arme dangereuse avec intention de causer des l\u00e9sions corporelles. Il encourt jusqu\u2019\u00e0 dix ans de prison, trois ans de libert\u00e9 surveill\u00e9e et une amende maximale de 250\u00a0000\u00a0dollars, selon le bureau du procureur am\u00e9ricain.<\/p>\n<p>  Une recrudescence de comportements mena\u00e7ants ou violents perturbant les vols<\/p>\n<p>La Federal Aviation Administration (FAA) constate une recrudescence de comportements mena\u00e7ants ou violents perturbant les vols. Un homme de 35 ans a ainsi \u00e9t\u00e9 condamn\u00e9 cette ann\u00e9e dans le Massachusetts pour avoir tent\u00e9 de poignarder une h\u00f4tesse de l\u2019air au cou avec une cuill\u00e8re en m\u00e9tal cass\u00e9e. En 2024, un homme \u00e0 bord d\u2019un vol entre Seattle et Las Vegas avait attaqu\u00e9 un passager avec plusieurs stylos reli\u00e9s par des \u00e9lastiques.<\/p>\n<p>La compagnie Lufthansa a confirm\u00e9 que son vol du 25\u00a0octobre avait bien \u00e9t\u00e9 d\u00e9rout\u00e9 en raison du \u00ab\u00a0comportement d\u2019un passager en situation irr\u00e9guli\u00e8re, qui a \u00e9t\u00e9 plac\u00e9 en garde \u00e0 vue par les autorit\u00e9s locales \u00e0 son arriv\u00e9e\u00a0\u00bb. La compagnie allemande explique que \u00ab\u00a0tout a \u00e9t\u00e9 mis en \u0153uvre pour que tous les passagers b\u00e9n\u00e9ficient d\u2019un h\u00e9bergement et soient r\u00e9affect\u00e9s aux prochains vols disponibles\u00a0\u00bb. Ils ont en outre, selon la Lufhansa, b\u00e9n\u00e9fici\u00e9 d\u2019un soutien psychologique assur\u00e9 par une \u00e9quipe sp\u00e9cialement form\u00e9e.<\/p>\n<p>Les lyc\u00e9ens de Sainte-Clotilde sont en tout cas rentr\u00e9s \u00e0 domicile ce mardi matin 28\u00a0octobre.<\/p>\n","protected":false},"excerpt":{"rendered":"\u00c0 cinq rang\u00e9es de si\u00e8ges derri\u00e8re eux Ce vol LH 431 effectu\u00e9 par un Boeing 747-8 transportait 363&hellip;\n","protected":false},"author":2,"featured_media":506936,"comment_status":"","ping_status":"","sticky":false,"template":"","format":"standard","meta":{"footnotes":""},"categories":[2820],"tags":[1111,11,2389,271,272,33,1777,674,274,107,1011,27,329,775,12,25,640,602,2803],"class_list":{"0":"post-506935","1":"post","2":"type-post","3":"status-publish","4":"format-standard","5":"has-post-thumbnail","7":"category-strasbourg","8":"tag-actu","9":"tag-actualites","10":"tag-alsace","11":"tag-crime","12":"tag-delit-et-contravention","13":"tag-economie","14":"tag-eu","15":"tag-europe","16":"tag-faits-divers-justice","17":"tag-fil-info","18":"tag-fr","19":"tag-france","20":"tag-france-monde","21":"tag-grand-est","22":"tag-news","23":"tag-republique-francaise","24":"tag-strasbourg","25":"tag-tourisme","26":"tag-transport"},"share_on_mastodon":{"url":"https:\/\/pubeurope.com\/@fr\/115480685689662245","error":""},"_links":{"self":[{"href":"https:\/\/www.europesays.com\/fr\/wp-json\/wp\/v2\/posts\/506935","targetHints":{"allow":["GET"]}}],"collection":[{"href":"https:\/\/www.europesays.com\/fr\/wp-json\/wp\/v2\/posts"}],"about":[{"href":"https:\/\/www.europesays.com\/fr\/wp-json\/wp\/v2\/types\/post"}],"author":[{"embeddable":true,"href":"https:\/\/www.europesays.com\/fr\/wp-json\/wp\/v2\/users\/2"}],"replies":[{"embeddable":true,"href":"https:\/\/www.europesays.com\/fr\/wp-json\/wp\/v2\/comments?post=506935"}],"version-history":[{"count":0,"href":"https:\/\/www.europesays.com\/fr\/wp-json\/wp\/v2\/posts\/506935\/revisions"}],"wp:featuredmedia":[{"embeddable":true,"href":"https:\/\/www.europesays.com\/fr\/wp-json\/wp\/v2\/media\/506936"}],"wp:attachment":[{"href":"https:\/\/www.europesays.com\/fr\/wp-json\/wp\/v2\/media?parent=506935"}],"wp:term":[{"taxonomy":"category","embeddable":true,"href":"https:\/\/www.europesays.com\/fr\/wp-json\/wp\/v2\/categories?post=506935"},{"taxonomy":"post_tag","embeddable":true,"href":"https:\/\/www.europesays.com\/fr\/wp-json\/wp\/v2\/tags?post=506935"}],"curies":[{"name":"wp","href":"https:\/\/api.w.org\/{rel}","templated":true}]}}