{"id":506937,"date":"2025-11-02T14:56:21","date_gmt":"2025-11-02T14:56:21","guid":{"rendered":"https:\/\/www.europesays.com\/fr\/506937\/"},"modified":"2025-11-02T14:56:21","modified_gmt":"2025-11-02T14:56:21","slug":"en-direct-rennes-strasbourg-meite-met-les-bretons-a-labri-les-alsaciens-depasses","status":"publish","type":"post","link":"https:\/\/www.europesays.com\/fr\/506937\/","title":{"rendered":"EN DIRECT &#8211; Rennes-Strasbourg : Me\u00eft\u00e9 met les Bretons \u00e0 l\u2019abri, les Alsaciens d\u00e9pass\u00e9s"},"content":{"rendered":"<p>\n    En manque de points au classement, les Rouge et Noir accueillent les Alsaciens ce dimanche apr\u00e8s-midi (15h) au Roazhon Park lors de la 11e journ\u00e9e de Ligue\u00a01.<\/p>\n<p>        15:47<br \/>\n                                    <img   class=\"fig-img fig-live-post__picto\" alt=\"picto\"\/><\/p>\n<p class=\"fig-live-post__title\" role=\"heading\" aria-level=\"3\">Mi-temps, Rennes plus tranchant et r\u00e9aliste<\/p>\n<p class=\"fig-paragraph\">Au terme d\u2019une premi\u00e8re p\u00e9riode relativement serr\u00e9e, Strasbourg paie cher son manque de justesse dans le dernier geste, l\u00e0 o\u00f9 Rennes a \u00e9t\u00e9 d\u2019un froid r\u00e9alisme. Les Alsaciens ont souvent le ballon et paraissent fragiles face aux contre-attaques bretonnes.<\/p>\n<p>\n        15:47\n            <\/p>\n<p class=\"fig-live-post__title\" role=\"heading\" aria-level=\"3\">Ouattara impr\u00e9cis (45e+1)<\/p>\n<p class=\"fig-paragraph\">Strasbourg finit mieux. Barco fait la diff\u00e9rence \u00e0 gauche avant un centre. Ouattara vise la lucarne de la t\u00eate. Samba accompagne tranquillement le ballon \u00e0 c\u00f4t\u00e9.<\/p>\n<p>        15:46<br \/>\n                                    <img   class=\"fig-img fig-live-post__picto\" alt=\"picto\"\/><\/p>\n<p class=\"fig-live-post__title\" role=\"heading\" aria-level=\"3\">+2 minutes (45e)<\/p>\n<p class=\"fig-paragraph\">Temps additionnel minimum\u00a0: 2 minutes.<\/p>\n<p>\n        15:44\n            <\/p>\n<p class=\"fig-live-post__title\" role=\"heading\" aria-level=\"3\">En vid\u00e9o, le but du break sign\u00e9 Me\u00eft\u00e9 pour Rennes<\/p>\n<p>\n        15:44\n            <\/p>\n<p class=\"fig-live-post__title\" role=\"heading\" aria-level=\"3\">Panichelli encore hors-jeu (43e)<\/p>\n<p class=\"fig-paragraph\">Un long centre de Barco depuis le flanc gauche est repris de la t\u00eate par Panichelli. C\u2019\u00e9tait trop crois\u00e9 et \u00e0 c\u00f4t\u00e9. Le Strasbourgeois \u00e9tait encore hors-jeu de toute mani\u00e8re.<\/p>\n<p>\n        15:43\n            <\/p>\n<p class=\"fig-live-post__title\" role=\"heading\" aria-level=\"3\">Strasbourg reprend ses esprits (42e)<\/p>\n<p class=\"fig-paragraph\">Mis en difficult\u00e9 sur chaque transition offensive rennaise, les Strasbourgeois remettent le pied sur le ballon.<\/p>\n<p>        15:40<br \/>\n                                    <img   class=\"fig-img fig-live-post__picto\" alt=\"picto\"\/><\/p>\n<p class=\"fig-live-post__title\" role=\"heading\" aria-level=\"3\">Deuxi\u00e8me but pour Me\u00eft\u00e9 (39e)<\/p>\n<p class=\"fig-paragraph\">Kader Me\u00eft\u00e9, international espoirs fran\u00e7ais de 18 ans, a inscrit son deuxi\u00e8me but en 10 matches de L1 cette saison.<\/p>\n<p>\n        15:38\n            <\/p>\n<p class=\"fig-live-post__title\" role=\"heading\" aria-level=\"3\">Lepaul tout proche du doubl\u00e9 (38e)<\/p>\n<p class=\"fig-paragraph\">A droite dans la surface, Camara croch\u00e8te devant Chilwell avant d\u2019ajuster un centre au 1er poteau. Lepaul reprend d\u2019une t\u00eate pr\u00e9cise. Penders claque le ballon avec brio par-dessus sa barre.<\/p>\n<p>        15:35<br \/>\n                                    <img   class=\"fig-img fig-live-post__picto\" alt=\"picto\"\/><\/p>\n<p class=\"fig-live-post__title\" role=\"heading\" aria-level=\"3\">But de Me\u00eft\u00e9, Rennes m\u00e8ne 2-0 ! (35e)<\/p>\n<p class=\"fig-paragraph\">Corner gauche breton qui n\u2019aboutit pas. Rennes garde le ballon, Rongier d\u00e9borde \u00e0 droite et centre au 2nd poteau. A\u00eft-Boudlal remise de la t\u00eate. Me\u00eft\u00e9 reprend du gauche au milieu de plusieurs Strasbourgeois.<\/p>\n<p>        15:31<br \/>\n                                    <img   class=\"fig-img fig-live-post__picto\" alt=\"picto\"\/><\/p>\n<p class=\"fig-live-post__title\" role=\"heading\" aria-level=\"3\">Strasbourg a le ballon (31e)<\/p>\n<p class=\"fig-paragraph\">La possession de balle est \u00e0 64% en faveur du RCSA.<\/p>\n<p>\n        15:29\n            <\/p>\n<p class=\"fig-live-post__title\" role=\"heading\" aria-level=\"3\">Ouattara trop juste de la t\u00eate (29e)<\/p>\n<p class=\"fig-paragraph\">Coup franc pour Strasbourg c\u00f4t\u00e9 droit. Barco centre au 2nd poteau. C\u2019est un peu trop long pour Ouattara qui ne peut cadrer sa t\u00eate.<\/p>\n<p>\n        15:27\n            <\/p>\n<p class=\"fig-live-post__title\" role=\"heading\" aria-level=\"3\">Panichelli hors-jeu (26e)<\/p>\n<p class=\"fig-paragraph\">Barco sert l\u2019appel de Panichelli dans l\u2019axe. L\u2019attaquant strasbourgeois bute sur Samba sorti dans ses pieds. Il \u00e9tait de toute fa\u00e7on hors-jeu.<\/p>\n<p>\n        15:25\n            <\/p>\n<p class=\"fig-live-post__title\" role=\"heading\" aria-level=\"3\">Nouvelle situation chaude pour Strasbourg (24e)<\/p>\n<p class=\"fig-paragraph\">Barco d\u00e9cale Moreira dans la surface rennaise \u00e0 gauche. Le Strasbourgeois fixe puis sert Enciso dans l\u2019axe. Son tir est contr\u00e9 par le tacle salvateur de Jacquet.<\/p>\n<p>\n        15:23\n            <\/p>\n<p class=\"fig-live-post__title\" role=\"heading\" aria-level=\"3\">Strasbourg r\u00e9\u00e9quilibre les d\u00e9bats (23e)<\/p>\n<p class=\"fig-paragraph\">Les Alsaciens retrouvent la possession du ballon mais butent sur la solide d\u00e9fense rennaise.<\/p>\n<p>\n        15:20\n            <\/p>\n<p class=\"fig-live-post__title\" role=\"heading\" aria-level=\"3\">Rennes poursuit sa domination (20e)<\/p>\n<p class=\"fig-paragraph\">Frankowski renverse le jeu sur Al-Tamari \u00e0 gauche. Le Rennais est contenu par Ouattara. Son centre hasardeux est d\u00e9gag\u00e9 par Dou\u00e9.<\/p>\n<p>        15:18<br \/>\n                                    <img   class=\"fig-img fig-live-post__picto\" alt=\"picto\"\/><\/p>\n<p class=\"fig-live-post__title\" role=\"heading\" aria-level=\"3\">Deux \u00e9quipes qui ont tendance \u00e0 craquer (18e)<\/p>\n<p class=\"fig-paragraph\">Rennes a perdu 10 points apr\u00e8s avoir men\u00e9 au score en Ligue 1 cette saison, plus haut total devant\u2026 Strasbourg (8, comme Lyon et Metz).<\/p>\n<p>\n        15:17\n            <\/p>\n<p class=\"fig-live-post__title\" role=\"heading\" aria-level=\"3\">Lepaul ne cadre pas (16e)<\/p>\n<p class=\"fig-paragraph\">Rongier est trouv\u00e9 entre les lignes strasbourgeoises aux 16 m\u00e8tres. Il transmet \u00e0 Lepaul, dont la frappe du droit en pivot est d\u00e9viss\u00e9e et s\u2019envole dans les tribunes.<\/p>\n<p>\n        15:16\n            <\/p>\n<p class=\"fig-live-post__title\" role=\"heading\" aria-level=\"3\">Le but de Lepaul en vid\u00e9o<\/p>\n<p>\n        15:14\n            <\/p>\n<p class=\"fig-live-post__title\" role=\"heading\" aria-level=\"3\">Rennes a le vent dans le dos (13e)<\/p>\n<p class=\"fig-paragraph\">Apr\u00e8s un corner court, Ciss\u00e9 r\u00e9ussit un double contact pour effacer Enciso. Son centre est d\u00e9vi\u00e9 en un nouveau corner.<\/p>\n<p>        15:12<br \/>\n                                    <img   class=\"fig-img fig-live-post__picto\" alt=\"picto\"\/><\/p>\n<p class=\"fig-live-post__title\" role=\"heading\" aria-level=\"3\">Lepaul toujours en forme (10e)<\/p>\n<p class=\"fig-paragraph\">6e but en 11 matches de L1 cette saison pour Esteban Lepaul, attaquant de 25 ans.<\/p>\n<p>        15:10<br \/>\n                                    <img   class=\"fig-img fig-live-post__picto\" alt=\"picto\"\/><\/p>\n<p class=\"fig-live-post__title\" role=\"heading\" aria-level=\"3\">But de Lepaul, Rennes m\u00e8ne 1-0 ! (9e)<\/p>\n<p class=\"fig-paragraph\">Ballon r\u00e9cup\u00e9r\u00e9 par les Rennais. Camara alerte Al-Tamari c\u00f4t\u00e9 gauche. Le Jordanien enveloppe son centre. Lepaul se jette pour couper la trajectoire du pied aux six m\u00e8tres et battre Penders.<\/p>\n<p>\n        15:10\n            <\/p>\n<p class=\"fig-live-post__title\" role=\"heading\" aria-level=\"3\">Premi\u00e8re occasion strasbourgeoise (8e)<\/p>\n<p class=\"fig-paragraph\">Moreira r\u00e9ussit une perc\u00e9e \u00e0 gauche. Sa passe dans l\u2019axe est pour Ouattara qui se rate totalement, mais cela profite \u00e0 Amo-Ameyaw qui ouvre un tout petit peu trop son pied gauche. Son tir rase le poteau.<\/p>\n<p>\n        15:06\n            <\/p>\n<p class=\"fig-live-post__title\" role=\"heading\" aria-level=\"3\">Rennes veut aussi s\u2019appliquer (5e)<\/p>\n<p class=\"fig-paragraph\">Rennes cherche \u00e0 relancer court. La passe d\u2019A\u00eft-Boudlal est coup\u00e9e par Chilwell et sort en touche.<\/p>\n<p>\n        15:03\n            <\/p>\n<p class=\"fig-live-post__title\" role=\"heading\" aria-level=\"3\">Strasbourg prend le jeu \u00e0 son compte (3e)<\/p>\n<p class=\"fig-paragraph\">Les premis ballons sont dans les pieds des Alsaciens qui cherchent \u00e0 s\u2019installer dans le camp rennais.<\/p>\n<p>        15:00<br \/>\n                                    <img   class=\"fig-img fig-live-post__picto\" alt=\"picto\"\/><\/p>\n<p class=\"fig-live-post__title\" role=\"heading\" aria-level=\"3\">C\u2019est parti !<\/p>\n<p class=\"fig-paragraph\">Le coup d\u2019envoi est donn\u00e9 par Rennes en rouge et noir. Strasbourg est en blanc.<\/p>\n<p>        14:58<br \/>\n                                    <img   class=\"fig-img fig-live-post__picto\" alt=\"picto\"\/><\/p>\n<p class=\"fig-live-post__title\" role=\"heading\" aria-level=\"3\">Les joueurs entrent sur la pelouse<\/p>\n<p class=\"fig-paragraph\">Contrairement \u00e0 la l\u00e9gende urbaine, il ne pleut pas toujours en Bretagne. Le ciel n\u2019en est pas moins couvert au Roazhon Park, o\u00f9 il fait \u00e0 peine 10 degr\u00e9s.<\/p>\n<p>\n        14:50\n            <\/p>\n<p class=\"fig-live-post__title\" role=\"heading\" aria-level=\"3\">Strasbourg avec Dou\u00e9, Barco et Panichelli<\/p>\n<p class=\"fig-paragraph\">Le Racing devrait \u00eatre fid\u00e8le \u00e0 sa d\u00e9fense \u00e0 trois dans laquelle \u00e9volueront Gu\u00e9la Dou\u00e9 et Ben Chilwell. Enciso et Amo-Ameyaw soutiendront Panichelli devant. Sobol, Godo et Paez sont rempla\u00e7ants. Doukour\u00e9 est <strong>suspendu.<\/strong><\/p>\n<p class=\"fig-paragraph\"><strong>Le onze strasbourgeois\u00a0: <\/strong>Penders &#8211; Chilwell, H\u00f6gsbgerg, G. Dou\u00e9 &#8211; Moreira, Barco, El-Mourabet, A. Ouattara &#8211; Enciso, Panichelli, Amo-Ameyaw<\/p>\n<p>\n        14:42\n            <\/p>\n<p class=\"fig-live-post__title\" role=\"heading\" aria-level=\"3\">Rennes avec Lepaul et Me\u00eft\u00e9, sans Fofana ni Blas<\/p>\n<p class=\"fig-paragraph\">Aucune surprise dans le 5-3-2 rennais. Me\u00eft\u00e9 est encore pr\u00e9f\u00e9r\u00e9 \u00e0 Embolo pour accompagner Lepaul en attaque. Rongier et Camara d\u00e9butent au milieu. Fofana et Blas sont r\u00e9int\u00e9gr\u00e9s au groupe mais sur le banc.<\/p>\n<p class=\"fig-paragraph\"><strong>Le onze rennais\u00a0: <\/strong>Samba &#8211; Al-Tamari, Brassier, Jacquet, A\u00eft-Boudlal, Frankowski &#8211; D. Ciss\u00e9, Rongier, Mah. Camara &#8211; Lepaul, K. Me\u00eft\u00e9<\/p>\n<p>\n        14:35\n            <\/p>\n<p class=\"fig-live-post__title\" role=\"heading\" aria-level=\"3\">Strasbourg en phase de rebond<\/p>\n<p class=\"fig-paragraph\">Apr\u00e8s une p\u00e9riode d\u00e9licate, Strasbourg s\u2019est rassur\u00e9\u00a0<a href=\"http:\/\/www.lefigaro.fr\/sports\/football\/ligue-1\/ligue-1-la-folle-remontee-du-paris-fc-le-psg-tenu-en-echec-l-om-et-l-ol-se-manquent-les-tops-et-flops-20251030\" data-fig-type=\"NewsFlash\" data-gtm-custom-categorie=\"navigation\" data-gtm-custom-action=\"crossclick\" data-gtm-custom-label=\"Contextuel\" data-gtm-event=\"customEventSPE\" data-fig-domain=\"LEFIGARO\" target=\"_blank\" rel=\"noopener\">face \u00e0 Auxerre (3-0)<\/a>\u00a0pour remonter \u00e0 la 4e place de L1, \u00e0 deux points du PSG leader mais aussi \u00e0 deux points de Nice, 8e. Les Alsaciens demeurent sous pression.<\/p>\n<p>\n        14:26\n            <\/p>\n<p class=\"fig-live-post__title\" role=\"heading\" aria-level=\"3\">Beye toujours en sursis \u00e0 Rennes<\/p>\n<p class=\"fig-paragraph\">Le pr\u00e9sident Arnaud Pouille l\u2019a confirm\u00e9 apr\u00e8s le match nul \u00e0 Toulouse (2-2) mercredi\u00a0: Habib Beye\u00a0<a href=\"http:\/\/www.lefigaro.fr\/sports\/football\/ligue-1\/ligue-1-habib-beye-conserve-son-poste-malgre-le-nul-du-stade-rennais-a-toulouse-20251029\" data-fig-type=\"NewsFlash\" data-gtm-custom-categorie=\"navigation\" data-gtm-custom-action=\"crossclick\" data-gtm-custom-label=\"Contextuel\" data-gtm-event=\"customEventSPE\" data-fig-domain=\"LEFIGARO\" target=\"_blank\" rel=\"noopener\">reste l\u2019entra\u00eeneur du Stade Rennais<\/a>. Pour combien de temps\u00a0? Le club breton n\u2019a plus gagn\u00e9 depuis six matches et pointe \u00e0 une d\u00e9cevante 11e place en Ligue 1.<\/p>\n<p>\n        14:25\n            <\/p>\n<p class=\"fig-live-post__title\" role=\"heading\" aria-level=\"3\">Bonjour \u00e0 toutes et \u00e0 tous !<\/p>\n<p class=\"fig-paragraph\">Bienvenue sur Le Figaro pour suivre ce match de la 11e journ\u00e9e de Ligue 1 opposant le Stade Rennais au RC Strasbourg. Coup d\u2019envoi pr\u00e9vu \u00e0 15h00 au Roazhon Park.<\/p>\n<p>                Les publications appara\u00eetront ici<\/p>\n<p>        Fermer<\/p>\n","protected":false},"excerpt":{"rendered":"En manque de points au classement, les Rouge et Noir accueillent les Alsaciens ce dimanche apr\u00e8s-midi (15h) au&hellip;\n","protected":false},"author":2,"featured_media":506938,"comment_status":"","ping_status":"","sticky":false,"template":"","format":"standard","meta":{"footnotes":""},"categories":[2820],"tags":[1111,11,525,1981,814,1777,674,2257,63,1011,27,775,3309,66,1307,955,12,1176,978,93,4448,25,1980,3087,640],"class_list":{"0":"post-506937","1":"post","2":"type-post","3":"status-publish","4":"format-standard","5":"has-post-thumbnail","7":"category-strasbourg","8":"tag-actu","9":"tag-actualites","10":"tag-calendrier","11":"tag-classement","12":"tag-direct","13":"tag-eu","14":"tag-europe","15":"tag-foot","16":"tag-football","17":"tag-fr","18":"tag-france","19":"tag-grand-est","20":"tag-l1","21":"tag-ligue-1","22":"tag-lille","23":"tag-match","24":"tag-news","25":"tag-olympique-de-marseille","26":"tag-olympique-lyonnais","27":"tag-psg","28":"tag-rc-strasbourg","29":"tag-republique-francaise","30":"tag-resultats","31":"tag-stade-rennais","32":"tag-strasbourg"},"share_on_mastodon":{"url":"https:\/\/pubeurope.com\/@fr\/115480689626215129","error":""},"_links":{"self":[{"href":"https:\/\/www.europesays.com\/fr\/wp-json\/wp\/v2\/posts\/506937","targetHints":{"allow":["GET"]}}],"collection":[{"href":"https:\/\/www.europesays.com\/fr\/wp-json\/wp\/v2\/posts"}],"about":[{"href":"https:\/\/www.europesays.com\/fr\/wp-json\/wp\/v2\/types\/post"}],"author":[{"embeddable":true,"href":"https:\/\/www.europesays.com\/fr\/wp-json\/wp\/v2\/users\/2"}],"replies":[{"embeddable":true,"href":"https:\/\/www.europesays.com\/fr\/wp-json\/wp\/v2\/comments?post=506937"}],"version-history":[{"count":0,"href":"https:\/\/www.europesays.com\/fr\/wp-json\/wp\/v2\/posts\/506937\/revisions"}],"wp:featuredmedia":[{"embeddable":true,"href":"https:\/\/www.europesays.com\/fr\/wp-json\/wp\/v2\/media\/506938"}],"wp:attachment":[{"href":"https:\/\/www.europesays.com\/fr\/wp-json\/wp\/v2\/media?parent=506937"}],"wp:term":[{"taxonomy":"category","embeddable":true,"href":"https:\/\/www.europesays.com\/fr\/wp-json\/wp\/v2\/categories?post=506937"},{"taxonomy":"post_tag","embeddable":true,"href":"https:\/\/www.europesays.com\/fr\/wp-json\/wp\/v2\/tags?post=506937"}],"curies":[{"name":"wp","href":"https:\/\/api.w.org\/{rel}","templated":true}]}}