{"id":506975,"date":"2025-11-02T15:19:12","date_gmt":"2025-11-02T15:19:12","guid":{"rendered":"https:\/\/www.europesays.com\/fr\/506975\/"},"modified":"2025-11-02T15:19:12","modified_gmt":"2025-11-02T15:19:12","slug":"six-morts-dans-des-bombardements-russes-kyiv-repond-en-frappant-un-port-de-la-mer-noire-liberation","status":"publish","type":"post","link":"https:\/\/www.europesays.com\/fr\/506975\/","title":{"rendered":"six morts dans des bombardements russes, Kyiv r\u00e9pond en frappant un port de la Mer Noire \u2013 Lib\u00e9ration"},"content":{"rendered":"<p class=\"sc-cPiKLX AiZTS text-element\">En d\u00e9pit des <a href=\"https:\/\/www.liberation.fr\/international\/amerique\/nos-conversations-ne-menent-nulle-part-donald-trump-hausse-le-ton-face-a-poutine-de-nouvelles-sanctions-contre-moscou-20251023_YLJOHYFMLFEFVNVGSVHBIBBQKA\/\" target=\"_blank\" rel=\"noreferrer nofollow noopener\" title=\"https:\/\/www.liberation.fr\/international\/amerique\/nos-conversations-ne-menent-nulle-part-donald-trump-hausse-le-ton-face-a-poutine-de-nouvelles-sanctions-contre-moscou-20251023_YLJOHYFMLFEFVNVGSVHBIBBQKA\/\">appels des Etats-Unis \u00e0 la Russie de mettre fin \u00e0 la guerre<\/a> et des <a href=\"https:\/\/www.liberation.fr\/international\/europe\/lunion-europeenne-adopte-un-nouveau-train-de-sanctions-contre-la-russie-washington-va-renforcer-les-siennes-20251022_TM2S6E2RFRCN5PRSKRVJTOQTHA\/\" target=\"_blank\" rel=\"noreferrer nofollow noopener\" title=\"https:\/\/www.liberation.fr\/international\/europe\/lunion-europeenne-adopte-un-nouveau-train-de-sanctions-contre-la-russie-washington-va-renforcer-les-siennes-20251022_TM2S6E2RFRCN5PRSKRVJTOQTHA\/\">sanctions occidentales<\/a>, Moscou poursuit ses attaques terrestres sur le front et a relanc\u00e9 ces derni\u00e8res semaines une <a href=\"https:\/\/www.liberation.fr\/international\/europe\/drones-entre-lukraine-et-la-russie-une-guerre-vue-du-ciel-20251027_Y5Q2EW7XEZFSXIAZXIEO7HZVFY\/\" target=\"_blank\" rel=\"noreferrer nofollow noopener\" title=\"https:\/\/www.liberation.fr\/international\/europe\/drones-entre-lukraine-et-la-russie-une-guerre-vue-du-ciel-20251027_Y5Q2EW7XEZFSXIAZXIEO7HZVFY\/\">campagne de bombardements cibl\u00e9e<\/a> contre le syst\u00e8me \u00e9nerg\u00e9tique ukrainien. Nouvel exemple dans la nuit de samedi \u00e0 dimanche 2 novembre : la Russie a lanc\u00e9 79 drones et deux missiles balistiques sur l\u2019Ukraine, selon l\u2019arm\u00e9e de l\u2019air ukrainienne, qui a affirm\u00e9 avoir abattu 67 drones. Le pr\u00e9sident Volodymyr Zelensky a pr\u00e9cis\u00e9 que cinq r\u00e9gions (Dnipropetrovsk, Zaporijjia, Kharkiv, Tcherniguiv et Odessa) avaient \u00e9t\u00e9 touch\u00e9es.<\/p>\n<p class=\"sc-cPiKLX AiZTS text-element\">Selon les autorit\u00e9s locales, quatre personnes ont \u00e9t\u00e9 tu\u00e9es, dont deux enfants de 11 et 14 ans, dans la r\u00e9gion de Dnipropetrovsk (centre-est) et deux autres dans celle d\u2019Odessa (sud). Une quinzaine de bless\u00e9s ont \u00e9galement \u00e9t\u00e9 recens\u00e9s. Une attaque russe sur la r\u00e9gion de Zaporijjia (sud) a priv\u00e9 d\u2019\u00e9lectricit\u00e9 quelque 58 000 foyers, a \u00e9galement annonc\u00e9 le gouverneur local.<\/p>\n<p class=\"sc-cPiKLX AiZTS text-element\">Selon Volodymyr Zelensky, pendant la semaine \u00e9coul\u00e9e, l\u2019arm\u00e9e russe a attaqu\u00e9 l\u2019Ukraine avec pr\u00e8s de 1 500 drones, 1 170 bombes a\u00e9riennes et plus de 70 missiles. D\u2019apr\u00e8s lui, <a href=\"https:\/\/www.liberation.fr\/international\/guerre-en-ukraine-selon-des-experts-de-lonu-les-drones-russes-ciblant-des-civils-commettent-un-crime-contre-lhumanite-20251028_3FIKYZMJL5AALEDYR2VWQ3V23M\/\" target=\"_blank\" rel=\"noreferrer nofollow noopener\" title=\"https:\/\/www.liberation.fr\/international\/guerre-en-ukraine-selon-des-experts-de-lonu-les-drones-russes-ciblant-des-civils-commettent-un-crime-contre-lhumanite-20251028_3FIKYZMJL5AALEDYR2VWQ3V23M\/\">Moscou s\u2019en prend \u00abprincipalement\u00bb \u00e0 la population civile<\/a>. La Russie de son c\u00f4t\u00e9 assure ne viser que des cibles militaires.<\/p>\n<p class=\"sc-cPiKLX AiZTS text-element\">Les troupes russes attaquent chaque hiver depuis 2022 <a href=\"https:\/\/www.liberation.fr\/international\/europe\/ukraine-la-centrale-nucleaire-de-zaporijia-de-nouveau-alimentee-en-electricite-20251023_VKH4WEKRINB2TOJJU6YZW3FA2A\/\" target=\"_blank\" rel=\"noreferrer nofollow noopener\" title=\"https:\/\/www.liberation.fr\/international\/europe\/ukraine-la-centrale-nucleaire-de-zaporijia-de-nouveau-alimentee-en-electricite-20251023_VKH4WEKRINB2TOJJU6YZW3FA2A\/\">les infrastructures \u00e9lectriques de l\u2019Ukraine<\/a>, contraignant le pays \u00e0 des restrictions dans l\u2019alimentation en \u00e9lectricit\u00e9 et \u00e0 importer de l\u2019\u00e9nergie. Ces attaques visent \u00e0 \u00e9puiser la population civile, juge Kyiv, ce que d\u00e9ment Moscou.<\/p>\n<p class=\"sc-cPiKLX AiZTS text-element\">En riposte aux bombardements russes, l\u2019Ukraine m\u00e8ne des frappes de drones en Russie, en visant en particulier les infrastructures p\u00e9troli\u00e8res et gazi\u00e8res pour tenter d\u2019affaiblir la rente des hydrocarbures qui finance l\u2019effort de guerre du Kremlin. Une attaque de drone ukrainien t\u00f4t ce dimanche contre le port russe de Touaps\u00e9, sur la mer Noire, a endommag\u00e9 deux navires et les infrastructures d\u2019un terminal p\u00e9trolier, selon les autorit\u00e9s locales. Le minist\u00e8re russe de la D\u00e9fense assure avoir abattu 164 drones ukrainiens pendant la nuit au-dessus de plusieurs r\u00e9gions de Russie.<\/p>\n<p class=\"sc-cPiKLX AiZTS text-element\">Parall\u00e8lement, l\u2019arm\u00e9e russe, plus fournie et mieux \u00e9quip\u00e9e, poursuit depuis des mois ses attaques sur le front et grignote lentement du terrain dans certains secteurs, en d\u00e9pit de lourdes pertes. Dans la r\u00e9gion de Donetsk (est), que le Kremlin chercher \u00e0 conqu\u00e9rir en priorit\u00e9, elle a fortement accru sa pression ces derniers jours sur le bastion de Pokrovsk.<\/p>\n<p class=\"sc-cPiKLX AiZTS text-element\">Des observateurs militaires craignent que l\u2019agglom\u00e9ration de Pokrovsk-Myrnograd, qui comptait 100 000 habitants avant le d\u00e9but de l\u2019invasion de 2022, ne soit prochainement encercl\u00e9e et tombe sous le contr\u00f4le de la Russie. Depuis 2023, Moscou a conquis plusieurs bastions ukrainiens dans la r\u00e9gion (Bakhmout, Avdi\u00efvka, Vougledar) apr\u00e8s de longs mois de combats meurtriers ayant r\u00e9duit ces cit\u00e9s en ruines.<\/p>\n","protected":false},"excerpt":{"rendered":"En d\u00e9pit des appels des Etats-Unis \u00e0 la Russie de mettre fin \u00e0 la guerre et des sanctions&hellip;\n","protected":false},"author":2,"featured_media":506976,"comment_status":"","ping_status":"","sticky":false,"template":"","format":"standard","meta":{"footnotes":""},"categories":[1591],"tags":[11,1887,12,1885,1886,132,220,297],"class_list":{"0":"post-506975","1":"post","2":"type-post","3":"status-publish","4":"format-standard","5":"has-post-thumbnail","7":"category-russie","8":"tag-actualites","9":"tag-federation-de-russie","10":"tag-news","11":"tag-russia","12":"tag-russian-federation","13":"tag-russie","14":"tag-ukraine","15":"tag-ukraine-la-crise"},"share_on_mastodon":{"url":"https:\/\/pubeurope.com\/@fr\/115480780184740295","error":""},"_links":{"self":[{"href":"https:\/\/www.europesays.com\/fr\/wp-json\/wp\/v2\/posts\/506975","targetHints":{"allow":["GET"]}}],"collection":[{"href":"https:\/\/www.europesays.com\/fr\/wp-json\/wp\/v2\/posts"}],"about":[{"href":"https:\/\/www.europesays.com\/fr\/wp-json\/wp\/v2\/types\/post"}],"author":[{"embeddable":true,"href":"https:\/\/www.europesays.com\/fr\/wp-json\/wp\/v2\/users\/2"}],"replies":[{"embeddable":true,"href":"https:\/\/www.europesays.com\/fr\/wp-json\/wp\/v2\/comments?post=506975"}],"version-history":[{"count":0,"href":"https:\/\/www.europesays.com\/fr\/wp-json\/wp\/v2\/posts\/506975\/revisions"}],"wp:featuredmedia":[{"embeddable":true,"href":"https:\/\/www.europesays.com\/fr\/wp-json\/wp\/v2\/media\/506976"}],"wp:attachment":[{"href":"https:\/\/www.europesays.com\/fr\/wp-json\/wp\/v2\/media?parent=506975"}],"wp:term":[{"taxonomy":"category","embeddable":true,"href":"https:\/\/www.europesays.com\/fr\/wp-json\/wp\/v2\/categories?post=506975"},{"taxonomy":"post_tag","embeddable":true,"href":"https:\/\/www.europesays.com\/fr\/wp-json\/wp\/v2\/tags?post=506975"}],"curies":[{"name":"wp","href":"https:\/\/api.w.org\/{rel}","templated":true}]}}