{"id":506979,"date":"2025-11-02T15:21:11","date_gmt":"2025-11-02T15:21:11","guid":{"rendered":"https:\/\/www.europesays.com\/fr\/506979\/"},"modified":"2025-11-02T15:21:11","modified_gmt":"2025-11-02T15:21:11","slug":"comme-si-cetait-halloween-tous-les-jours-barack-obama-denonce-la-folie-de-donald-trump-a-quelques-mois-des-elections-de-mi-mandat","status":"publish","type":"post","link":"https:\/\/www.europesays.com\/fr\/506979\/","title":{"rendered":"\u00ab\u00a0Comme si c\u2019\u00e9tait Halloween tous les jours\u00a0\u00bb\u00a0: Barack Obama d\u00e9nonce la \u00ab\u00a0folie\u00a0\u00bb de Donald Trump \u00e0 quelques mois des \u00e9lections de mi-mandat"},"content":{"rendered":"<p>\n                                                                    l&rsquo;essentiel<br \/>\n                                                                Dans un discours prononc\u00e9 samedi 1er\u00a0novembre en Virginie (\u00c9tats-Unis), Barack Obama d\u00e9nonce la d\u00e9rive autoritaire et \u00e9conomique du gouvernement Trump.\n                            <\/p>\n<p>Jusqu\u2019alors discret sur la politique de <a href=\"https:\/\/www.ladepeche.fr\/actu\/etats-unis\/donald-trump\/\" target=\"_self\" rel=\"nofollow noopener\">Donald Trump<\/a>, Barack Obama, ancien pr\u00e9sident des \u00c9tats-Unis, a pris la parole samedi 1er\u00a0octobre \u00e0 Norfolk (Virginie) pour d\u00e9noncer les effets du retour du milliardaire \u00e0 la t\u00eate du pays.<\/p>\n<p class=\"std-elt__inline\">\n        <strong>\u00c0 lire aussi :<\/strong><br \/>\n        <a href=\"https:\/\/www.ladepeche.fr\/2025\/10\/18\/contre-le-roi-donald-pourquoi-des-millions-damericains-vont-manifester-contre-la-politique-du-president-trump-sous-le-mouvement-no-kings-13000998.php\" rel=\"nofollow noopener\" target=\"_blank\">\u00ab\u00a0Contre le roi Donald\u00a0\u00bb\u00a0: pourquoi des millions d\u2019Am\u00e9ricains vont manifester contre la politique du pr\u00e9sident Trump sous le mouvement \u00ab\u00a0No Kings\u00a0\u00bb\u00a0?<\/a>\n    <\/p>\n<p>En pleine campagne pour l\u2019\u00e9lection des gouverneurs des \u00c9tats de Virginie et du New Jersey, Barack Obama a critiqu\u00e9 les d\u00e9cisions prises par l\u2019actuel locataire de la Maison Blanche, rapportent <a href=\"https:\/\/www.franceinfo.fr\/monde\/usa\/presidentielle\/investiture-d-obama\/barack-obama-en-campagne-pour-les-democrates-critique-les-politiques-chaotiques-de-donald-trump_7590695.html\" target=\"_self\" rel=\"nofollow noopener\">France Info<\/a> et <a href=\"https:\/\/www.bfmtv.com\/international\/amerique-nord\/etats-unis\/donald-trump\/encore-pire-que-ce-que-j-avais-prevu-en-campagne-pour-les-democrates-barack-obama-tacle-donald-trump_AV-202511020163.html\" target=\"_self\" rel=\"nofollow noopener\">BFMTV<\/a>.<\/p>\n<p>\u00ab\u00a0Chaque jour dans cette Maison Blanche nous offre une nouvelle dose d\u2019anarchie, de n\u00e9gligence et de mesquinerie, et tout simplement de folie\u00a0\u00bb, a d\u00e9plor\u00e9 le membre du parti d\u00e9mocrate.<\/p>\n<p>\u00ab\u00a0Halloween tous les jours\u00a0\u00bb<\/p>\n<p>Selon lui, la situation actuelle est \u00ab\u00a0encore pire que ce qu'(il) avait pr\u00e9vu\u00a0\u00bb, d\u00e9non\u00e7ant la <a href=\"https:\/\/www.ladepeche.fr\/2025\/10\/12\/lamerique-se-transforme-en-une-autocratie-aux-etats-unis-les-pratiques-musclees-de-la-police-de-limmigration-font-polemique-12987568.php\" target=\"_self\" rel=\"nofollow noopener\">gestion autoritaire du pr\u00e9sident<\/a>.<\/p>\n<p>Il a notamment d\u00e9nonc\u00e9 le\u00a0<a href=\"https:\/\/www.ladepeche.fr\/2025\/09\/28\/donald-trump-pourquoi-il-envoie-larmee-et-autorise-le-recours-a-la-force-maximale-a-portland-12958408.php\" target=\"_self\" rel=\"nofollow noopener\">d\u00e9ploiement de la garde nationale dans plusieurs villes<\/a>, comme Los Angeles ou Washington, ainsi que les arrestations de civils par l\u2019agence ICE.<\/p>\n<p>\u00ab\u00a0C\u2019est comme si c\u2019\u00e9tait Halloween tous les jours, sauf qu\u2019il n\u2019y a que des sorts et pas de bonbons\u00a0\u00bb, a ironis\u00e9 l\u2019homme politique. Barack Obama a \u00e9galement critiqu\u00e9 la situation \u00e9conomique dans laquelle Donald Trump a plong\u00e9 le pays.<\/p>\n<p>L\u2019ancien pr\u00e9sident met notamment en cause la \u00ab\u00a0politique tarifaire chaotique\u00a0\u00bb du 47e pr\u00e9sident des <a href=\"https:\/\/www.ladepeche.fr\/actu\/etats-unis\/\" target=\"_self\" rel=\"nofollow noopener\">\u00c9tats-Unis<\/a>, en r\u00e9f\u00e9rence directe aux droits de douane impos\u00e9s par le milliardaire sur plusieurs produits import\u00e9s.<\/p>\n<p>En conclusion de son discours, le d\u00e9mocrate a appel\u00e9 les \u00e9lecteurs \u00e0 voter. Les r\u00e9sultats des \u00e9lections de gouverneurs du mardi 4\u00a0novembre feront office de barom\u00e8tre pour les \u00e9lections de mi-mandat de 2026.<\/p>\n","protected":false},"excerpt":{"rendered":"l&rsquo;essentiel Dans un discours prononc\u00e9 samedi 1er\u00a0novembre en Virginie (\u00c9tats-Unis), Barack Obama d\u00e9nonce la d\u00e9rive autoritaire et \u00e9conomique&hellip;\n","protected":false},"author":2,"featured_media":506980,"comment_status":"","ping_status":"","sticky":false,"template":"","format":"standard","meta":{"footnotes":""},"categories":[1589],"tags":[11,73,1866,12,1864,1865,1863,308],"class_list":{"0":"post-506979","1":"post","2":"type-post","3":"status-publish","4":"format-standard","5":"has-post-thumbnail","7":"category-etats-unis","8":"tag-actualites","9":"tag-etats-unis","10":"tag-etats-unis-damerique","11":"tag-news","12":"tag-united-states","13":"tag-united-states-of-america","14":"tag-us","15":"tag-usa"},"share_on_mastodon":{"url":"https:\/\/pubeurope.com\/@fr\/115480787939885533","error":""},"_links":{"self":[{"href":"https:\/\/www.europesays.com\/fr\/wp-json\/wp\/v2\/posts\/506979","targetHints":{"allow":["GET"]}}],"collection":[{"href":"https:\/\/www.europesays.com\/fr\/wp-json\/wp\/v2\/posts"}],"about":[{"href":"https:\/\/www.europesays.com\/fr\/wp-json\/wp\/v2\/types\/post"}],"author":[{"embeddable":true,"href":"https:\/\/www.europesays.com\/fr\/wp-json\/wp\/v2\/users\/2"}],"replies":[{"embeddable":true,"href":"https:\/\/www.europesays.com\/fr\/wp-json\/wp\/v2\/comments?post=506979"}],"version-history":[{"count":0,"href":"https:\/\/www.europesays.com\/fr\/wp-json\/wp\/v2\/posts\/506979\/revisions"}],"wp:featuredmedia":[{"embeddable":true,"href":"https:\/\/www.europesays.com\/fr\/wp-json\/wp\/v2\/media\/506980"}],"wp:attachment":[{"href":"https:\/\/www.europesays.com\/fr\/wp-json\/wp\/v2\/media?parent=506979"}],"wp:term":[{"taxonomy":"category","embeddable":true,"href":"https:\/\/www.europesays.com\/fr\/wp-json\/wp\/v2\/categories?post=506979"},{"taxonomy":"post_tag","embeddable":true,"href":"https:\/\/www.europesays.com\/fr\/wp-json\/wp\/v2\/tags?post=506979"}],"curies":[{"name":"wp","href":"https:\/\/api.w.org\/{rel}","templated":true}]}}