{"id":50698,"date":"2025-04-25T02:46:12","date_gmt":"2025-04-25T02:46:12","guid":{"rendered":"https:\/\/www.europesays.com\/fr\/50698\/"},"modified":"2025-04-25T02:46:12","modified_gmt":"2025-04-25T02:46:12","slug":"la-jeune-margot-simond-perd-la-vie-au-cours-dun-entrainement","status":"publish","type":"post","link":"https:\/\/www.europesays.com\/fr\/50698\/","title":{"rendered":"la jeune Margot Simond perd la vie au cours d\u2019un entra\u00eenement"},"content":{"rendered":"<p>La jeune skieuse de 18 ans a \u00e9t\u00e9 victime d\u2019un tragique accident ce jeudi, lors d\u2019un entra\u00eenement organis\u00e9 dans le cadre de l\u2019\u00e9v\u00e9nement Red Bull Alpine Park.<\/p>\n<p class=\"fig-paragraph\">Tragique nouvelle. Championne de France de slalom junior en mars dernier, aux M\u00e9nuires, la jeune skieuse (18 ans) Margot Simond a perdu la vie ce jeudi, \u00e0 Val d\u2019Is\u00e8re, dans un accident de ski au sommet de Bellevarde, lors d\u2019un entra\u00eenement organis\u00e9 dans le cadre de l\u2019\u00e9v\u00e9nement Red Bull Alpine Park.<\/p>\n<p class=\"fig-paragraph\">\u00abLa F\u00e9d\u00e9ration Fran\u00e7aise de Ski, le Comit\u00e9 de ski de Savoie, le club des sports des Saisies et l\u2019ensemble de la communaut\u00e9 du ski sont profond\u00e9ment touch\u00e9s et attrist\u00e9s par la disparition de Margot. Ils tiennent \u00e0 adresser leurs plus sinc\u00e8res condol\u00e9ances \u00e0 sa famille et \u00e0 ses proches et \u00e0 les assurer de tout leur soutien dans ces moments particuli\u00e8rement \u00e9prouvants\u00bb, peut-on lire dans un communiqu\u00e9 publi\u00e9 apr\u00e8s le \u00abd\u00e9c\u00e8s tragique\u00bb de cette \u00abjeune comp\u00e9titrice en plein devenir\u00bb.<\/p>\n<p>Le Red Bull Alpine Park annul\u00e9<\/p>\n<p class=\"fig-paragraph\">L\u2019accident a eu lieu ce jeudi peu avant 13 heures. La jeune femme a p\u00e9ri malgr\u00e9 l\u2019intervention imm\u00e9diate d\u2019un m\u00e9decin urgentiste. L\u2019\u00e9v\u00e8nement Red Bull Alpine Park est annul\u00e9. Comme le rapporte la presse locale, une enqu\u00eate a \u00e9t\u00e9 ouverte par le Parquet d\u2019Albertville afin de pr\u00e9ciser les circonstances de l\u2019accident.<\/p>\n","protected":false},"excerpt":{"rendered":"La jeune skieuse de 18 ans a \u00e9t\u00e9 victime d\u2019un tragique accident ce jeudi, lors d\u2019un entra\u00eenement organis\u00e9&hellip;\n","protected":false},"author":2,"featured_media":50699,"comment_status":"","ping_status":"","sticky":false,"template":"","format":"standard","meta":{"footnotes":""},"categories":[1412],"tags":[14351,14350,14353,1451,1452,1453,1454,1455,1011,27,14348,14347,14349,14352,4129,14276,14355,14346,60,9589,14354],"class_list":{"0":"post-50698","1":"post","2":"type-post","3":"status-publish","4":"format-standard","5":"has-post-thumbnail","7":"category-f1","8":"tag-combine-nordique","9":"tag-curling","10":"tag-descente","11":"tag-f1","12":"tag-formula-1","13":"tag-formula1","14":"tag-formule-1","15":"tag-formule1","16":"tag-fr","17":"tag-france","18":"tag-freeride","19":"tag-freestyle","20":"tag-patinage","21":"tag-saut-a-ski","22":"tag-ski","23":"tag-ski-alpin","24":"tag-slalom","25":"tag-snowboard","26":"tag-sports","27":"tag-sports-dhiver","28":"tag-super-g"},"share_on_mastodon":{"url":"https:\/\/pubeurope.com\/@fr\/114396317877292078","error":""},"_links":{"self":[{"href":"https:\/\/www.europesays.com\/fr\/wp-json\/wp\/v2\/posts\/50698","targetHints":{"allow":["GET"]}}],"collection":[{"href":"https:\/\/www.europesays.com\/fr\/wp-json\/wp\/v2\/posts"}],"about":[{"href":"https:\/\/www.europesays.com\/fr\/wp-json\/wp\/v2\/types\/post"}],"author":[{"embeddable":true,"href":"https:\/\/www.europesays.com\/fr\/wp-json\/wp\/v2\/users\/2"}],"replies":[{"embeddable":true,"href":"https:\/\/www.europesays.com\/fr\/wp-json\/wp\/v2\/comments?post=50698"}],"version-history":[{"count":0,"href":"https:\/\/www.europesays.com\/fr\/wp-json\/wp\/v2\/posts\/50698\/revisions"}],"wp:featuredmedia":[{"embeddable":true,"href":"https:\/\/www.europesays.com\/fr\/wp-json\/wp\/v2\/media\/50699"}],"wp:attachment":[{"href":"https:\/\/www.europesays.com\/fr\/wp-json\/wp\/v2\/media?parent=50698"}],"wp:term":[{"taxonomy":"category","embeddable":true,"href":"https:\/\/www.europesays.com\/fr\/wp-json\/wp\/v2\/categories?post=50698"},{"taxonomy":"post_tag","embeddable":true,"href":"https:\/\/www.europesays.com\/fr\/wp-json\/wp\/v2\/tags?post=50698"}],"curies":[{"name":"wp","href":"https:\/\/api.w.org\/{rel}","templated":true}]}}