{"id":506981,"date":"2025-11-02T15:22:19","date_gmt":"2025-11-02T15:22:19","guid":{"rendered":"https:\/\/www.europesays.com\/fr\/506981\/"},"modified":"2025-11-02T15:22:19","modified_gmt":"2025-11-02T15:22:19","slug":"dix-blesses-la-piste-terroriste-ecartee-ce-que-lon-sait-de-lattaque-a-larme-blanche-dans-un-train-au-royaume-uni","status":"publish","type":"post","link":"https:\/\/www.europesays.com\/fr\/506981\/","title":{"rendered":"Dix bless\u00e9s, la piste \u00ab\u00a0terroriste\u00a0\u00bb \u00e9cart\u00e9e&#8230;\u00a0Ce que l\u2019on sait de l\u2019attaque \u00e0 l\u2019arme blanche dans un train au Royaume-Uni"},"content":{"rendered":"<p class=\"fs-5 \">L\u2019attaque s\u2019est produite dans un train parti \u00e0 <strong>18h25<\/strong> (locales et GMT) de <strong>Doncaster<\/strong> vers la gare londonienne de <strong>King\u2019s Cross<\/strong>. La police a \u00e9t\u00e9 alert\u00e9e d\u2019un incident \u00e0 bord vers <strong>19H40<\/strong>, et est intervenue en gare de <strong>Huntingdon<\/strong>, situ\u00e9e pr\u00e8s de Cambridge, \u00e0 environ 120 kilom\u00e8tres au nord de la capitale.<\/p>\n<p class=\"fs-5 \">La British Transport Police (BTP) a indiqu\u00e9 que des agents de la police locale sont \u00ab\u00a0<strong>mont\u00e9s \u00e0 bord du train et ont arr\u00eat\u00e9 deux personnes<\/strong>\u00a0\u00bb. Le tout s\u2019est d\u00e9roul\u00e9 dans un d\u00e9lai de <strong>huit minutes<\/strong>.<\/p>\n<p class=\"fs-5 \">Dix personnes ont \u00e9t\u00e9 hospitalis\u00e9es, dont <strong>neuf dans un \u00e9tat tr\u00e8s grave<\/strong>. Dimanche matin, <strong>quatre d\u2019entre elles ont quitt\u00e9 l\u2019h\u00f4pital<\/strong>, et le <strong>pronostic vital de deux autres reste engag\u00e9<\/strong>, a indiqu\u00e9 le superintendant John Loveless, responsable de la BTP.<\/p>\n<p class=\"fs-5 \">Un t\u00e9moin cit\u00e9 par Sky News a indiqu\u00e9 que les policiers ont utilis\u00e9 un <strong>pistolet \u00e0 impulsion \u00e9lectrique<\/strong> sur le quai pour ma\u00eetriser un homme arm\u00e9 d\u2019un grand couteau.<\/p>\n<p>                                                                                Des sc\u00e8nes d\u2019horreur et de panique<\/p>\n<p class=\"fs-5 \">Les t\u00e9moignages des passagers du train d\u00e9crivent la brutalit\u00e9 de l\u2019agression. Un t\u00e9moin cit\u00e9 par plusieurs m\u00e9dias a indiqu\u00e9 avoir vu un homme courir dans le wagon, le bras ensanglant\u00e9, en criant\u00a0: \u00ab\u00a0<strong>Ils ont un couteau\u00a0!<\/strong>\u00a0\u00bb. Un autre a rapport\u00e9 avoir vu \u00ab\u00a0<strong>du sang partout<\/strong>\u00a0\u00bb.<\/p>\n<p class=\"fs-5 \">Olly Foster, cit\u00e9 par la BBC, a racont\u00e9 avoir d\u2019abord cru \u00e0 une plaisanterie li\u00e9e \u00e0 Halloween lorsqu\u2019il a entendu des passagers crier \u00ab\u00a0<strong>Fuyez\u00a0! Il y a un type qui poignarde tout le monde<\/strong>\u00a0\u00bb. Il a d\u00e9crit des si\u00e8ges couverts de sang et un passager tentant de prot\u00e9ger une fillette lors de l\u2019incident qui \u00ab\u00a0<strong>semblait ne jamais devoir se terminer<\/strong>\u00a0\u00bb.<\/p>\n<p class=\"fs-5 \">Le roi Charles III s\u2019est dit dimanche \u00ab\u00a0<strong>absolument horrifi\u00e9 et choqu\u00e9<\/strong>\u00a0\u00bb par cette attaque, tandis que la veille, le Premier ministre Keir Starmer avait qualifi\u00e9 l\u2019incident d\u2019\u00ab\u00a0<strong>extr\u00eamement pr\u00e9occupant<\/strong>\u00a0\u00bb.<\/p>\n<p>                                                                                La piste terroriste \u00e9cart\u00e9e<\/p>\n<p class=\"fs-5 \">Le responsable de la BTP John Loveless a affirm\u00e9 dimanche que la police <strong>\u00e9cartait toute motivation \u00ab\u00a0terroriste\u00a0\u00bb \u00e0 ce stade<\/strong>.<\/p>\n<p class=\"fs-5 \">Il a donn\u00e9 quelques \u00e9l\u00e9ments d\u2019information sur les deux hommes arr\u00eat\u00e9s pour \u00ab\u00a0<strong>suspicion de tentative de meurtre<\/strong>\u00a0\u00bb et toujours en d\u00e9tention\u00a0: il s\u2019agit d\u2019\u00ab\u00a0<strong>un homme noir de 32 ans, de nationalit\u00e9 britannique, et d\u2019un homme de 35 ans, de nationalit\u00e9 britannique et d\u2019origine carib\u00e9enne<\/strong>\u00a0\u00bb. Il a pr\u00e9cis\u00e9\u00a0: \u00ab\u00a0<strong>Tous deux sont n\u00e9s au Royaume-Uni<\/strong>\u00a0\u00bb.<\/p>\n<p class=\"fs-5 \">Toutefois, les services antiterroristes ont \u00e9t\u00e9 saisis pour collaborer \u00e0 l\u2019enqu\u00eate. La veille, le commissaire Chris Casey avait appel\u00e9 la population \u00e0 ne pas \u00ab\u00a0<strong>sp\u00e9culer sur les causes de l\u2019incident<\/strong>\u00a0\u00bb. Dimanche, le train dans lequel l\u2019attaque s\u2019est produite se trouvait toujours immobilis\u00e9 dans la gare, avec des agents de la police scientifique travaillant sur place.<\/p>\n<p>                                                                                Un contexte de hausse des violences par arme blanche<\/p>\n<p class=\"fs-5 \">Ce drame intervient dans un contexte national pr\u00e9occupant. Dans un pays o\u00f9 la l\u00e9gislation sur les armes \u00e0 feu est tr\u00e8s stricte, les <strong>violences \u00e0 l\u2019arme blanche ont fortement augment\u00e9<\/strong> ces quinze derni\u00e8res ann\u00e9es en Angleterre et au Pays de Galles, selon des chiffres officiels. Le Premier ministre a qualifi\u00e9 par le pass\u00e9 la situation de \u00ab\u00a0<strong>crise nationale<\/strong>\u00a0\u00bb.<\/p>\n<p class=\"fs-5 \">Le gouvernement Starmer a pris plusieurs mesures pour <strong>durcir l\u2019acc\u00e8s aux armes blanches<\/strong> depuis son arriv\u00e9e au pouvoir en juillet 2024.<\/p>\n","protected":false},"excerpt":{"rendered":"L\u2019attaque s\u2019est produite dans un train parti \u00e0 18h25 (locales et GMT) de Doncaster vers la gare londonienne&hellip;\n","protected":false},"author":2,"featured_media":506982,"comment_status":"","ping_status":"","sticky":false,"template":"","format":"standard","meta":{"footnotes":""},"categories":[1588],"tags":[11,1777,674,12,473,1853,1851,1850,1852],"class_list":{"0":"post-506981","1":"post","2":"type-post","3":"status-publish","4":"format-standard","5":"has-post-thumbnail","7":"category-royaume-uni","8":"tag-actualites","9":"tag-eu","10":"tag-europe","11":"tag-news","12":"tag-royaume-uni","13":"tag-royaume-uni-de-grande-bretagne-et-dirlande-du-nord","14":"tag-uk","15":"tag-united-kingdom","16":"tag-united-kingdom-of-great-britain-and-northern-ireland"},"share_on_mastodon":{"url":"https:\/\/pubeurope.com\/@fr\/115480792008026610","error":""},"_links":{"self":[{"href":"https:\/\/www.europesays.com\/fr\/wp-json\/wp\/v2\/posts\/506981","targetHints":{"allow":["GET"]}}],"collection":[{"href":"https:\/\/www.europesays.com\/fr\/wp-json\/wp\/v2\/posts"}],"about":[{"href":"https:\/\/www.europesays.com\/fr\/wp-json\/wp\/v2\/types\/post"}],"author":[{"embeddable":true,"href":"https:\/\/www.europesays.com\/fr\/wp-json\/wp\/v2\/users\/2"}],"replies":[{"embeddable":true,"href":"https:\/\/www.europesays.com\/fr\/wp-json\/wp\/v2\/comments?post=506981"}],"version-history":[{"count":0,"href":"https:\/\/www.europesays.com\/fr\/wp-json\/wp\/v2\/posts\/506981\/revisions"}],"wp:featuredmedia":[{"embeddable":true,"href":"https:\/\/www.europesays.com\/fr\/wp-json\/wp\/v2\/media\/506982"}],"wp:attachment":[{"href":"https:\/\/www.europesays.com\/fr\/wp-json\/wp\/v2\/media?parent=506981"}],"wp:term":[{"taxonomy":"category","embeddable":true,"href":"https:\/\/www.europesays.com\/fr\/wp-json\/wp\/v2\/categories?post=506981"},{"taxonomy":"post_tag","embeddable":true,"href":"https:\/\/www.europesays.com\/fr\/wp-json\/wp\/v2\/tags?post=506981"}],"curies":[{"name":"wp","href":"https:\/\/api.w.org\/{rel}","templated":true}]}}