{"id":506983,"date":"2025-11-02T15:23:10","date_gmt":"2025-11-02T15:23:10","guid":{"rendered":"https:\/\/www.europesays.com\/fr\/506983\/"},"modified":"2025-11-02T15:23:10","modified_gmt":"2025-11-02T15:23:10","slug":"un-syrien-de-22-ans-soupconne-de-preparer-un-attentat-islamiste-arrete-en-allemagne","status":"publish","type":"post","link":"https:\/\/www.europesays.com\/fr\/506983\/","title":{"rendered":"Un Syrien de 22 ans soup\u00e7onn\u00e9 de pr\u00e9parer un attentat islamiste arr\u00eat\u00e9 en Allemagne"},"content":{"rendered":"<p>Le jeune homme a \u00e9t\u00e9 arr\u00eat\u00e9 \u00e0 Berlin ce samedi 1er novembre. Poursuivi pour pr\u00e9paration d&rsquo;un acte grave mettant l&rsquo;\u00c9tat en danger, il devait \u00eatre pr\u00e9sent\u00e9 ce dimanche apr\u00e8s-midi \u00e0 un juge d&rsquo;instruction<\/p>\n<p>Les autorit\u00e9s allemandes ont annonc\u00e9 ce dimanche 2 novembre l&rsquo;arrestation \u00e0 Berlin d&rsquo;un Syrien de 22 ans soup\u00e7onn\u00e9 de pr\u00e9parer un attentat islamiste, dans un contexte de <a href=\"https:\/\/www.bfmtv.com\/international\/europe\/allemagne\/13-coups-de-couteau-fraichement-elue-ce-que-l-on-sait-de-l-agression-d-une-maire-en-allemagne_AD-202510070853.html\" title=\"13 coups de couteau, fra\u00eechement \u00e9lue... Ce que l&#039;on sait de l&#039;agression d&#039;une maire en Allemagne\" class=\"internal_link\" target=\"_blank\" rel=\"noopener\">mont\u00e9e des violences en Allemagne<\/a>.<\/p>\n<p>Le suspect, arr\u00eat\u00e9 samedi dans le quartier de Neuk\u00f6lln, est soup\u00e7onn\u00e9 d&rsquo;avoir pr\u00e9par\u00e9 un \u00ab\u00a0attentat motiv\u00e9 par le djihad \u00ab\u00a0, a indiqu\u00e9 un porte-parole du Parquet g\u00e9n\u00e9ral de Berlin \u00e0 l&rsquo;AFP. Les autorit\u00e9s n&rsquo;ont pas donn\u00e9 d&rsquo;autres d\u00e9tails.<\/p>\n<p>D\u00e9tenu dans un centre de r\u00e9tention, le jeune homme doit \u00eatre pr\u00e9sent\u00e9 \u00e0 un juge d&rsquo;instruction dimanche apr\u00e8s-midi.<\/p>\n<p>Il est poursuivi pour pr\u00e9paration d&rsquo;un acte grave mettant l&rsquo;Etat en danger, a ajout\u00e9 cette source judiciaire.<\/p>\n<p>Plusieurs attaques au couteau ces derniers mois<\/p>\n<p>Selon <a href=\"https:\/\/www.bild.de\/regional\/berlin\/sek-einsatz-syrer-soll-terror-anschlag-in-berlin-geplant-haben-690751477a4efb1472f4f587\" target=\"_blank\" class=\"external_link\" rel=\"noopener\">le journal populaire Bild<\/a>, des mat\u00e9riaux pouvant servir \u00e0 fabriquer des explosifs ont \u00e9t\u00e9 saisis lors de perquisitions dans trois domiciles berlinois du suspect, men\u00e9es par des forces sp\u00e9ciales.<\/p>\n<p>L&rsquo;attaque aurait vis\u00e9 la capitale, sans que d&rsquo;autres d\u00e9tails ne soient r\u00e9v\u00e9l\u00e9s, selon le journal.<\/p>\n<p>L&rsquo;Allemagne a connu ces derniers mois plusieurs attaques meurtri\u00e8res \u00e0 l&rsquo;arme blanche, ainsi que des attentats \u00e0 motif jihadiste et des violences d&rsquo;extr\u00eame droite qui ont mis au premier plan les questions de s\u00e9curit\u00e9.<\/p>\n<p>Berlin, grande m\u00e9tropole europ\u00e9enne, reste sous haute surveillance, notamment depuis <a href=\"https:\/\/www.bfmtv.com\/international\/europe\/allemagne\/berlin-ce-que-l-on-sait-de-l-auteur-presume-de-l-attentat_AV-201612200035.html\" title=\"Berlin: ce que l&#039;on sait de l&#039;auteur pr\u00e9sum\u00e9 de l&#039;attentat\" class=\"internal_link\" target=\"_blank\" rel=\"noopener\">l&rsquo;attaque jihadiste la plus meurtri\u00e8re sur un march\u00e9 de No\u00ebl<\/a>, lorsqu&rsquo;un camion b\u00e9lier avait fait 12 morts en d\u00e9cembre 2016.<\/p>\n","protected":false},"excerpt":{"rendered":"Le jeune homme a \u00e9t\u00e9 arr\u00eat\u00e9 \u00e0 Berlin ce samedi 1er novembre. Poursuivi pour pr\u00e9paration d&rsquo;un acte grave&hellip;\n","protected":false},"author":2,"featured_media":506984,"comment_status":"","ping_status":"","sticky":false,"template":"","format":"standard","meta":{"footnotes":""},"categories":[1587],"tags":[11,672,1804,1805,1803,1777,674,1801,12,1802],"class_list":{"0":"post-506983","1":"post","2":"type-post","3":"status-publish","4":"format-standard","5":"has-post-thumbnail","7":"category-allemagne","8":"tag-actualites","9":"tag-allemagne","10":"tag-bundesrepublik-deutschland","11":"tag-de","12":"tag-deutschland","13":"tag-eu","14":"tag-europe","15":"tag-germany","16":"tag-news","17":"tag-republique-federale-dallemagne"},"share_on_mastodon":{"url":"https:\/\/pubeurope.com\/@fr\/115480796203029473","error":""},"_links":{"self":[{"href":"https:\/\/www.europesays.com\/fr\/wp-json\/wp\/v2\/posts\/506983","targetHints":{"allow":["GET"]}}],"collection":[{"href":"https:\/\/www.europesays.com\/fr\/wp-json\/wp\/v2\/posts"}],"about":[{"href":"https:\/\/www.europesays.com\/fr\/wp-json\/wp\/v2\/types\/post"}],"author":[{"embeddable":true,"href":"https:\/\/www.europesays.com\/fr\/wp-json\/wp\/v2\/users\/2"}],"replies":[{"embeddable":true,"href":"https:\/\/www.europesays.com\/fr\/wp-json\/wp\/v2\/comments?post=506983"}],"version-history":[{"count":0,"href":"https:\/\/www.europesays.com\/fr\/wp-json\/wp\/v2\/posts\/506983\/revisions"}],"wp:featuredmedia":[{"embeddable":true,"href":"https:\/\/www.europesays.com\/fr\/wp-json\/wp\/v2\/media\/506984"}],"wp:attachment":[{"href":"https:\/\/www.europesays.com\/fr\/wp-json\/wp\/v2\/media?parent=506983"}],"wp:term":[{"taxonomy":"category","embeddable":true,"href":"https:\/\/www.europesays.com\/fr\/wp-json\/wp\/v2\/categories?post=506983"},{"taxonomy":"post_tag","embeddable":true,"href":"https:\/\/www.europesays.com\/fr\/wp-json\/wp\/v2\/tags?post=506983"}],"curies":[{"name":"wp","href":"https:\/\/api.w.org\/{rel}","templated":true}]}}