{"id":506989,"date":"2025-11-02T15:26:13","date_gmt":"2025-11-02T15:26:13","guid":{"rendered":"https:\/\/www.europesays.com\/fr\/506989\/"},"modified":"2025-11-02T15:26:13","modified_gmt":"2025-11-02T15:26:13","slug":"en-direct-guerre-en-ukraine-6-morts-dont-2-enfants-dans-une-attaque-russe-cette-nuit","status":"publish","type":"post","link":"https:\/\/www.europesays.com\/fr\/506989\/","title":{"rendered":"EN DIRECT &#8211; Guerre en Ukraine : 6 morts, dont 2 enfants, dans une attaque russe cette nuit"},"content":{"rendered":"<ul class=\"jsx-862013697 ArticleChapo__List\">\n<li class=\"jsx-862013697 ArticleChapo__List_Item flex\">Dans la nuit de samedi \u00e0 dimanche, en Ukraine, 6 personnes ont \u00e9t\u00e9 tu\u00e9es dans des tirs de missiles et de drones russes.<\/li>\n<li class=\"jsx-862013697 ArticleChapo__List_Item flex\">\u00ab\u00a0Les forces russes ont attaqu\u00e9 les r\u00e9gions de Dnipropetrovsk et Odessa\u00a0\u00bb, selon les services du procureur g\u00e9n\u00e9ral ukrainien sur Telegram.<\/li>\n<li class=\"jsx-862013697 ArticleChapo__List_Item flex\">Suivez les derni\u00e8res informations.<\/li>\n<\/ul>\n<p><a href=\"https:\/\/www.tf1info.fr\/actualite\/guerre-ukraine-russie-une-rencontre-donald-trump-vladimir-poutine-historique-le-vendredi-15-aout-2025-en-alaska-sans-volodymyr-zelensky-14326\/\" rel=\"noopener\" class=\"jsx-484472199 Link jsx-1428418400 jsx-554215408\" target=\"_blank\"><\/p>\n<p style=\"font-weight:400\" class=\"jsx-1837267516\">Suivez la couverture compl\u00e8te<\/p>\n<p style=\"font-weight:800\" class=\"jsx-1837267516\">Ukraine-Russie : l&rsquo;espoir de n\u00e9gociations au point mort<\/p>\n<p><\/a>Minute par minuteSOUS-MARINS RUSSES : L&rsquo;ATLANTIQUE, ZONE INTERDITE ?15:04<\/p>\n<p>Pour lutter contre la suractivit\u00e9 et la pr\u00e9sence de sous-marins russes dans l&rsquo;Atlantique Nord, la Royal Navy lance le projet \u00ab\u00a0Cabot\u00a0\u00bb. Celui-ci repose sur le d\u00e9ploiement de syst\u00e8mes de surveillance sans \u00e9quipages. Nos explications sur LCI.\u2193<\/p>\n<p>PRISONNIER NORD-COR\u00c9EN EN UKRAINE 13:51<\/p>\n<p>Les deux soldats nord-cor\u00e9ens faits prisonniers en Ukraine ont exprim\u00e9 leur souhait de faire d\u00e9fection en Cor\u00e9e du Sud, a affirm\u00e9 dimanche \u00e0 l&rsquo;AFP une organisation travaillant avec des transfuges du Nord.\u00a0<\/p>\n<p>Les renseignements sud-cor\u00e9ens et de plusieurs pays occidentaux estiment \u00e0 plus de 10.000 le nombre de militaires nord-cor\u00e9ens envoy\u00e9s en Russie en 2024, dans la r\u00e9gion de Koursk principalement, pour soutenir l&rsquo;effort de guerre de Moscou contre l&rsquo;Ukraine.<\/p>\n<p>En janvier, S\u00e9oul avait rapport\u00e9 la capture de deux d&rsquo;entre eux. L&rsquo;un avait dit vouloir \u00ab\u00a0une vie normale\u00a0\u00bb au Sud, selon un d\u00e9put\u00e9 sud-cor\u00e9en qui leur a rendu visite en f\u00e9vrier. Une demande qu&rsquo;il a renouvel\u00e9e lors d&rsquo;un entretien pour un documentaire, cette fois suivi par son compatriote.\u00a0<\/p>\n<p>INTENSIFICATION DES TIRS RUSSES13:50<\/p>\n<p>La Russie a tir\u00e9 plus de missiles sur l&rsquo;Ukraine en octobre que durant n&rsquo;importe quel autre mois depuis au moins d\u00e9but 2023, selon une analyse de donn\u00e9es ukrainiennes r\u00e9alis\u00e9e par l&rsquo;AFP. Au total, les forces russes ont lanc\u00e9 270 missiles sur le pays en octobre, soit une hausse de 46% par rapport \u00e0 septembre, d&rsquo;apr\u00e8s une compilation des chiffres fournis chaque jour par l&rsquo;arm\u00e9e de l&rsquo;air ukrainienne.<\/p>\n<p>Il s&rsquo;agit du nombre de missiles lanc\u00e9s en un mois sur l&rsquo;Ukraine, lors de bombardements nocturnes, le plus \u00e9lev\u00e9 depuis que l&rsquo;arm\u00e9e de l&rsquo;air ukrainienne a commenc\u00e9, d\u00e9but 2023, \u00e0 publier ces comptes-rendus quotidiens.<\/p>\n<p>MOSCOU VOLE AU SECOURS DE CARACAS13:49<\/p>\n<p>International<img decoding=\"async\" src=\"https:\/\/www.europesays.com\/fr\/wp-content\/uploads\/2025\/11\/un-iliouchine-il-76-russe-6c5f43-3@1x.jpeg\" alt=\"Un Iliouchine Il-76 de l'arm\u00e9e de l'air russe en 2012.\" loading=\"lazy\" importance=\"low\" fetchpriority=\"low\" class=\"\" aria-hidden=\"true\"\/>Publi\u00e9 aujourd&rsquo;hui \u00e0 11h52 LES ENFANTS \u00c9TAIENT DE 11 ET 14 ANS13:48<\/p>\n<p>Parmi les six personnes tu\u00e9es la nuit derni\u00e8re dans des tirs de missiles et de drones russes, on compte deux enfants. Il s&rsquo;agit de deux gar\u00e7ons \u00e2g\u00e9s de 11 et 14 ans, a pr\u00e9cis\u00e9 le m\u00e9diateur ukrainien pour les droits humains Dmytro Loubinets.<\/p>\n<p>SIX MORTS DONT DEUX ENFANTS EN UKRAINE09:30<\/p>\n<p>Six personnes ont \u00e9t\u00e9 tu\u00e9es la nuit derni\u00e8re en Ukraine, dont deux enfants, apr\u00e8s des tirs de missiles et de drones russes, a appris l&rsquo;AFP de source judiciaire. \u00ab\u00a0Les forces russes ont attaqu\u00e9 les r\u00e9gions de Dnipropetrovsk et Odessa. Six personnes sont mortes, dont deux enfants\u00a0\u00bb, ont annonc\u00e9 les services du procureur g\u00e9n\u00e9ral ukrainien sur Telegram.<\/p>\n<p>Une attaque russe sur la r\u00e9gion de Zaporijia a par ailleurs a priv\u00e9 d&rsquo;\u00e9lectricit\u00e9 quelque 58.000 foyers.<\/p>\n<p>D\u00c9CRYPTAGE09:26<\/p>\n<p>Face aux combats acharn\u00e9s qui ont lieu \u00e0 Pokrovsk , LCI a interrog\u00e9 le g\u00e9n\u00e9ral Fran\u00e7ois Chauvancy.\u00a0<\/p>\n<p>International<\/p>\n<p>VU SUR LCI<\/p>\n<p><img decoding=\"async\" src=\"https:\/\/www.europesays.com\/fr\/wp-content\/uploads\/2025\/11\/village-region-de-pokrovsk-8-10-24-a0885c-0@1x.jpeg\" alt=\"&quot;On pr\u00e9pare \u00e0 accepter la chute&quot; : sur LCI, un expert militaire fait le point sur la situation \u00e0 Pokrovsk\" loading=\"lazy\" importance=\"low\" fetchpriority=\"low\" class=\"\" aria-hidden=\"true\"\/>PRISONNIERS NORD-COR\u00c9EN08:00<\/p>\n<p>Les deux soldats nord-cor\u00e9ens faits prisonniers en Ukraine ont exprim\u00e9 leur souhait de faire d\u00e9fection en Cor\u00e9e du Sud, affirme aujourd&rsquo;hui \u00e0 l&rsquo;AFP une organisation travaillant avec des transfuges du Nord.<\/p>\n<p>Les renseignements sud-cor\u00e9ens et de plusieurs pays occidentaux estiment \u00e0 plus de 10.000 le nombre de militaires nord-cor\u00e9ens envoy\u00e9s en Russie en 2024, dans la r\u00e9gion de Koursk principalement, pour soutenir l&rsquo;effort de guerre de Moscou contre l&rsquo;Ukraine.<\/p>\n<p>En janvier, S\u00e9oul avait rapport\u00e9 la capture de deux d&rsquo;entre eux. L&rsquo;un avait dit vouloir \u00ab\u00a0une vie normale\u00a0\u00bb au Sud, selon un d\u00e9put\u00e9 sud-cor\u00e9en qui leur a rendu visite en f\u00e9vrier. Une demande qu&rsquo;il a renouvel\u00e9e lors d&rsquo;un entretien pour un documentaire, cette fois suivi par son compatriote.\u00a0<\/p>\n<p>RUSSES INFILTR\u00c9S \u00c0  POKROVSK07:08<\/p>\n<p>L&rsquo;arm\u00e9e ukrainienne a affirm\u00e9 hier soir qu&rsquo;une op\u00e9ration \u00ab\u00a0complexe\u00a0\u00bb impliquant des forces sp\u00e9ciales \u00e9tait en cours pour chasser les soldats russes infiltr\u00e9s dans la ville de Pokrovsk, un bastion de la r\u00e9gion orientale de Donetsk subissant une pression croissante.<\/p>\n<p>En d\u00e9but de semaine, Kiev avait reconnu qu&rsquo;au moins 200 soldats russes s&rsquo;\u00e9taient infiltr\u00e9s dans la cit\u00e9 et des observateurs militaires craignent qu&rsquo;elle ne tombe sous le contr\u00f4le de la Russie, apr\u00e8s avoir \u00e9t\u00e9 au c\u0153ur des combats pendant des mois.<\/p>\n<p>BONJOUR06:58<\/p>\n<p>Bienvenue dans ce direct consacr\u00e9 \u00e0 la guerre en Ukraine et \u00e0 ses cons\u00e9quences. Retrouvez ici les moments marquants et les images fortes sur ce conflit.\u00a0<\/p>\n<p data-module=\"article-paragraph\" class=\"jsx-3046738180 Paragraph\">L&rsquo;arm\u00e9e ukrainienne a affirm\u00e9 samedi qu&rsquo;<a href=\"https:\/\/www.tf1info.fr\/international\/direct-guerre-ukraine-russie-vaste-attaque-aerienne-russe-contre-des-sites-energetiques-quatre-morts-suivez-les-dernieres-informations-vendredi-31-octobre-2025-2403806.html\" target=\"_blank\" rel=\"noopener\">une op\u00e9ration \u00ab\u00a0complexe\u00a0\u00bb impliquant des forces sp\u00e9ciales<\/a> \u00e9tait en cours pour chasser les soldats russes infiltr\u00e9s dans la ville de Pokrovsk, un bastion de la r\u00e9gion orientale de Donetsk subissant une pression croissante.<\/p>\n<p data-module=\"article-paragraph\" class=\"jsx-3046738180 Paragraph\">En d\u00e9but de semaine, Kiev a reconnu qu&rsquo;au moins 200 soldats russes s&rsquo;\u00e9taient infiltr\u00e9s dans la cit\u00e9 et des observateurs militaires craignent qu&rsquo;elle ne tombe sous le contr\u00f4le de la Russie, apr\u00e8s avoir \u00e9t\u00e9 au c\u0153ur des combats pendant des mois.<\/p>\n<p data-module=\"article-paragraph\" class=\"jsx-3046738180 Paragraph Paragraph__End\">\u00ab\u00a0Une op\u00e9ration complexe se poursuit pour d\u00e9truire et chasser les forces ennemies de Pokrovsk\u00a0\u00bb, a affirm\u00e9 samedi le commandant en chef des forces arm\u00e9es ukrainiennes, Oleksandre Syrsky. \u00ab\u00a0Sur mon ordre, des groupes combin\u00e9s de forces d&rsquo;op\u00e9rations sp\u00e9ciales op\u00e8rent dans la ville\u00a0\u00bb, notamment des unit\u00e9s du service de s\u00e9curit\u00e9 (SBU) et du renseignement militaire (GUR), a-t-il ajout\u00e9.<\/p>\n<p data-module=\"article-paragraph\" class=\"jsx-3046738180 Paragraph\">Selon lui, il s&rsquo;agit actuellement de la zone \u00ab\u00a0la plus difficile\u00a0\u00bb du front et un groupement russe \u00ab\u00a0de plusieurs milliers\u00a0\u00bb de soldats tente d&rsquo;infiltrer l&rsquo;agglom\u00e9ration de Pokrovsk-Myrnograd et d&rsquo;y couper les \u00ab\u00a0routes d&rsquo;approvisionnement\u00a0\u00bb ukrainiennes. \u00ab\u00a0Cependant, il n&rsquo;y a ni encerclement ni blocus de ces villes, nous mettons tout en \u0153uvre pour assurer la logistique\u00a0\u00bb, a assur\u00e9 M. Syrsky, pr\u00e9cisant que des renforts en unit\u00e9s et \u00e9quipements, dont des drones, allaient \u00eatre envoy\u00e9s dans la zone.<\/p>\n<p data-module=\"article-paragraph\" class=\"jsx-3046738180 Paragraph Paragraph__End\">Samedi matin, le minist\u00e8re russe de la D\u00e9fense a revendiqu\u00e9 avoir \u00ab\u00a0d\u00e9truit\u00a0\u00bb un groupe de 11 membres des forces sp\u00e9ciales du renseignement militaire ukrainien (GUR) d\u00e9ploy\u00e9s par h\u00e9licopt\u00e8re \u00e0 \u00ab\u00a0environ un kilom\u00e8tre\u00a0\u00bb au nord-ouest de Pokrovsk. Des sources militaires ukrainiennes anonymes, cit\u00e9es par plusieurs m\u00e9dias locaux, ont ensuite d\u00e9menti cette affirmation de Moscou.<\/p>\n<p><a href=\"https:\/\/www.tf1info.fr\/international\/guerre-ukraine-russie-on-prepare-a-accepter-la-chute-sur-lci-un-expert-militaire-fait-le-point-sur-la-situation-a-pokrovsk-2404098.html\" rel=\"noopener\" class=\"jsx-3308031228 Link flex\" target=\"_blank\"><img decoding=\"async\" src=\"https:\/\/www.europesays.com\/fr\/wp-content\/uploads\/2025\/11\/village-region-de-pokrovsk-8-10-24-a89782-0@1x.jpeg\" alt=\"AFP\" loading=\"lazy\" importance=\"low\" fetchpriority=\"low\" class=\"\" aria-hidden=\"true\"\/><\/p>\n<p class=\"jsx-3657663356 ReadMoreArticle__Title\">Lire aussi<\/p>\n<p class=\"jsx-3657663356\">\u00ab\u00a0On pr\u00e9pare \u00e0 accepter la chute\u00a0\u00bb : sur LCI, un expert militaire fait le point sur la situation \u00e0 Pokrovsk<\/p>\n<p><\/a><\/p>\n<p data-module=\"article-paragraph\" class=\"jsx-3046738180 Paragraph\">Des vid\u00e9os publi\u00e9es sur les r\u00e9seaux sociaux ont montr\u00e9 des vols d&rsquo;h\u00e9licopt\u00e8res au-dessus de Pokrovsk. Une autre suppos\u00e9e prise depuis un drone russe a montr\u00e9 des militaires courant dans un champ depuis un h\u00e9licopt\u00e8re qui s&rsquo;y \u00e9tait pos\u00e9. Comptant quelque 60.000 habitants avant le d\u00e9but de l&rsquo;invasion de l&rsquo;Ukraine par la Russie, Pokrovsk est aujourd&rsquo;hui une ville d\u00e9serte et largement d\u00e9truite dans les combats.<\/p>\n<p data-module=\"article-paragraph\" class=\"jsx-3046738180 Paragraph Paragraph__End\">Alors que les n\u00e9gociations de paix entre Kiev et Moscou sont au point mort, l&rsquo;arm\u00e9e russe, plus nombreuse, poursuit sans rel\u00e2che ses attaques sur le front et y gagne lentement du terrain, en d\u00e9pit de lourdes pertes. Ces derniers mois, elle utilise une tactique consistant \u00e0 infiltrer de petits groupes de soldats derri\u00e8re les d\u00e9fenses ukrainiennes en \u00e9vitant de former de grands groupes d&rsquo;assaut, particuli\u00e8rement expos\u00e9s aux frappes de drones.<\/p>\n<p>La r\u00e9daction de TF1info<\/p>\n","protected":false},"excerpt":{"rendered":"Dans la nuit de samedi \u00e0 dimanche, en Ukraine, 6 personnes ont \u00e9t\u00e9 tu\u00e9es dans des tirs de&hellip;\n","protected":false},"author":2,"featured_media":506990,"comment_status":"","ping_status":"","sticky":false,"template":"","format":"standard","meta":{"footnotes":""},"categories":[2],"tags":[1111,11,1921,1011,27,28083,1922,1916,12,25,132,220,1917,59253,133,1920,134],"class_list":{"0":"post-506989","1":"post","2":"type-post","3":"status-publish","4":"format-standard","5":"has-post-thumbnail","7":"category-actualites","8":"tag-actu","9":"tag-actualites","10":"tag-article-video","11":"tag-fr","12":"tag-france","13":"tag-guerre-en-ukraine-une-treve-sera-t-elle-possible","14":"tag-info","15":"tag-moscou","16":"tag-news","17":"tag-republique-francaise","18":"tag-russie","19":"tag-ukraine","20":"tag-ukraine-4-annee-de-guerre","21":"tag-ukraine-russie-lespoir-de-negociations-au-point-mort","22":"tag-video","23":"tag-video-international","24":"tag-volodymyr-zelensky"},"share_on_mastodon":{"url":"https:\/\/pubeurope.com\/@fr\/115480807817712838","error":""},"_links":{"self":[{"href":"https:\/\/www.europesays.com\/fr\/wp-json\/wp\/v2\/posts\/506989","targetHints":{"allow":["GET"]}}],"collection":[{"href":"https:\/\/www.europesays.com\/fr\/wp-json\/wp\/v2\/posts"}],"about":[{"href":"https:\/\/www.europesays.com\/fr\/wp-json\/wp\/v2\/types\/post"}],"author":[{"embeddable":true,"href":"https:\/\/www.europesays.com\/fr\/wp-json\/wp\/v2\/users\/2"}],"replies":[{"embeddable":true,"href":"https:\/\/www.europesays.com\/fr\/wp-json\/wp\/v2\/comments?post=506989"}],"version-history":[{"count":0,"href":"https:\/\/www.europesays.com\/fr\/wp-json\/wp\/v2\/posts\/506989\/revisions"}],"wp:featuredmedia":[{"embeddable":true,"href":"https:\/\/www.europesays.com\/fr\/wp-json\/wp\/v2\/media\/506990"}],"wp:attachment":[{"href":"https:\/\/www.europesays.com\/fr\/wp-json\/wp\/v2\/media?parent=506989"}],"wp:term":[{"taxonomy":"category","embeddable":true,"href":"https:\/\/www.europesays.com\/fr\/wp-json\/wp\/v2\/categories?post=506989"},{"taxonomy":"post_tag","embeddable":true,"href":"https:\/\/www.europesays.com\/fr\/wp-json\/wp\/v2\/tags?post=506989"}],"curies":[{"name":"wp","href":"https:\/\/api.w.org\/{rel}","templated":true}]}}