{"id":506993,"date":"2025-11-02T15:28:15","date_gmt":"2025-11-02T15:28:15","guid":{"rendered":"https:\/\/www.europesays.com\/fr\/506993\/"},"modified":"2025-11-02T15:28:15","modified_gmt":"2025-11-02T15:28:15","slug":"alize-cornet-prend-les-renes-de-lequipe-de-france-feminine-de-tennis","status":"publish","type":"post","link":"https:\/\/www.europesays.com\/fr\/506993\/","title":{"rendered":"Aliz\u00e9 Cornet prend les r\u00eanes de l&rsquo;\u00e9quipe de France f\u00e9minine de tennis"},"content":{"rendered":"<p>Un nouveau visage pour raviver \u00ab\u00a0la passion du maillot bleu\u00a0\u00bb : <a href=\"https:\/\/www.laprovence.com\/article\/sports\/4395620723814714\/tennis-a-aix-loscar-regional-pour-alize-cornet\" target=\"_blank\" rel=\"noopener\">l&rsquo;ex-11e mondiale Aliz\u00e9 Cornet <\/a>a \u00e9t\u00e9 nomm\u00e9e en d\u00e9but d&rsquo;apr\u00e8s-midi capitaine de l&rsquo;\u00e9quipe de France de Billie Jean King Cup, avec pour mission de replacer rapidement les Bleues parmi les meilleures nations mondiales.<\/p>\n<p>Nomm\u00e9e moins de deux mois apr\u00e8s <a href=\"https:\/\/www.laprovence.com\/article\/sports\/32992589173873\/tennis-fin-de-carriere-pour-la-nicoise-alize-cornet-eliminee-au-1er-tour-de-roland-garros\" target=\"_blank\" rel=\"noopener\">la fin de sa deuxi\u00e8me carri\u00e8re professionnelle<\/a>, la Fran\u00e7aise de 35 ans a \u00e9t\u00e9 choisie pour son \u00ab\u00a0parcours d&rsquo;ancienne joueuse, son investissement dans le tennis fran\u00e7ais, son profil, sa motivation et sa disponibilit\u00e9\u00a0\u00bb, a \u00e9num\u00e9r\u00e9 la F\u00e9d\u00e9ration fran\u00e7aise de tennis (FFT) dans le communiqu\u00e9 annon\u00e7ant sa nomination.<\/p>\n<p>Si les noms d&rsquo;Am\u00e9lie Mauresmo ou de Pauline Parmentier avaient circul\u00e9 dans la presse pour succ\u00e9der <a href=\"https:\/\/www.laprovence.com\/article\/sports\/5793752\/benneteau-lelement-federateur.html\" target=\"_blank\" rel=\"noopener\">\u00e0 l&rsquo;ex-capitaine Julien Benneteau<\/a>, c&rsquo;est finalement une autre amoureuse du maillot tricolore qui a \u00e9t\u00e9 retenue.<\/p>\n<p>Outre ses quatre tournois olympiques entre 2008 et 2021, Aliz\u00e9 Cornet a disput\u00e9 pr\u00e8s de 40 rencontres sous le maillot bleu en BJK Cup (ex-Fed Cup), une comp\u00e9tition que la France a remport\u00e9e trois fois. Lors du dernier titre tricolore en 2019, Cornet faisait partie de la s\u00e9lection qui a battu l&rsquo;Australie en finale, m\u00eame si elle n&rsquo;a disput\u00e9 aucun match.<\/p>\n<p>Dans ses nouvelles fonctions de capitaine, Aliz\u00e9 Cornet aura \u00ab\u00a0\u00e0 c\u0153ur de construire un esprit d&rsquo;\u00e9quipe fort, fond\u00e9 sur l&rsquo;exigence, la solidarit\u00e9 et la passion du maillot bleu\u00a0\u00bb, a d\u00e9clar\u00e9 la laur\u00e9ate de six titres WTA, cit\u00e9e dans le communiqu\u00e9 de la FFT.<\/p>\n<p>La t\u00e2che sera d&rsquo;ampleur. D&rsquo;une part parce que la France a \u00e9t\u00e9 rel\u00e9gu\u00e9e fin 2024 au deuxi\u00e8me \u00e9chelon de la BJK Cup, et qu&rsquo;elle ne rejouera pas avant 2027 &#8211; au plus t\u00f4t &#8211; parmi les meilleures nations mondiales.<\/p>\n<p>D&rsquo;autre part, celle qui s&rsquo;est illustr\u00e9e aux c\u00f4t\u00e9s de Caroline Garcia, Kristina Mladenovic et Pauline Parmentier va devoir construire son collectif avec une nouvelle g\u00e9n\u00e9ration, emmen\u00e9e par la demi-finaliste de Roland-Garros Lo\u00efs Boisson (22 ans).<\/p>\n<p>Le prochain match de l&rsquo;\u00e9quipe de France de BJK Cup est programm\u00e9 dans la semaine du 6 avril 2026.<\/p>\n","protected":false},"excerpt":{"rendered":"Un nouveau visage pour raviver \u00ab\u00a0la passion du maillot bleu\u00a0\u00bb : l&rsquo;ex-11e mondiale Aliz\u00e9 Cornet a \u00e9t\u00e9 nomm\u00e9e&hellip;\n","protected":false},"author":2,"featured_media":506994,"comment_status":"","ping_status":"","sticky":false,"template":"","format":"standard","meta":{"footnotes":""},"categories":[4],"tags":[17,11,62882,8001,1011,27,10856,151,12,6020,62883,25,60],"class_list":{"0":"post-506993","1":"post","2":"type-post","3":"status-publish","4":"format-standard","5":"has-post-thumbnail","7":"category-france","8":"tag-17","9":"tag-actualites","10":"tag-alize","11":"tag-cornet","12":"tag-fr","13":"tag-france","14":"tag-lequipe","15":"tag-les","16":"tag-news","17":"tag-prend","18":"tag-renes","19":"tag-republique-francaise","20":"tag-sports"},"share_on_mastodon":{"url":"https:\/\/pubeurope.com\/@fr\/115480815374065513","error":""},"_links":{"self":[{"href":"https:\/\/www.europesays.com\/fr\/wp-json\/wp\/v2\/posts\/506993","targetHints":{"allow":["GET"]}}],"collection":[{"href":"https:\/\/www.europesays.com\/fr\/wp-json\/wp\/v2\/posts"}],"about":[{"href":"https:\/\/www.europesays.com\/fr\/wp-json\/wp\/v2\/types\/post"}],"author":[{"embeddable":true,"href":"https:\/\/www.europesays.com\/fr\/wp-json\/wp\/v2\/users\/2"}],"replies":[{"embeddable":true,"href":"https:\/\/www.europesays.com\/fr\/wp-json\/wp\/v2\/comments?post=506993"}],"version-history":[{"count":0,"href":"https:\/\/www.europesays.com\/fr\/wp-json\/wp\/v2\/posts\/506993\/revisions"}],"wp:featuredmedia":[{"embeddable":true,"href":"https:\/\/www.europesays.com\/fr\/wp-json\/wp\/v2\/media\/506994"}],"wp:attachment":[{"href":"https:\/\/www.europesays.com\/fr\/wp-json\/wp\/v2\/media?parent=506993"}],"wp:term":[{"taxonomy":"category","embeddable":true,"href":"https:\/\/www.europesays.com\/fr\/wp-json\/wp\/v2\/categories?post=506993"},{"taxonomy":"post_tag","embeddable":true,"href":"https:\/\/www.europesays.com\/fr\/wp-json\/wp\/v2\/tags?post=506993"}],"curies":[{"name":"wp","href":"https:\/\/api.w.org\/{rel}","templated":true}]}}