{"id":506995,"date":"2025-11-02T15:31:12","date_gmt":"2025-11-02T15:31:12","guid":{"rendered":"https:\/\/www.europesays.com\/fr\/506995\/"},"modified":"2025-11-02T15:31:12","modified_gmt":"2025-11-02T15:31:12","slug":"un-jeune-joueur-fait-ses-premiers-pas-face-a-paris-son-nom-va-vous-parler","status":"publish","type":"post","link":"https:\/\/www.europesays.com\/fr\/506995\/","title":{"rendered":"un jeune joueur fait ses premiers pas face \u00e0 Paris, son nom va vous parler"},"content":{"rendered":"<p>Ces p\u00e9riodes-l\u00e0 permettent r\u00e9guli\u00e8rement \u00e0 des jeunes talents de se r\u00e9v\u00e9ler. Pour la premi\u00e8re fois de la saison,<a href=\"https:\/\/www.quinzemondial.com\/top-14\/stade-toulousain-apres-sa-prolongation-mola-se-paie-dupont-et-lui-demande-dinviter-ses-coequipiers-820126\" target=\"_blank\" rel=\"noopener\"> le Stade Toulousain<\/a> devait composer avec les absences de nombreux internationaux pour <a href=\"https:\/\/www.quinzemondial.com\/top-14\/stade-toulousain-sorti-touche-capuozzo-donne-de-ses-nouvelles-820122\" target=\"_blank\" rel=\"noopener\">recevoir le Stade Fran\u00e7ais.<\/a> Alors que les blessures s\u2019accumulent dans le paquet d\u2019avant (Brennan, Mallez, Colombe, Cros, Banos\u2026) des jeunes joueurs ont profit\u00e9 des doublons pour se faire une place.<\/p>\n<p>Premi\u00e8re en pro pour Bonnard-Martin<\/p>\n<p>Si Rapha\u00ebl Portat et Malachi Hawkes ont carr\u00e9ment \u00e9t\u00e9 rappel\u00e9 de leur pr\u00eat \u00e0 Provence Rugby, Rom\u00e9o Bonnard-Martin \u00e9tait lui sur la feuille de match pour la premi\u00e8re fois de sa carri\u00e8re. D\u00e9j\u00e0 apparu en pr\u00e9paration, le troisi\u00e8me-ligne est entr\u00e9 en jeu en seconde p\u00e9riode et a particip\u00e9 \u00e0 la belle victoire des siens.<\/p>\n<p>Joueur \u00e0 la forte activit\u00e9 et consid\u00e9r\u00e9 comme une grande promesse, l\u2019international U20 vient d\u2019une famille bien connue des amateurs de rugby. Il n\u2019est autre que le fils de R\u00e9my Martin, international fran\u00e7ais ayant fait les beaux jours du Stade Fran\u00e7ais dans les ann\u00e9es 2010. Comme Alexandre Roumat, Paul Costes ou les fr\u00e8res Ntamack, il tentera d\u00e9sormais de se faire un pr\u00e9nom au Stade Toulousain.<\/p>\n<blockquote class=\"twitter-tweet\">\n<p dir=\"ltr\" lang=\"fr\">\ud83d\udd04 1\u00e8res \u00e0 Ernest pour Rapha\u00ebl Portat et Rom\u00e9o Bonnard-Martin \ud83d\udc4f <a href=\"https:\/\/t.co\/GsytvoTRYU\">pic.twitter.com\/GsytvoTRYU<\/a><\/p>\n<p>\u2014 Stade Toulousain (@StadeToulousain) <a href=\"https:\/\/twitter.com\/StadeToulousain\/status\/1984738335831543937?ref_src=twsrc%5Etfw\" target=\"_blank\" rel=\"noopener\">November 1, 2025<\/a><\/p>\n<\/blockquote>\n<p>Partagez cette info avec vos amis et vos proches en cliquant ici<br \/>Pour r\u00e9sumer<\/p>\n<p>Un jeune joueur du Stade Toulousain a profit\u00e9 de la r\u00e9ception du Stade Fran\u00e7ais pour disputer ses premi\u00e8res minutes en professionnel, apr\u00e8s \u00eatre d\u00e9j\u00e0 apparu lors de la pr\u00e9saison. Rom\u00e9o Bonnard-Martin s&rsquo;impose peu \u00e0 peu.<\/p>\n<p> <img decoding=\"async\" width=\"76\" height=\"76\" loading=\"lazy\" src=\"https:\/\/www.europesays.com\/fr\/wp-content\/uploads\/2025\/04\/avatar-quinze.png\" alt=\"La r\u00e9daction\"\/><script async src=\"https:\/\/platform.twitter.com\/widgets.js\" charset=\"utf-8\"><\/script><\/p>\n","protected":false},"excerpt":{"rendered":"Ces p\u00e9riodes-l\u00e0 permettent r\u00e9guli\u00e8rement \u00e0 des jeunes talents de se r\u00e9v\u00e9ler. Pour la premi\u00e8re fois de la saison,&hellip;\n","protected":false},"author":2,"featured_media":506996,"comment_status":"","ping_status":"","sticky":false,"template":"","format":"standard","meta":{"footnotes":""},"categories":[1416],"tags":[1011,27,479,1468,60,476,478],"class_list":{"0":"post-506995","1":"post","2":"type-post","3":"status-publish","4":"format-standard","5":"has-post-thumbnail","7":"category-rugby","8":"tag-fr","9":"tag-france","10":"tag-rugby","11":"tag-rugby-football","12":"tag-sports","13":"tag-stade-toulousain","14":"tag-top-14"},"share_on_mastodon":{"url":"https:\/\/pubeurope.com\/@fr\/115480827800684103","error":""},"_links":{"self":[{"href":"https:\/\/www.europesays.com\/fr\/wp-json\/wp\/v2\/posts\/506995","targetHints":{"allow":["GET"]}}],"collection":[{"href":"https:\/\/www.europesays.com\/fr\/wp-json\/wp\/v2\/posts"}],"about":[{"href":"https:\/\/www.europesays.com\/fr\/wp-json\/wp\/v2\/types\/post"}],"author":[{"embeddable":true,"href":"https:\/\/www.europesays.com\/fr\/wp-json\/wp\/v2\/users\/2"}],"replies":[{"embeddable":true,"href":"https:\/\/www.europesays.com\/fr\/wp-json\/wp\/v2\/comments?post=506995"}],"version-history":[{"count":0,"href":"https:\/\/www.europesays.com\/fr\/wp-json\/wp\/v2\/posts\/506995\/revisions"}],"wp:featuredmedia":[{"embeddable":true,"href":"https:\/\/www.europesays.com\/fr\/wp-json\/wp\/v2\/media\/506996"}],"wp:attachment":[{"href":"https:\/\/www.europesays.com\/fr\/wp-json\/wp\/v2\/media?parent=506995"}],"wp:term":[{"taxonomy":"category","embeddable":true,"href":"https:\/\/www.europesays.com\/fr\/wp-json\/wp\/v2\/categories?post=506995"},{"taxonomy":"post_tag","embeddable":true,"href":"https:\/\/www.europesays.com\/fr\/wp-json\/wp\/v2\/tags?post=506995"}],"curies":[{"name":"wp","href":"https:\/\/api.w.org\/{rel}","templated":true}]}}