{"id":5070,"date":"2025-04-06T10:50:08","date_gmt":"2025-04-06T10:50:08","guid":{"rendered":"https:\/\/www.europesays.com\/fr\/5070\/"},"modified":"2025-04-06T10:50:08","modified_gmt":"2025-04-06T10:50:08","slug":"laurent-ruquier-retrouve-une-chaine-de-tele-grace-a-larret-de-c8-et-nrj-12","status":"publish","type":"post","link":"https:\/\/www.europesays.com\/fr\/5070\/","title":{"rendered":"Laurent Ruquier retrouve une cha\u00eene de t\u00e9l\u00e9 gr\u00e2ce \u00e0 l\u2019arr\u00eat de C8 et NRJ 12"},"content":{"rendered":"<p>Depuis son d\u00e9part de France 2, il a connu une exp\u00e9rience rat\u00e9e sur BFMTV puis collabor\u00e9 avec TF1 pour \u00ab\u00a0Mask Singer\u00a0\u00bb, d\u00e9but juin, <a href=\"https:\/\/www.20minutes.fr\/arts-stars\/television\/laurent-ruquier\/\" class=\"color-ultramarine c-link\" target=\"_blank\" rel=\"noopener\">Laurent Ruquier<\/a> d\u00e9barque sur une nouvelle cha\u00eene\u00a0: la T18, <a href=\"http:\/\/leparisien.fr\/culture-loisirs\/tv\/laurent-ruquier-rejoint-t18-la-nouvelle-chaine-de-la-tnt-je-ne-pouvais-pas-refuser-05-04-2025-SOWQ7LR7GVG23OKFCX4HEDWIMY.php?ts=1743882464879\" target=\"_blank\" class=\"color-ultramarine c-link\" rel=\"noopener\">annonce Le Parisien<\/a>. Ce n\u2019est pas une ultime version de Terminator mais la cha\u00eene <a href=\"https:\/\/www.20minutes.fr\/dossier\/tnt\" class=\"color-ultramarine c-link\" target=\"_blank\" rel=\"noopener\">TNT<\/a> gratuite de l\u2019homme d\u2019affaires tch\u00e8que Daniel Kretinzky, propri\u00e9taire de ELLE, de T\u00e9l\u00e9 7 Jours et pr\u00e9c\u00e9demment actionnaire majeur du Monde.<\/p>\n<p>Selon le quotidien, Laurent Ruquier pr\u00e9sentera une \u00e9mission culturelle hebdomadaire, en fin de semaine. \u00ab\u00a0Participer \u00e0 une nouvelle aventure est toujours excitant et revenir \u00e0 une \u00e9mission d\u2019accueil sur l\u2019actualit\u00e9 culturelle, c\u2019est un bonheur suppl\u00e9mentaire.\u00a0\u00bb<\/p>\n<p>Matthieu Croissandeau et Ava Djamshidi \u00e9galement sur T18<\/p>\n<p>T18 doit arriver sur la TNT le 6\u00a0juin. Mais si rappelez-vous <a href=\"https:\/\/www.20minutes.fr\/arts-stars\/television\/4141325-20250301-fin-c8-guise-adieu-chaine-change-programmation-rediffuser-film-contre-avortement\" target=\"_blank\" class=\"color-ultramarine c-link\" rel=\"noopener\">l\u2019arr\u00eat de C8<\/a> et de NRJ 12 a profit\u00e9 \u00e0 la cha\u00eene du millionnaire tch\u00e8que et \u00e0 Ouest-France TV (pas besoin de vous dire qui est derri\u00e8re, hein\u00a0? Si\u00a0? Le quotidien r\u00e9gional Ouest-France).<\/p>\n<\/p>\n<p>Autres visages annonc\u00e9s sur T18\u00a0: Matthieu Croissandeau qui \u00e9tait en charge de l\u2019\u00e9dito politique de 7h50 sur BFMTV, et Ava Djamshidi, r\u00e9dactrice en chef du magazine ELLE. Le premier pr\u00e9sentera une quotidienne d\u2019actualit\u00e9, la seconde un d\u00e9bat en seconde partie de soir\u00e9e apr\u00e8s la diffusion d\u2019un documentaire. Le Parisien rappelle que pour d\u00e9crocher sa fr\u00e9quence TNT, T18 s\u2019est engag\u00e9e \u00e0 diffuser 3.000 heures de docus par an.<\/p>\n","protected":false},"excerpt":{"rendered":"Depuis son d\u00e9part de France 2, il a connu une exp\u00e9rience rat\u00e9e sur BFMTV puis collabor\u00e9 avec TF1&hellip;\n","protected":false},"author":2,"featured_media":5071,"comment_status":"","ping_status":"","sticky":false,"template":"","format":"standard","meta":{"footnotes":""},"categories":[1356],"tags":[58,3170,59,1011,27,1759,252,3171,1364],"class_list":{"0":"post-5070","1":"post","2":"type-post","3":"status-publish","4":"format-standard","5":"has-post-thumbnail","7":"category-television","8":"tag-divertissement","9":"tag-elle","10":"tag-entertainment","11":"tag-fr","12":"tag-france","13":"tag-laurent-ruquier","14":"tag-television","15":"tag-tnt","16":"tag-tv"},"share_on_mastodon":{"url":"https:\/\/pubeurope.com\/@fr\/114290637123299311","error":""},"_links":{"self":[{"href":"https:\/\/www.europesays.com\/fr\/wp-json\/wp\/v2\/posts\/5070","targetHints":{"allow":["GET"]}}],"collection":[{"href":"https:\/\/www.europesays.com\/fr\/wp-json\/wp\/v2\/posts"}],"about":[{"href":"https:\/\/www.europesays.com\/fr\/wp-json\/wp\/v2\/types\/post"}],"author":[{"embeddable":true,"href":"https:\/\/www.europesays.com\/fr\/wp-json\/wp\/v2\/users\/2"}],"replies":[{"embeddable":true,"href":"https:\/\/www.europesays.com\/fr\/wp-json\/wp\/v2\/comments?post=5070"}],"version-history":[{"count":0,"href":"https:\/\/www.europesays.com\/fr\/wp-json\/wp\/v2\/posts\/5070\/revisions"}],"wp:featuredmedia":[{"embeddable":true,"href":"https:\/\/www.europesays.com\/fr\/wp-json\/wp\/v2\/media\/5071"}],"wp:attachment":[{"href":"https:\/\/www.europesays.com\/fr\/wp-json\/wp\/v2\/media?parent=5070"}],"wp:term":[{"taxonomy":"category","embeddable":true,"href":"https:\/\/www.europesays.com\/fr\/wp-json\/wp\/v2\/categories?post=5070"},{"taxonomy":"post_tag","embeddable":true,"href":"https:\/\/www.europesays.com\/fr\/wp-json\/wp\/v2\/tags?post=5070"}],"curies":[{"name":"wp","href":"https:\/\/api.w.org\/{rel}","templated":true}]}}