{"id":50700,"date":"2025-04-25T02:47:13","date_gmt":"2025-04-25T02:47:13","guid":{"rendered":"https:\/\/www.europesays.com\/fr\/50700\/"},"modified":"2025-04-25T02:47:13","modified_gmt":"2025-04-25T02:47:13","slug":"malo-stevant-atteindre-le-maximum-de-mes-capacites-actualite","status":"publish","type":"post","link":"https:\/\/www.europesays.com\/fr\/50700\/","title":{"rendered":"Malo Stevant : \u00ab Atteindre le maximum de mes capacit\u00e9s \u00bb &#8211; Actualit\u00e9"},"content":{"rendered":"<p style=\"text-align: justify;\"><strong>Malo Stevant a quitt\u00e9 le Loir-et-Cher avec le sourire. \u201cC\u2019est plut\u00f4t une bonne surprise\u201d. L\u2019actuel 6e du Challenge DV Amateurs n\u2019\u00e9tait pas certain de pouvoir briller sur l\u2019\u00e9preuve de Classe 2 mais il s\u2019en est tr\u00e8s bien tir\u00e9 avec trois accessits sur des \u00e9tapes et un Top 15 au g\u00e9n\u00e9ral final (<strong><a href=\"https:\/\/www.directvelo.com\/epreuve\/45601\/tour-du-loir-et-cher-2025\" target=\"_blank\" rel=\"noopener\">voir classements<\/a><\/strong>). \u201cJ\u2019appr\u00e9hendais ce type de course, ce n\u2019est pas le profil id\u00e9al pour moi qui suis plut\u00f4t l\u00e9ger et pr\u00e9f\u00e8re les parcours compliqu\u00e9s et physiques. Mais finalement, c\u2019\u00e9tait une bonne semaine\u201d, se f\u00e9licite-t-il.<br \/>\u201cJ\u2019ai fait une belle premi\u00e8re \u00e9tape\u201d &#8211; celle qui lui convenait le mieux &#8211; \u201csur des bosses tr\u00e8s courtes et raides. Ensuite, il a fallu faire attention aux chutes et aux bordures. J\u2019esp\u00e9rais prendre des bonifs mais je suis toujours pass\u00e9 \u00e0 c\u00f4t\u00e9. C\u2019\u00e9tait une semaine compl\u00e8te. J\u2019en ressors avec du positif. Je suis m\u00eame parvenu \u00e0 faire des places sur les sprints. Normalement, ce n\u2019est pas mon domaine de pr\u00e9dilection mais apr\u00e8s 200 bornes, ce n\u2019est plus tout \u00e0 fait la m\u00eame chose\u201d, analyse le soci\u00e9taire de Dinan Sport Cycling au moment de faire le bilan de l\u2019\u00e9preuve.<br \/>UNE ANN\u00c9E POUR TENTER LE COUP<br \/>Le voil\u00e0 qui va encha\u00eener d\u00e8s ce jeudi avec le Tour de Bretagne, peut-\u00eatre bien LE plus gros morceau de sa saison. \u201cJ\u2019y \u00e9tais un peu juste l\u2019an dernier mais cette ann\u00e9e, j\u2019ai plus le temps de borner\u201d. Surtout, Malo Stevant va se pr\u00e9senter sur la course d\u2019une semaine avec le plein de confiance apr\u00e8s avoir encha\u00een\u00e9 les bons r\u00e9sultats depuis f\u00e9vrier. Alors, qu\u2019esp\u00e9rer de ce Tour de Bretagne ? \u201cJe vais essayer de faire encore mieux qu\u2019au Loir-et-Cher. Les premi\u00e8res \u00e9tapes seront compliqu\u00e9es pour moi, plut\u00f4t plates. Les troisi\u00e8me et quatri\u00e8me journ\u00e9es, \u00e7a pourrait \u00eatre int\u00e9ressant. Je ne sais pas si je peux esp\u00e9rer plut\u00f4t un bon r\u00e9sultat sur une \u00e9tape ou jouer le g\u00e9n\u00e9ral. Il faudra voir en cours de route\u201d, imagine l\u2019athl\u00e8te de 22 ans.<br \/>Dipl\u00f4m\u00e9 de son \u00e9cole d\u2019infirmiers l\u2019an pass\u00e9, il ne fait plus que du v\u00e9lo en 2025. Avec, forc\u00e9ment, une id\u00e9e derri\u00e8re la t\u00eate. \u201cJe veux atteindre le maximum de mes capacit\u00e9s et pourquoi pas essayer de passer pro, d\u2019abord en me faisant plaisir sur le v\u00e9lo\u201d. Un tr\u00e8s gros coup sur le Tour de Bretagne pourrait clairement l\u2019aider \u00e0 atteindre cet objectif. \u201cSur le papier, l\u2019ensemble du parcours est peut-\u00eatre un peu moins dur que l\u2019an pass\u00e9. Il faudra voir ce qu\u2019il est possible de faire\u201d. R\u00e9ponse tr\u00e8s prochainement.\u00a0 \u00a0 <\/strong><\/p>\n","protected":false},"excerpt":{"rendered":"Malo Stevant a quitt\u00e9 le Loir-et-Cher avec le sourire. \u201cC\u2019est plut\u00f4t une bonne surprise\u201d. L\u2019actuel 6e du Challenge&hellip;\n","protected":false},"author":2,"featured_media":50701,"comment_status":"","ping_status":"","sticky":false,"template":"","format":"standard","meta":{"footnotes":""},"categories":[1411],"tags":[834,828,836,829,837,827,83,826,824,823,1154,207,814,817,815,816,822,821,832,211,839,1011,27,820,818,819,835,831,830,833,838,60,212,208,825],"class_list":{"0":"post-50700","1":"post","2":"type-post","3":"status-publish","4":"format-standard","5":"has-post-thumbnail","7":"category-cyclisme","8":"tag-attaque","9":"tag-belgique","10":"tag-braquet","11":"tag-bretagne","12":"tag-chute","13":"tag-competition","14":"tag-coupe-de-france","15":"tag-coureur","16":"tag-course-cyclisme","17":"tag-course-cycliste","18":"tag-cycling","19":"tag-cyclisme","20":"tag-direct","21":"tag-direct-velo","22":"tag-directvelo","23":"tag-directvelo-com","24":"tag-epreuve","25":"tag-epreuve-cycliste","26":"tag-federation-francaise-de-cyclisme","27":"tag-ffc","28":"tag-flandres","29":"tag-fr","30":"tag-france","31":"tag-live","32":"tag-live-course","33":"tag-live-epreuve","34":"tag-peloton","35":"tag-radio-peloton","36":"tag-radio-tour","37":"tag-ravitaillement","38":"tag-relance","39":"tag-sports","40":"tag-uci","41":"tag-velo","42":"tag-velos"},"share_on_mastodon":{"url":"https:\/\/pubeurope.com\/@fr\/114396321869748230","error":""},"_links":{"self":[{"href":"https:\/\/www.europesays.com\/fr\/wp-json\/wp\/v2\/posts\/50700","targetHints":{"allow":["GET"]}}],"collection":[{"href":"https:\/\/www.europesays.com\/fr\/wp-json\/wp\/v2\/posts"}],"about":[{"href":"https:\/\/www.europesays.com\/fr\/wp-json\/wp\/v2\/types\/post"}],"author":[{"embeddable":true,"href":"https:\/\/www.europesays.com\/fr\/wp-json\/wp\/v2\/users\/2"}],"replies":[{"embeddable":true,"href":"https:\/\/www.europesays.com\/fr\/wp-json\/wp\/v2\/comments?post=50700"}],"version-history":[{"count":0,"href":"https:\/\/www.europesays.com\/fr\/wp-json\/wp\/v2\/posts\/50700\/revisions"}],"wp:featuredmedia":[{"embeddable":true,"href":"https:\/\/www.europesays.com\/fr\/wp-json\/wp\/v2\/media\/50701"}],"wp:attachment":[{"href":"https:\/\/www.europesays.com\/fr\/wp-json\/wp\/v2\/media?parent=50700"}],"wp:term":[{"taxonomy":"category","embeddable":true,"href":"https:\/\/www.europesays.com\/fr\/wp-json\/wp\/v2\/categories?post=50700"},{"taxonomy":"post_tag","embeddable":true,"href":"https:\/\/www.europesays.com\/fr\/wp-json\/wp\/v2\/tags?post=50700"}],"curies":[{"name":"wp","href":"https:\/\/api.w.org\/{rel}","templated":true}]}}