{"id":507007,"date":"2025-11-02T15:41:15","date_gmt":"2025-11-02T15:41:15","guid":{"rendered":"https:\/\/www.europesays.com\/fr\/507007\/"},"modified":"2025-11-02T15:41:15","modified_gmt":"2025-11-02T15:41:15","slug":"et-pendant-que-la-france-tente-de-voter-un-budget-emmanuel-macron-partira-la-semaine-prochaine-en-voyage-dabord-au-bresil-quelques-jours-avant-le-debut-de-la-cop30-puis-au-mexique-en-visite-offi","status":"publish","type":"post","link":"https:\/\/www.europesays.com\/fr\/507007\/","title":{"rendered":"Et pendant que la France tente de voter un budget, Emmanuel Macron partira la semaine prochaine en voyage, d&rsquo;abord au Br\u00e9sil, quelques jours avant le d\u00e9but de la COP30, puis au Mexique, en visite officielle"},"content":{"rendered":"<p>Le pr\u00e9sident fran\u00e7ais, Emmanuel Macron, effectuera deux d\u00e9placements la semaine prochaine en Am\u00e9rique latine, d&rsquo;abord au Br\u00e9sil, quelques jours avant le d\u00e9but de la COP30, puis au Mexique, en visite officielle, a indiqu\u00e9 l&rsquo;Elys\u00e9e. Moins d&rsquo;une semaine avant la COP30, conf\u00e9rence annuelle sur les n\u00e9gociations climatiques, du 10 au 21 novembre, le chef de l&rsquo;Etat est attendu du 5 au 6 novembre au Br\u00e9sil, pour participer notamment \u00e0 un rassemblement de chefs d&rsquo;Etat qui se tiendra \u00e0 Belem, ville portuaire d&rsquo;Amazonie.<\/p>\n<p>Emmanuel Macron se rendra le 5 novembre, \u00e0 Salvador de Bahia pour \u00abconfirmer la densit\u00e9 de notre partenariat avec le Br\u00e9sil\u00bb mais aussi \u00abc\u00e9l\u00e9brer et travailler avec Brasilia \u00e0 une relation transaltique r\u00e9imagin\u00e9e, associant nos partenaires africains\u00bb, a expliqu\u00e9 l&rsquo;Elys\u00e9e.<\/p>\n<p>En ce sens, le pr\u00e9sident fran\u00e7ais visitera la galerie du photographe Pierre Verger, \u00abfigure embl\u00e9matique du dialogue entre les cultures europ\u00e9ennes et afro-altantiques\u00bb. Ou encore l&rsquo;exposition \u00abJe suis un fleuve noir\u00bb, dont la commissaire, la Franco-s\u00e9n\u00e9galaise Salima Tadiop, est r\u00e9sidente de la Villa Fatoumbi, un programme d&rsquo;\u00e9change transaltique qui met en relation des artistes, institutions, festivals et structures culturelles en France, au Br\u00e9sil et en Afrique.<\/p>\n<p>Dans la soir\u00e9e du 6 novembre, Emmanuel Macron partira de Bel\u00e9m pour se rendre au Mexique jusqu&rsquo;au 7 novembre.<\/p>\n<p>Il s&rsquo;agira de sa premi\u00e8re visite officielle depuis la prise de fonction de la pr\u00e9sidente, Claudia Sheinbaum, il y a tout juste un an.<\/p>\n<p>Selon l&rsquo;\u00c9lys\u00e9e, la venue du pr\u00e9sident fran\u00e7ais visera \u00e0 renforcer les liens politiques et strat\u00e9giques entre la France et le Mexique, respect du multilat\u00e9ralisme, engagements dans la lutte contre le changement climatique, solidarit\u00e9 internationale, diplomatie f\u00e9ministe mais aussi \u00e0 approfondir leurs liens \u00e9conomiques.<\/p>\n","protected":false},"excerpt":{"rendered":"Le pr\u00e9sident fran\u00e7ais, Emmanuel Macron, effectuera deux d\u00e9placements la semaine prochaine en Am\u00e9rique latine, d&rsquo;abord au Br\u00e9sil, quelques&hellip;\n","protected":false},"author":2,"featured_media":507008,"comment_status":"","ping_status":"","sticky":false,"template":"","format":"standard","meta":{"footnotes":""},"categories":[1356],"tags":[58,1073,59,1011,27,5697,252,1364,586],"class_list":{"0":"post-507007","1":"post","2":"type-post","3":"status-publish","4":"format-standard","5":"has-post-thumbnail","7":"category-television","8":"tag-divertissement","9":"tag-emmanuel-macron","10":"tag-entertainment","11":"tag-fr","12":"tag-france","13":"tag-mexique","14":"tag-television","15":"tag-tv","16":"tag-voyage"},"share_on_mastodon":{"url":"https:\/\/pubeurope.com\/@fr\/115480866620985610","error":""},"_links":{"self":[{"href":"https:\/\/www.europesays.com\/fr\/wp-json\/wp\/v2\/posts\/507007","targetHints":{"allow":["GET"]}}],"collection":[{"href":"https:\/\/www.europesays.com\/fr\/wp-json\/wp\/v2\/posts"}],"about":[{"href":"https:\/\/www.europesays.com\/fr\/wp-json\/wp\/v2\/types\/post"}],"author":[{"embeddable":true,"href":"https:\/\/www.europesays.com\/fr\/wp-json\/wp\/v2\/users\/2"}],"replies":[{"embeddable":true,"href":"https:\/\/www.europesays.com\/fr\/wp-json\/wp\/v2\/comments?post=507007"}],"version-history":[{"count":0,"href":"https:\/\/www.europesays.com\/fr\/wp-json\/wp\/v2\/posts\/507007\/revisions"}],"wp:featuredmedia":[{"embeddable":true,"href":"https:\/\/www.europesays.com\/fr\/wp-json\/wp\/v2\/media\/507008"}],"wp:attachment":[{"href":"https:\/\/www.europesays.com\/fr\/wp-json\/wp\/v2\/media?parent=507007"}],"wp:term":[{"taxonomy":"category","embeddable":true,"href":"https:\/\/www.europesays.com\/fr\/wp-json\/wp\/v2\/categories?post=507007"},{"taxonomy":"post_tag","embeddable":true,"href":"https:\/\/www.europesays.com\/fr\/wp-json\/wp\/v2\/tags?post=507007"}],"curies":[{"name":"wp","href":"https:\/\/api.w.org\/{rel}","templated":true}]}}