{"id":507011,"date":"2025-11-02T15:43:19","date_gmt":"2025-11-02T15:43:19","guid":{"rendered":"https:\/\/www.europesays.com\/fr\/507011\/"},"modified":"2025-11-02T15:43:19","modified_gmt":"2025-11-02T15:43:19","slug":"malgre-lechec-au-box-office-dexpendables-4-une-suite-est-elle-prevue","status":"publish","type":"post","link":"https:\/\/www.europesays.com\/fr\/507011\/","title":{"rendered":"Malgr\u00e9 l\u2019\u00e9chec au box-office d\u2019Expendables 4, une suite est-elle pr\u00e9vue ?"},"content":{"rendered":"<p>Le quatri\u00e8me volet de la saga Expendables est diffus\u00e9 ce dimanche 2 novembre 2025 \u00e0 21h10 sur TF1. Malgr\u00e9 son flop au box-office mondial, une suite est-elle envisag\u00e9e ?<\/p>\n<p>Il aura fallu attendre pr\u00e8s de 10 ans avant la sortie du quatri\u00e8me opus de la saga Expendables, r\u00e9alis\u00e9 par Scott Waugh. Projet\u00e9 dans les salles fran\u00e7aises en octobre\u00a02023, Expendables 4 r\u00e9unit un paquet de stars internationales telles que <a href=\"https:\/\/www.programme-tv.net\/biographie\/48959-50-cent\/\" data-link-people=\"54ac4968-f23d-48c9-97bc-ad48f52f54bc\" rel=\"nofollow noopener\" target=\"_blank\">50 Cent<\/a>, <a href=\"https:\/\/www.programme-tv.net\/biographie\/33739-fox-megan\/\" data-link-people=\"52f5a9b0-ab93-4878-be90-6a6192146d9d\" rel=\"nofollow noopener\" target=\"_blank\">Megan Fox<\/a> ou encore Tony Jaa. Un nouveau casting rajeuni qui succ\u00e8de \u00e0 celui des trois films pr\u00e9c\u00e9dents, qui avaient notamment vu la participation de <a href=\"https:\/\/www.programme-tv.net\/news\/cinema\/367514-expendables-bientot-un-nouveau-volet-de-la-saga-jean-claude-van-damme-nous-repond\/\" data-api-deeplink=\"teleloisirs:\/\/news\/367514\" rel=\"nofollow noopener\" target=\"_blank\">Jean-Claude Van Damme (dans E<\/a><a href=\"https:\/\/www.programme-tv.net\/news\/cinema\/367514-expendables-bientot-un-nouveau-volet-de-la-saga-jean-claude-van-damme-nous-repond\/\" data-api-deeplink=\"teleloisirs:\/\/news\/367514\" rel=\"nofollow noopener\" target=\"_blank\">xpendables 2<\/a><a href=\"https:\/\/www.programme-tv.net\/news\/cinema\/367514-expendables-bientot-un-nouveau-volet-de-la-saga-jean-claude-van-damme-nous-repond\/\" data-api-deeplink=\"teleloisirs:\/\/news\/367514\" rel=\"nofollow noopener\" target=\"_blank\">)<\/a>, Arnold Schwarzenegger (<a href=\"https:\/\/www.programme-tv.net\/news\/cinema\/357065-pourquoi-arnold-schwarzenegger-na-t-il-pas-repris-son-role-dans-expendables-4-quatrieme-opus-de-la-franchise\/\" data-api-deeplink=\"teleloisirs:\/\/news\/357065\" rel=\"nofollow noopener\" target=\"_blank\">grand<\/a> <a href=\"https:\/\/www.programme-tv.net\/news\/cinema\/357065-pourquoi-arnold-schwarzenegger-na-t-il-pas-repris-son-role-dans-expendables-4-quatrieme-opus-de-la-franchise\/\" data-api-deeplink=\"teleloisirs:\/\/news\/357065\" rel=\"nofollow noopener\" target=\"_blank\">absent<\/a><a href=\"https:\/\/www.programme-tv.net\/news\/cinema\/357065-pourquoi-arnold-schwarzenegger-na-t-il-pas-repris-son-role-dans-expendables-4-quatrieme-opus-de-la-franchise\/\" data-api-deeplink=\"teleloisirs:\/\/news\/357065\" rel=\"nofollow noopener\" target=\"_blank\"> de ce quatri\u00e8me film<\/a>) et Bruce Willis (<a href=\"https:\/\/www.programme-tv.net\/news\/cinema\/293626-pourquoi-bruce-willis-a-ete-vire-sur-expendables-3-apres-de-grosses-tensions-avec-sylvester-stallone\/\" data-api-deeplink=\"teleloisirs:\/\/news\/293626\" rel=\"nofollow noopener\" target=\"_blank\">qui avait \u00e9t\u00e9 \u00e9cart\u00e9 du troisi\u00e8me l<\/a><a href=\"https:\/\/www.programme-tv.net\/news\/cinema\/293626-pourquoi-bruce-willis-a-ete-vire-sur-expendables-3-apres-de-grosses-tensions-avec-sylvester-stallone\/\" data-api-deeplink=\"teleloisirs:\/\/news\/293626\" rel=\"nofollow noopener\" target=\"_blank\">ong-m\u00e9trage<\/a>). Quant \u00e0 Sylvester Stallone, Dolph Lundgren et <a href=\"https:\/\/www.programme-tv.net\/biographie\/19512-statham-jason\/\" data-link-people=\"3814097b-2a43-48e5-9764-900b5f8c8d62\" rel=\"nofollow noopener\" target=\"_blank\">Jason Statham<\/a>, ils reprennent leurs r\u00f4les respectifs dans ce quatri\u00e8me opus.<\/p>\n<p>Un \u00e9chec commercial retentissant pour Expendables 4<\/p>\n<p>Le quatri\u00e8me volet de la franchise a fait un \u00e9norme flop aux \u00c9tats-Unis et dans le reste du monde. Selon <a href=\"https:\/\/deadline.com\/\" rel=\"nofollow noopener\" target=\"_blank\">Deadline<\/a>, le film est un \u00e9norme \u00e9chec commercial avec seulement 8,3\u00a0millions de dollars de recettes pour un budget de 100\u00a0millions de dollars. En France, il n&rsquo;a attir\u00e9 que 327\u00a0756 spectateurs, bien moins que les pr\u00e9c\u00e9dents volets de la saga. Le troisi\u00e8me opus avait rassembl\u00e9 1\u00a0million de spectateurs, le deuxi\u00e8me 1,9\u00a0million, et le premier 1,6\u00a0million. Expendables 4 a m\u00eame \u00e9t\u00e9 nomm\u00e9 aux Razzie Awards 2024, une c\u00e9r\u00e9monie parodique qui r\u00e9compense les pires films, les pires acteurs, les pires sc\u00e9narios\u2026<\/p>\n<p>En janvier\u00a02024, l\u2019acteur de la franchise Dolph Lundgren s&rsquo;est exprim\u00e9 aupr\u00e8s du m\u00e9dia am\u00e9ricain Screen Rant sur les raisons de l&rsquo;\u00e9chec de Expendables 4. \u00ab\u00a0Ce projet a connu des probl\u00e8mes d\u00e8s le d\u00e9but, et en g\u00e9n\u00e9ral, \u00e7a commence d\u00e8s le sc\u00e9nario, qui n\u2019\u00e9tait pas bon. Je ne joue pas le r\u00f4le principal, il m\u2019est donc difficile de me prononcer sur certains de ses probl\u00e8mes, mais je sais que Stallone n\u2019\u00e9tait pas impliqu\u00e9, comme il l\u2019est d\u2019habitude. Il n\u2019a fait qu\u2019interpr\u00e9ter un personnage, et lorsqu\u2019il est aux commandes, la qualit\u00e9 est plut\u00f4t bonne, elle ne descend jamais en dessous d\u2019un certain niveau. Mais il n\u2019\u00e9tait pas impliqu\u00e9, donc je pense que le probl\u00e8me est venu du sc\u00e9nario, et le r\u00e9alisateur a \u00e9t\u00e9 remplac\u00e9 un mois avant le tournage.\u00a0\u00bb<\/p>\n<p>Une suite est-elle en pr\u00e9paration\u00a0?<\/p>\n<p>Des chiffres en baisse qui ne d\u00e9courageraient pas Sylvester Stallone. Dolph Lundgren a d\u00e9clar\u00e9 que Stallone serait en train d&rsquo;\u00e9crire le sc\u00e9nario d\u2019un cinqui\u00e8me volet. Peut-\u00eatre sera-t-il de nouveau aux commandes, comme il l\u2019avait fait pour le premier film\u00a0?<\/p>\n","protected":false},"excerpt":{"rendered":"Le quatri\u00e8me volet de la saga Expendables est diffus\u00e9 ce dimanche 2 novembre 2025 \u00e0 21h10 sur TF1.&hellip;\n","protected":false},"author":2,"featured_media":507012,"comment_status":"","ping_status":"","sticky":false,"template":"","format":"standard","meta":{"footnotes":""},"categories":[1354],"tags":[7363,1409,4422,244,58,59,62884,62886,62885,1346,1011,27,1403,1360,36266,5895],"class_list":{"0":"post-507011","1":"post","2":"type-post","3":"status-publish","4":"format-standard","5":"has-post-thumbnail","7":"category-films","8":"tag-arnold-schwarzenegger","9":"tag-bande-annonce","10":"tag-bruce-willis","11":"tag-commentaire","12":"tag-divertissement","13":"tag-entertainment","14":"tag-expendables","15":"tag-expendables-4","16":"tag-expendables-4-7192024-0907-pm-canal","17":"tag-films","18":"tag-fr","19":"tag-france","20":"tag-jean-claude-van-damme","21":"tag-movies","22":"tag-sorties-cinu00e9ma","23":"tag-sylvester-stallone"},"share_on_mastodon":{"url":"https:\/\/pubeurope.com\/@fr\/115480874533674640","error":""},"_links":{"self":[{"href":"https:\/\/www.europesays.com\/fr\/wp-json\/wp\/v2\/posts\/507011","targetHints":{"allow":["GET"]}}],"collection":[{"href":"https:\/\/www.europesays.com\/fr\/wp-json\/wp\/v2\/posts"}],"about":[{"href":"https:\/\/www.europesays.com\/fr\/wp-json\/wp\/v2\/types\/post"}],"author":[{"embeddable":true,"href":"https:\/\/www.europesays.com\/fr\/wp-json\/wp\/v2\/users\/2"}],"replies":[{"embeddable":true,"href":"https:\/\/www.europesays.com\/fr\/wp-json\/wp\/v2\/comments?post=507011"}],"version-history":[{"count":0,"href":"https:\/\/www.europesays.com\/fr\/wp-json\/wp\/v2\/posts\/507011\/revisions"}],"wp:featuredmedia":[{"embeddable":true,"href":"https:\/\/www.europesays.com\/fr\/wp-json\/wp\/v2\/media\/507012"}],"wp:attachment":[{"href":"https:\/\/www.europesays.com\/fr\/wp-json\/wp\/v2\/media?parent=507011"}],"wp:term":[{"taxonomy":"category","embeddable":true,"href":"https:\/\/www.europesays.com\/fr\/wp-json\/wp\/v2\/categories?post=507011"},{"taxonomy":"post_tag","embeddable":true,"href":"https:\/\/www.europesays.com\/fr\/wp-json\/wp\/v2\/tags?post=507011"}],"curies":[{"name":"wp","href":"https:\/\/api.w.org\/{rel}","templated":true}]}}